{"id":74,"date":"2016-04-14T15:40:00","date_gmt":"2016-04-14T15:40:00","guid":{"rendered":"https:\/\/aedecanarias.eu\/30-anos-de-la-adhesion-de-espana-a-la-ue"},"modified":"2016-04-14T15:40:00","modified_gmt":"2016-04-14T15:40:00","slug":"30-anos-de-la-adhesion-de-espana-a-la-ue","status":"publish","type":"post","link":"https:\/\/aedecanarias.eu\/?p=74","title":{"rendered":"30 a\u00f1os de la Adhesi\u00f3n de Espa\u00f1a a la UE"},"content":{"rendered":"\n<div class=\"twitter-share\"><a href=\"https:\/\/twitter.com\/intent\/tweet?via=aedecanarias\" class=\"twitter-share-button\" data-size=\"large\">Twittear<\/a><\/div>\n<div style=\"border: 0px; color: #195b92; float: none; font-family: Arial, Helvetica, sans-serif; font-size: 11px; font-weight: bold; line-height: inherit; margin: 0px; padding: 0px; vertical-align: baseline;\">07\/04\/2016<\/div>\n<h1 style=\"border: 0px; color: #13334d; font-family: Arial, Helvetica, sans-serif; font-size: 22px; line-height: 1em; margin: 0px 0px 12px; padding: 0px; vertical-align: baseline;\"><span style=\"border: 0px; font-family: inherit; font-size: inherit; font-style: inherit; font-variant-caps: inherit; font-weight: inherit; line-height: inherit; margin: 0px; padding: 0px; vertical-align: baseline;\">Las Instituciones Europeas en Espa\u00f1a ponen en marcha la campa\u00f1a \u201c30 A\u00f1os de Espa\u00f1a en la Uni\u00f3n Europea\u201d<\/span><\/h1>\n<div style=\"border: 0px; font-family: Arial, Helvetica, sans-serif; font-size: 12px; line-height: inherit; margin: 0px auto; padding: 0px; text-align: center; vertical-align: baseline;\">\n<figure style=\"border: 0px; font-family: inherit; font-size: inherit; font-style: inherit; font-variant-caps: inherit; line-height: inherit; margin: 0px; padding: 0px; vertical-align: baseline;\"><a href=\"http:\/\/www.europarl.es\/resource\/static\/images\/2016\/04\/comohemoscambiado.jpg\" rel=\"shadowbox\" style=\"border: 0px; color: #195b92; font-family: inherit; font-size: inherit; font-style: inherit; font-variant-caps: inherit; line-height: inherit; margin: 0px; padding: 0px; text-decoration: none; vertical-align: baseline;\" title=\"\"><img decoding=\"async\" alt=\"\" src=\"http:\/\/www.europarl.es\/transform\/standard\/galaxy-madrid\/content\/comp-146481719006792062366\/hash-1464961139034959970342058759714\/static\/images\/2016\/04\/comohemoscambiado.jpg\" style=\"border: 0px; font-family: inherit; font-size: inherit; font-style: inherit; font-variant-caps: inherit; line-height: inherit; margin: 0px; padding: 0px; vertical-align: baseline;\" \/><figcaption style=\"border: 0px; font-family: inherit; font-size: inherit; font-style: inherit; font-variant-caps: inherit; line-height: inherit; margin: 0px; padding: 0px; vertical-align: baseline;\"><\/figcaption><\/a><\/figure>\n<figure style=\"border: 0px; font-family: inherit; font-size: inherit; font-style: inherit; font-variant-caps: inherit; line-height: inherit; margin: 0px; padding: 0px; vertical-align: baseline;\"><\/figure>\n<\/div>\n<div style=\"border: 0px; font-family: Arial, Helvetica, sans-serif; font-size: 12px; font-weight: bold; line-height: 1.5em; margin-bottom: 12px; padding: 0px; text-align: center; vertical-align: baseline;\">#C\u00f3mohemoscambiado. Se trata de un gran proyecto colectivo, donde los ciudadanos participan en la web&nbsp;<a href=\"http:\/\/www.comohemoscambiado.eu\/\" style=\"border: 0px; color: #195b92; font-family: inherit; font-size: inherit; font-style: inherit; font-variant-caps: inherit; font-weight: inherit; line-height: inherit; margin: 0px; padding: 0px; text-decoration: none; vertical-align: baseline;\" target=\"blank\" rel=\"noopener\">www.comohemoscambiado.eu<\/a>&nbsp;<\/div>\n<div style=\"border: 0px; font-family: Arial, Helvetica, sans-serif; font-size: 12px; font-weight: bold; line-height: 1.5em; margin-bottom: 12px; padding: 0px; text-align: center; vertical-align: baseline;\">con fotograf\u00edas mostrando c\u00f3mo ha cambiado la sociedad espa\u00f1ola en estos 30 a\u00f1os<\/div>\n<div style=\"border: 0px; font-family: Arial, Helvetica, sans-serif; font-size: 12px; line-height: 1.5em; margin-bottom: 12px; padding: 0px; vertical-align: baseline;\">En el marco de las actividades dise\u00f1adas para conmemorar los 30 A\u00f1os de Espa\u00f1a en la Uni\u00f3n Europea, las instituciones comunitarias en Espa\u00f1a \u2013Parlamento Europeo y Comisi\u00f3n Europea- lanzan la p\u00e1gina web&nbsp;<a href=\"http:\/\/www.comohemoscambiado.eu\/\" style=\"border: 0px; color: #195b92; font-family: inherit; font-size: inherit; font-style: inherit; font-variant-caps: inherit; line-height: inherit; margin: 0px; padding: 0px; text-decoration: none; vertical-align: baseline;\" target=\"blank\" rel=\"noopener\">www.comohemoscambiado.eu<\/a>, un portal con vocaci\u00f3n coral que ofrecer\u00e1 la oportunidad a todos los ciudadanos de celebrar el aniversario con fotograf\u00edas suyas antiguas de 1986 en adelante. La idea es mostrar a la ciudadan\u00eda la enorme evoluci\u00f3n de nuestro pa\u00eds desde su entrada en el Club de los 28.<\/p>\n<p>El proyecto se complementar\u00e1 adem\u00e1s con la colocaci\u00f3n de fotograf\u00edas de grandes dimensiones en puntos emblem\u00e1ticos de Madrid y Barcelona, mostrando c\u00f3mo eran estos emplazamientos hace tres d\u00e9cadas e invitando a todos los transe\u00fantes a hacerse un selfie junto a las im\u00e1genes y compartir as\u00ed sus experiencias.<\/p>\n<p>Con todas las im\u00e1genes recogidas, a trav\u00e9s de la p\u00e1gina de internet o compartidas por los ciudadanos en Instagram o twitter con el hastag #comohemoscambiado, se realizar\u00e1 una selecci\u00f3n para editar un e-book que servir\u00e1 como recuerdo del proyecto europeo y que podr\u00e1 leerse en la web.<\/p><\/div>\n<div style=\"border: 0px; font-family: Arial, Helvetica, sans-serif; font-size: 12px; line-height: 1.5em; margin-bottom: 12px; padding: 0px; vertical-align: baseline;\"><\/div>\n<p><a name='more'><\/a><\/p>\n<div style=\"border: 0px; font-family: Arial, Helvetica, sans-serif; font-size: 12px; line-height: inherit; margin: 0px; padding: 0px; vertical-align: baseline;\">\n<h2 style=\"border: 0px; color: #13334d; font-family: inherit; font-size: 17px; font-style: inherit; font-variant-caps: inherit; line-height: 1em; margin: 0px 0px 12px; padding: 0px; vertical-align: baseline;\">30 a\u00f1os de la Adhesi\u00f3n de Espa\u00f1a a la UE<\/h2>\n<\/div>\n<div style=\"border: 0px; font-family: Arial, Helvetica, sans-serif; font-size: 12px; line-height: 1.5em; margin-bottom: 12px; padding: 0px; vertical-align: baseline;\">12 de junio de 1985: Detr\u00e1s de la decisi\u00f3n de Espa\u00f1a de firmar el Tratado de Adhesi\u00f3n a las entonces Comunidades Europeas se adivinaban las ansias de un pa\u00eds por consolidar una fr\u00e1gil democracia&nbsp;&nbsp;y modernizar un pa\u00eds anclado al otro lado de los Pirineos. Treinta a\u00f1os despu\u00e9s, las fotos de estas dos Espa\u00f1as poco tienen que ver: las profundas desigualdades econ\u00f3micas entre sus regiones, la modesta capacidad industrial del pa\u00eds, el modelo agr\u00edcola dominante, la falta de infraestructuras clave para la apertura del pa\u00eds al turismo y al mercado exterior apenas tienen reflejo en la moderna Espa\u00f1a de hoy.&nbsp;<\/p>\n<p>Los analistas se han referido a menudo a nuestro ingreso en la UE como el Plan Marshall que Espa\u00f1a nunca tuvo y tanto necesitaba para potenciar su desarrollo, destinando solo en fondos regionales (FEDER, FSE y Cohesi\u00f3n) m\u00e1s de 150.000 millones de euros desde 1986&nbsp;&nbsp;hasta hoy.<\/p>\n<p>Pero la apuesta por la Uni\u00f3n Europea nunca se entendi\u00f3 como un mero juego de sumas sino como un proyecto de paz, estabilidad y democracia. Tres d\u00e9cadas de pertenencia al club Europeo no han limitado sus efectos a la transformaci\u00f3n econ\u00f3mica del pa\u00eds, sino que han provocado avances important\u00edsimos en la modernizaci\u00f3n de la sociedad, la protecci\u00f3n de sus ciudadanos y consumidores, la pol\u00edtica exterior y los asuntos de justicia e interior.<\/p>\n<p>Son muchas las razones para conmemorar este aniversario: los avances espa\u00f1oles en la investigaci\u00f3n del c\u00e1ncer, el etiquetado de alimentos para mejorar nuestra seguridad alimentaria, la promoci\u00f3n de la agricultura biol\u00f3gica, la protecci\u00f3n de los consumidores que compran en Internet, la reducci\u00f3n de gastos en la factura cuando llamamos por tel\u00e9fono desde otro pa\u00eds de la Uni\u00f3n Europa, la defensa de tantos espacios naturales enmarcados en la Red Natura, los 14.000 kil\u00f3metros de autov\u00edas cofinanciadas con fondos europeos, las l\u00edneas ferroviarias de alta velocidad que hoy vertebran Espa\u00f1a, las becas Erasmus de los que somos primeros receptores y otro sinf\u00edn de avances son ejemplos hoy asumimos con toda naturalidad como \u201cmarca Europa\u201d.&nbsp;<\/p>\n<p>Es obvio sin embargo que la UE sigue siendo hoy una historia de \u00e9xito incompleto, en eterna transformaci\u00f3n y con grandes retos por delante como la recuperaci\u00f3n econ\u00f3mica, la gesti\u00f3n de la inmigraci\u00f3n, la lucha contra el terrorismo internacional. En todos ellos, sin embargo, Espa\u00f1a tendr\u00e1 importantes aportaciones que hacer como quinto pa\u00eds por peso y poblaci\u00f3n en este Club de los 28. Y las decisiones que se tomen en Europa para afrontar dichos retos continuar\u00e1n escribiendo las p\u00e1ginas hoy en blanco de nuestra historia nacional.&nbsp;<\/p><\/div>\n<div style=\"border: 0px; font-family: Arial, Helvetica, sans-serif; font-size: 12px; line-height: 1.5em; margin-bottom: 12px; padding: 0px; vertical-align: baseline;\">Para m\u00e1s informaci\u00f3n:<\/p>\n<p>Mar\u00eda Andr\u00e9s &#8211; Tel.: 91 4364730<br \/>E-mail:&nbsp;<a href=\"mailto:maria.andres@europarl.europa.eu\" style=\"background-image: url(http:\/\/www.europarl.es\/work_template\/galaxy-madrid\/madrid\/img\/icons-contact.png); background-position: 0% 3px; background-repeat: no-repeat no-repeat; border: 0px; color: #195b92; display: inline-block; font-family: inherit; font-size: inherit; font-style: inherit; font-variant-caps: inherit; line-height: inherit; margin: 0px; padding: 0px 0px 0px 20px; text-decoration: none; vertical-align: baseline;\">maria.andres@europarl.europa.eu<\/a><\/p>\n<p>Carlos Mart\u00edn Ruiz de Gordejuela \u2013 Tel.: 91 423 80 21<br \/>E-mail: Carlos Mart\u00edn Ruiz de Gordejuela&nbsp;&nbsp;&nbsp;<\/div>\n<div><\/div>\n","protected":false},"excerpt":{"rendered":"<p>07\/04\/2016 Las Instituciones Europeas en Espa\u00f1a ponen en marcha la campa\u00f1a \u201c30 A\u00f1os de Espa\u00f1a&#8230;<\/p>\n","protected":false},"author":2,"featured_media":0,"comment_status":"open","ping_status":"open","sticky":false,"template":"","format":"standard","meta":{"ngg_post_thumbnail":0,"footnotes":""},"categories":[1],"tags":[],"class_list":["post-74","post","type-post","status-publish","format-standard","hentry","category-hemeroteca"],"_links":{"self":[{"href":"https:\/\/aedecanarias.eu\/index.php?rest_route=\/wp\/v2\/posts\/74","targetHints":{"allow":["GET"]}}],"collection":[{"href":"https:\/\/aedecanarias.eu\/index.php?rest_route=\/wp\/v2\/posts"}],"about":[{"href":"https:\/\/aedecanarias.eu\/index.php?rest_route=\/wp\/v2\/types\/post"}],"author":[{"embeddable":true,"href":"https:\/\/aedecanarias.eu\/index.php?rest_route=\/wp\/v2\/users\/2"}],"replies":[{"embeddable":true,"href":"https:\/\/aedecanarias.eu\/index.php?rest_route=%2Fwp%2Fv2%2Fcomments&post=74"}],"version-history":[{"count":0,"href":"https:\/\/aedecanarias.eu\/index.php?rest_route=\/wp\/v2\/posts\/74\/revisions"}],"wp:attachment":[{"href":"https:\/\/aedecanarias.eu\/index.php?rest_route=%2Fwp%2Fv2%2Fmedia&parent=74"}],"wp:term":[{"taxonomy":"category","embeddable":true,"href":"https:\/\/aedecanarias.eu\/index.php?rest_route=%2Fwp%2Fv2%2Fcategories&post=74"},{"taxonomy":"post_tag","embeddable":true,"href":"https:\/\/aedecanarias.eu\/index.php?rest_route=%2Fwp%2Fv2%2Ftags&post=74"}],"curies":[{"name":"wp","href":"https:\/\/api.w.org\/{rel}","templated":true}]}}