{"id":72,"date":"2016-05-07T18:27:00","date_gmt":"2016-05-07T18:27:00","guid":{"rendered":"https:\/\/aedecanarias.eu\/9-de-mayo-dia-de-europa-4"},"modified":"2016-05-07T18:27:00","modified_gmt":"2016-05-07T18:27:00","slug":"9-de-mayo-dia-de-europa-4","status":"publish","type":"post","link":"https:\/\/aedecanarias.eu\/?p=72","title":{"rendered":"9 DE MAYO, D\u00cdA DE EUROPA"},"content":{"rendered":"\n<div class=\"twitter-share\"><a href=\"https:\/\/twitter.com\/intent\/tweet?via=aedecanarias\" class=\"twitter-share-button\" data-size=\"large\">Twittear<\/a><\/div>\n<div style=\"border: 0px; color: #404040; font-family: Georgia, 'Times New Roman', Times, serif; font-size: 17px; padding: 5px 0px;\"><\/div>\n<div style=\"clear: both; text-align: center;\"><a href=\"https:\/\/4.bp.blogspot.com\/-538fCV4TbAY\/Vy4zfyGX_ZI\/AAAAAAAAAhc\/91xYQBnskEUcoVlYRNNxMmnV7SHrFYXmgCLcB\/s1600\/Unknown.jpeg\" style=\"margin-left: 1em; margin-right: 1em;\"><img decoding=\"async\" border=\"0\" src=\"https:\/\/4.bp.blogspot.com\/-538fCV4TbAY\/Vy4zfyGX_ZI\/AAAAAAAAAhc\/91xYQBnskEUcoVlYRNNxMmnV7SHrFYXmgCLcB\/s1600\/Unknown.jpeg\" \/><\/a><\/div>\n<div style=\"border: 0px; color: #404040; font-family: Georgia, 'Times New Roman', Times, serif; font-size: 17px; padding: 5px 0px;\"><\/div>\n<div style=\"border: 0px; color: #404040; font-family: Georgia, 'Times New Roman', Times, serif; font-size: 17px; padding: 5px 0px;\">El D\u00eda de Europa celebra cada 9 de mayo la paz y la unidad del continente. La fecha es el aniversario de la hist\u00f3rica&nbsp;<a href=\"http:\/\/europa.eu\/about-eu\/basic-information\/symbols\/europe-day\/schuman-declaration\/index_es.htm\" style=\"border: 0px; color: #551a8b; font-family: inherit; font-style: inherit; margin: 0px; padding: 0px;\">declaraci\u00f3n de Schuman<\/a>. En un discurso pronunciado en Par\u00eds en 1950, el ministro franc\u00e9s de Asuntos Exteriores, Robert Schuman, expuso su idea de una nueva forma de cooperaci\u00f3n pol\u00edtica que hiciera impensable un conflicto b\u00e9lico entre las naciones europeas.<\/div>\n<div style=\"border: 0px; color: #404040; font-family: Georgia, 'Times New Roman', Times, serif; font-size: 17px; padding: 5px 0px;\">Esa idea era la de una instituci\u00f3n europea que mancomunara y gestionara la producci\u00f3n de carb\u00f3n y acero. Justo un a\u00f1o despu\u00e9s se firm\u00f3 el Tratado por el que se creaba esa instituci\u00f3n. La propuesta de Schuman se considera el comienzo de lo que es hoy la Uni\u00f3n Europea.<\/div>\n<h2 style=\"border: 0px; color: #333333; font-family: Arial, Helvetica, 'sans serif'; font-size: 1.375em; font-weight: normal; line-height: 1.3em; margin: 0px; padding-bottom: 15px; padding-left: 0px; padding-right: 0px; padding-top: 20px !important;\">Las instituciones de la UE celebran el D\u00eda de Europa<\/h2>\n<div style=\"border: 0px; color: #404040; font-family: Georgia, 'Times New Roman', Times, serif; font-size: 17px; padding-bottom: 5px; padding-left: 0px; padding-right: 0px; padding-top: 0px !important;\">Para celebrar el D\u00eda de Europa, a primeros de mayo las instituciones de la UE abren sus puertas a los ciudadanos en Bruselas y Estrasburgo. Las representaciones de la UE en Europa y el resto del mundo organizan una variedad de actividades y eventos para todas las edades.<\/div>\n<div style=\"border: 0px; color: #404040; font-family: Georgia, 'Times New Roman', Times, serif; font-size: 17px; padding: 5px 0px;\">Cada a\u00f1o son miles los asistentes a las visitas, debates, conciertos y otros actos que celebran el D\u00eda y dan a conocer la UE.<\/div>\n<div style=\"border: 0px; color: #404040; font-family: Georgia, 'Times New Roman', Times, serif; font-size: 17px; padding: 5px 0px;\"><a href=\"http:\/\/europeday.europa.eu\/desktop\/en\/countries\" style=\"border: 0px; color: #551a8b; font-family: inherit; font-style: inherit; margin: 0px; padding: 0px;\">Inf\u00f3rmate de las actividades del D\u00eda de Europa en 2016<\/a><\/div>\n<div style=\"border: 0px; color: #404040; font-family: Georgia, 'Times New Roman', Times, serif; font-size: 17px; padding: 5px 0px;\"><\/div>\n<div style=\"border: 0px; font-family: Georgia, 'Times New Roman', Times, serif; font-size: 17px; padding: 5px 0px;\"><span style=\"color: red;\">PUEDES DESCARGAR MATERIALES DID\u00c1CTICOS PARA TRABAJAR ESTE TEMA CON ALUMNOS EN:<\/span><\/div>\n<div style=\"border: 0px; font-family: Georgia, 'Times New Roman', Times, serif; font-size: 17px; padding: 5px 0px;\"><span style=\"color: red;\"><br \/><\/span><\/div>\n<div><a href=\"http:\/\/europa.eu\/publications\/slide-presentations\/index_es.htm\">La UE: diapositivas<\/a><\/div>\n<div><\/div>\n<div><\/div>\n","protected":false},"excerpt":{"rendered":"<p>El D\u00eda de Europa celebra cada 9 de mayo la paz y la unidad del&#8230;<\/p>\n","protected":false},"author":2,"featured_media":0,"comment_status":"open","ping_status":"open","sticky":false,"template":"","format":"standard","meta":{"ngg_post_thumbnail":0,"footnotes":""},"categories":[1],"tags":[],"class_list":["post-72","post","type-post","status-publish","format-standard","hentry","category-hemeroteca"],"_links":{"self":[{"href":"https:\/\/aedecanarias.eu\/index.php?rest_route=\/wp\/v2\/posts\/72","targetHints":{"allow":["GET"]}}],"collection":[{"href":"https:\/\/aedecanarias.eu\/index.php?rest_route=\/wp\/v2\/posts"}],"about":[{"href":"https:\/\/aedecanarias.eu\/index.php?rest_route=\/wp\/v2\/types\/post"}],"author":[{"embeddable":true,"href":"https:\/\/aedecanarias.eu\/index.php?rest_route=\/wp\/v2\/users\/2"}],"replies":[{"embeddable":true,"href":"https:\/\/aedecanarias.eu\/index.php?rest_route=%2Fwp%2Fv2%2Fcomments&post=72"}],"version-history":[{"count":0,"href":"https:\/\/aedecanarias.eu\/index.php?rest_route=\/wp\/v2\/posts\/72\/revisions"}],"wp:attachment":[{"href":"https:\/\/aedecanarias.eu\/index.php?rest_route=%2Fwp%2Fv2%2Fmedia&parent=72"}],"wp:term":[{"taxonomy":"category","embeddable":true,"href":"https:\/\/aedecanarias.eu\/index.php?rest_route=%2Fwp%2Fv2%2Fcategories&post=72"},{"taxonomy":"post_tag","embeddable":true,"href":"https:\/\/aedecanarias.eu\/index.php?rest_route=%2Fwp%2Fv2%2Ftags&post=72"}],"curies":[{"name":"wp","href":"https:\/\/api.w.org\/{rel}","templated":true}]}}