{"id":70,"date":"2016-06-24T22:15:00","date_gmt":"2016-06-24T22:15:00","guid":{"rendered":"https:\/\/aedecanarias.eu\/una-nueva-era-para-la-union-europea"},"modified":"2016-06-24T22:15:00","modified_gmt":"2016-06-24T22:15:00","slug":"una-nueva-era-para-la-union-europea","status":"publish","type":"post","link":"https:\/\/aedecanarias.eu\/?p=70","title":{"rendered":"UNA NUEVA ERA PARA LA UNI\u00d3N EUROPEA"},"content":{"rendered":"\n<div class=\"twitter-share\"><a href=\"https:\/\/twitter.com\/intent\/tweet?via=aedecanarias\" class=\"twitter-share-button\" data-size=\"large\">Twittear<\/a><\/div>\n<div style=\"clear: both; text-align: center;\"><a href=\"https:\/\/3.bp.blogspot.com\/-SshjIiJx9-k\/V22tcpprSUI\/AAAAAAAAFYI\/tzIGvf_fAiIXZKHieS_7rE08HxOcVyghQCLcB\/s1600\/images-1.jpeg\" style=\"margin-left: 1em; margin-right: 1em;\"><img decoding=\"async\" border=\"0\" src=\"https:\/\/3.bp.blogspot.com\/-SshjIiJx9-k\/V22tcpprSUI\/AAAAAAAAFYI\/tzIGvf_fAiIXZKHieS_7rE08HxOcVyghQCLcB\/s1600\/images-1.jpeg\" \/><\/a><\/div>\n<p><\/p>\n<div style=\"clear: both; text-align: center;\"><a href=\"https:\/\/3.bp.blogspot.com\/-DVmRn23suLM\/V22tcjgeWEI\/AAAAAAAAFYM\/OHxJgx9yYT4iugMOXgUfbW_vveyVi8P-wCLcB\/s1600\/images-2.jpeg\" style=\"margin-left: 1em; margin-right: 1em;\"><img decoding=\"async\" border=\"0\" src=\"https:\/\/3.bp.blogspot.com\/-DVmRn23suLM\/V22tcjgeWEI\/AAAAAAAAFYM\/OHxJgx9yYT4iugMOXgUfbW_vveyVi8P-wCLcB\/s1600\/images-2.jpeg\" \/><\/a><\/div>\n<div style=\"text-align: center;\"><span style=\"color: blue;\">TRAS EL RESULTADO DEL REFER\u00c9NDUM EN EL REINO UNIDO SOBRE SU NEGATIVA A SEGUIR SIENDO MIEMBRO DE LA UNI\u00d3N EUROPEA<\/span><\/div>\n<p><\/p>\n<div style=\"text-align: center;\">se pueden hacer interpretaciones individuales, colectivas, empresariales, pol\u00edticas&#8230;<\/p>\n<\/div>\n<div style=\"text-align: center;\">TODOS PERDEMOS en confianza, en los proyectos comunes, en las ideas, en las relaciones&#8230;<\/div>\n<div style=\"text-align: center;\">LA DEMOCRACIA Y LAS URNAS MERECEN TODO EL RESPETO.&nbsp;<\/div>\n<div style=\"text-align: center;\">SOMOS &nbsp;CIUDADANOS DEL MUNDO, PERO LA ETIQUETA DE&nbsp;<\/div>\n<div style=\"text-align: center;\">\u00abEUROPEOS\u00bb &nbsp;es especial y eso debe y estar\u00e1 presente.<\/div>\n<div style=\"text-align: center;\"><\/div>\n<div style=\"text-align: center;\">LOS PROBLEMAS DE EUROPA LOS DEBEMOS SOLUCIONAR LOS EUROPEOS.<\/p>\n<\/div>\n<div style=\"text-align: center;\">EL REINO UNIDO, DEBE AHORA, SOLUCIONAR LOS SUYOS.<\/p>\n<\/div>\n<div style=\"text-align: center;\">NO OLVIDEMOS QUE AUNQUE SEA UN DURO GOLPE PARA NUESTROS PRINCIPIOS, hemos sido c\u00f3mplices en la construcci\u00f3n europea y somos vecinos. Aunque especiales !<\/p>\n<p>Ahora somos 27 los pa\u00edses miembros. Se ha marchado uno de los m\u00e1s potentes en econom\u00eda.<br \/>Sus luchas internas y los fallos en la propia estructura europea han ayudado a que los brit\u00e1nicos tomen esa decisi\u00f3n.<\/p>\n<p>Ahora es cuando debemos aprovechar para corregir, adaptarnos a los nuevos tiempos y buscar soluciones y proyectos que potencien la idea original.<\/p>\n<p>Los ciudadanos europeos queremos estar presentes, que no lo decidan solo los pol\u00edticos.<\/p>\n<p>EUROPA SOMOS TODOS !<\/p>\n<\/div>\n","protected":false},"excerpt":{"rendered":"<p>TRAS EL RESULTADO DEL REFER\u00c9NDUM EN EL REINO UNIDO SOBRE SU NEGATIVA A SEGUIR SIENDO&#8230;<\/p>\n","protected":false},"author":2,"featured_media":0,"comment_status":"open","ping_status":"open","sticky":false,"template":"","format":"standard","meta":{"ngg_post_thumbnail":0,"footnotes":""},"categories":[1],"tags":[],"class_list":["post-70","post","type-post","status-publish","format-standard","hentry","category-hemeroteca"],"_links":{"self":[{"href":"https:\/\/aedecanarias.eu\/index.php?rest_route=\/wp\/v2\/posts\/70","targetHints":{"allow":["GET"]}}],"collection":[{"href":"https:\/\/aedecanarias.eu\/index.php?rest_route=\/wp\/v2\/posts"}],"about":[{"href":"https:\/\/aedecanarias.eu\/index.php?rest_route=\/wp\/v2\/types\/post"}],"author":[{"embeddable":true,"href":"https:\/\/aedecanarias.eu\/index.php?rest_route=\/wp\/v2\/users\/2"}],"replies":[{"embeddable":true,"href":"https:\/\/aedecanarias.eu\/index.php?rest_route=%2Fwp%2Fv2%2Fcomments&post=70"}],"version-history":[{"count":0,"href":"https:\/\/aedecanarias.eu\/index.php?rest_route=\/wp\/v2\/posts\/70\/revisions"}],"wp:attachment":[{"href":"https:\/\/aedecanarias.eu\/index.php?rest_route=%2Fwp%2Fv2%2Fmedia&parent=70"}],"wp:term":[{"taxonomy":"category","embeddable":true,"href":"https:\/\/aedecanarias.eu\/index.php?rest_route=%2Fwp%2Fv2%2Fcategories&post=70"},{"taxonomy":"post_tag","embeddable":true,"href":"https:\/\/aedecanarias.eu\/index.php?rest_route=%2Fwp%2Fv2%2Ftags&post=70"}],"curies":[{"name":"wp","href":"https:\/\/api.w.org\/{rel}","templated":true}]}}