{"id":69,"date":"2016-10-05T21:44:00","date_gmt":"2016-10-05T21:44:00","guid":{"rendered":"https:\/\/aedecanarias.eu\/el-pais-pilar-alvarez-5-octubre"},"modified":"2016-10-05T21:44:00","modified_gmt":"2016-10-05T21:44:00","slug":"el-pais-pilar-alvarez-5-octubre","status":"publish","type":"post","link":"https:\/\/aedecanarias.eu\/?p=69","title":{"rendered":"EL PAIS.- PILAR \u00c1LVAREZ &#8211; 5 OCTUBRE"},"content":{"rendered":"\n<div class=\"twitter-share\"><a href=\"https:\/\/twitter.com\/intent\/tweet?via=aedecanarias\" class=\"twitter-share-button\" data-size=\"large\">Twittear<\/a><\/div>\n<header style=\"border: 0px; box-sizing: border-box; color: #444444; font-family: 'Benton Sans', sans-serif; font-size: 17.007999420166016px; height: 231px; line-height: inherit; margin: 0px; padding: 0px; vertical-align: baseline;\">\n<div style=\"border: 0px; box-sizing: border-box; font-family: inherit; font-size: inherit; font-style: inherit; font-variant-caps: inherit; line-height: inherit; margin: 0px; padding: 0px 0px 0.625rem; vertical-align: baseline;\">\n<h1 itemprop=\"headline\" style=\"border: 0px; box-sizing: border-box; color: black; font-family: Majerit, serif; font-size: 2.47058em; font-style: inherit; font-variant-caps: inherit; letter-spacing: -1px; line-height: 47.902366638183594px; margin: 0px 0px 0.875rem; padding: 0px; vertical-align: baseline;\">16 pa\u00edses europeos pagan m\u00e1s al profesor por el rendimiento del alumno<\/h1>\n<div style=\"border: 0px; box-sizing: border-box; font-family: inherit; font-size: inherit; font-style: inherit; font-variant-caps: inherit; line-height: inherit; margin: 0px; padding: 0px; vertical-align: baseline;\">\n<h2 itemprop=\"alternativeHeadline\" style=\"border: 0px; box-sizing: border-box; font-family: Majerit, serif; font-size: 1.176em; font-style: inherit; font-variant-caps: inherit; font-weight: inherit; line-height: 27.00189971923828px; margin: 0px 0px 0.25rem; padding: 0px; vertical-align: baseline;\">Los docentes espa\u00f1oles, entre los que m\u00e1s tardan de la UE en alcanzar su sueldo tope<\/h2>\n<\/div>\n<\/div>\n<aside style=\"border: 0px; box-sizing: border-box; font-family: inherit; font-size: inherit; font-style: inherit; font-variant-caps: inherit; left: 0px; line-height: inherit; margin: 0px; padding: 0px; position: fixed; top: 3rem; vertical-align: baseline; width: 1108px; z-index: 50;\">\n<div style=\"-webkit-box-shadow: rgba(100, 100, 100, 0.0980392) 0px 0.25rem 0px 0px; background-color: white; border-bottom-color: rgba(100, 100, 100, 0.0980392); border-bottom-style: solid; border-top-color: rgba(100, 100, 100, 0.0980392); border-top-style: solid; border-width: 0.063rem 0px; box-shadow: rgba(100, 100, 100, 0.0980392) 0px 0.25rem 0px 0px; box-sizing: border-box; font-family: inherit; font-size: inherit; font-style: inherit; font-variant-caps: inherit; line-height: inherit; margin: 0px auto; max-width: 61.25rem; padding: 0.625rem 0px; vertical-align: baseline;\">\n<div style=\"border: 0px; box-sizing: border-box; float: left; font-family: inherit; font-size: inherit; font-style: inherit; font-variant-caps: inherit; line-height: inherit; margin: 0px; padding: 0px; vertical-align: baseline;\"><button style=\"-webkit-font-smoothing: antialiased; border-bottom-left-radius: 1.063rem; border-bottom-right-radius: 1.063rem; border-top-left-radius: 1.063rem; border-top-right-radius: 1.063rem; border: none; cursor: pointer; float: left; font-family: inherit; font-size: 2.125rem; font-variant-alternates: normal; font-variant-east-asian: normal; font-variant-ligatures: normal; font-variant-numeric: normal; font-variant-position: normal; height: 2.125rem; line-height: 2.125rem; margin: 0px 0.438rem 0px 0px; overflow: visible; padding: 0px; position: relative; text-indent: -9999px; width: 2.125rem;\"><\/button><button style=\"-webkit-font-smoothing: antialiased; border-bottom-left-radius: 1.063rem; border-bottom-right-radius: 1.063rem; border-top-left-radius: 1.063rem; border-top-right-radius: 1.063rem; border: none; cursor: pointer; float: left; font-family: inherit; font-size: 2.125rem; font-variant-alternates: normal; font-variant-east-asian: normal; font-variant-ligatures: normal; font-variant-numeric: normal; font-variant-position: normal; height: 2.125rem; line-height: 2.125rem; margin: 0px 0.438rem 0px 0px; overflow: visible; padding: 0px; position: relative; text-indent: -9999px; width: 2.125rem;\"><\/button><\/p>\n<div style=\"border: 0px; box-sizing: border-box; float: left; font-family: inherit; font-size: inherit; font-style: inherit; font-variant-caps: inherit; line-height: inherit; margin: 0px 0.438rem 0px 0px; min-height: 1.875rem; min-width: 1.875rem; padding: 0px; position: relative; vertical-align: baseline;\"><button style=\"-webkit-font-smoothing: antialiased; border-bottom-left-radius: 1.063rem; border-bottom-right-radius: 1.063rem; border-top-left-radius: 1.063rem; border-top-right-radius: 1.063rem; border: none; cursor: pointer; float: left; font-family: inherit; font-size: 2.125rem; font-variant-alternates: normal; font-variant-east-asian: normal; font-variant-ligatures: normal; font-variant-numeric: normal; font-variant-position: normal; height: 2.125rem; line-height: 2.125rem; margin: 0px; overflow: visible; padding: 0px; position: relative; text-indent: -9999px; width: 2.125rem;\">Otros<\/button><\/div>\n<p><a href=\"http:\/\/politica.elpais.com\/politica\/2016\/10\/05\/actualidad\/1475664984_888704.html#comentarios\" style=\"-webkit-font-smoothing: antialiased; background-color: #d0d0d0; border-bottom-left-radius: 1.063rem; border-bottom-right-radius: 1.063rem; border-top-left-radius: 1.063rem; border-top-right-radius: 1.063rem; border: 0px; box-sizing: border-box; color: #016ca2; display: inline-block; float: left; font-family: inherit; font-size: 2.125rem; font-variant-alternates: normal; font-variant-east-asian: normal; font-variant-ligatures: normal; font-variant-numeric: normal; font-variant-position: normal; height: 2.125rem; line-height: 2.125rem; margin: 0px 0.438rem 0px 0px; min-width: 2.125rem; padding: 0px; position: relative; text-decoration: none; vertical-align: baseline; width: auto;\"><\/a><\/div>\n<div style=\"border: 0px; box-sizing: border-box; float: right; font-family: inherit; font-size: inherit; font-style: inherit; font-variant-caps: inherit; line-height: inherit; margin: 0px; padding: 0px; vertical-align: baseline;\">\n<div style=\"border: 0px; box-sizing: border-box; float: left; font-family: inherit; font-size: inherit; font-style: inherit; font-variant-caps: inherit; line-height: inherit; margin: 0px 0px 0px 0.438rem; padding: 0px; position: relative; vertical-align: baseline;\"><a href=\"https:\/\/plus.elpais.com\/conectar?backURL=http%3A%2F%2Fpolitica.elpais.com%2Fpolitica%2F2016%2F10%2F05%2Factualidad%2F1475664984_888704.html\" style=\"-webkit-font-smoothing: antialiased; background-color: transparent; border-bottom-left-radius: 1.063rem; border-bottom-right-radius: 1.063rem; border-top-left-radius: 1.063rem; border-top-right-radius: 1.063rem; border: 0px; box-sizing: border-box; color: #016ca2; display: inline-block; float: left; font-family: inherit; font-size: 2.125rem; font-variant-alternates: normal; font-variant-east-asian: normal; font-variant-ligatures: normal; font-variant-numeric: normal; font-variant-position: normal; height: 2.125rem; line-height: 2.125rem; margin: 0px; padding: 0px; position: relative; text-decoration: none; text-indent: -9999px; vertical-align: baseline; width: 2.125rem;\" title=\"Tienes que estar registrado en EL PA\u00cdS y haber iniciado sesi\u00f3n para poder guardar en favoritos\">Con\u00e9ctate<\/a><\/div>\n<div style=\"border: 0px; box-sizing: border-box; float: left; font-family: inherit; font-size: inherit; font-style: inherit; font-variant-caps: inherit; line-height: inherit; margin: 0px 0px 0px 0.438rem; padding: 0px; position: relative; vertical-align: baseline;\"><a href=\"https:\/\/plus.elpais.com\/conectar?backURL=http%3A%2F%2Fpolitica.elpais.com%2Fpolitica%2F2016%2F10%2F05%2Factualidad%2F1475664984_888704.html\" style=\"-webkit-font-smoothing: antialiased; background-color: transparent; border-bottom-left-radius: 1.063rem; border-bottom-right-radius: 1.063rem; border-top-left-radius: 1.063rem; border-top-right-radius: 1.063rem; border: 0px; box-sizing: border-box; color: #016ca2; display: inline-block; float: left; font-family: inherit; font-size: 2.125rem; font-variant-alternates: normal; font-variant-east-asian: normal; font-variant-ligatures: normal; font-variant-numeric: normal; font-variant-position: normal; height: 2.125rem; line-height: 2.125rem; margin: 0px; padding: 0px; position: relative; text-decoration: none; text-indent: -9999px; vertical-align: baseline; width: 2.125rem;\" target=\"_blank\" title=\"Tienes que estar registrado en EL PA\u00cdS y haber iniciado sesi\u00f3n para enviar la noticia por correo\" rel=\"noopener\">Con\u00e9ctate<\/a><\/div>\n<p><button style=\"-webkit-font-smoothing: antialiased; border-bottom-left-radius: 1.063rem; border-bottom-right-radius: 1.063rem; border-top-left-radius: 1.063rem; border-top-right-radius: 1.063rem; border: none; cursor: pointer; float: left; font-family: inherit; font-size: 2.125rem; font-variant-alternates: normal; font-variant-east-asian: normal; font-variant-ligatures: normal; font-variant-numeric: normal; font-variant-position: normal; height: 2.125rem; line-height: 2.125rem; margin: 0px 0px 0px 0.438rem; overflow: visible; padding: 0px; position: relative; text-indent: -9999px; width: 2.125rem;\"><span style=\"border: 0px; box-sizing: border-box; font-family: inherit; font-size: inherit; font-style: inherit; font-variant-caps: inherit; line-height: inherit; margin: 0px; padding: 0px; vertical-align: baseline;\">Imprimir<\/span><\/button><\/div>\n<\/div>\n<\/aside>\n<\/header>\n<div style=\"border: 0px; box-sizing: border-box; color: #444444; font-family: 'Benton Sans', sans-serif; font-size: 17.007999420166016px; line-height: inherit; margin: 0px; padding: 0px; vertical-align: baseline;\">\n<div style=\"border: 0px; box-sizing: border-box; color: #a4a4a4; font-family: inherit; font-size: inherit; font-style: inherit; font-variant-caps: inherit; line-height: inherit; margin: 0px 0px 0.438rem; padding: 0px; vertical-align: baseline;\">\n<div itemprop=\"author\" itemscope=\"\" itemtype=\"http:\/\/schema.org\/Person\" style=\"border: 0px; box-sizing: border-box; float: left; font-family: inherit; font-size: inherit; font-style: inherit; font-variant-caps: inherit; line-height: inherit; margin: 0px 1.313rem 0px 0px; padding: 0px; position: relative; vertical-align: baseline;\">\n<div style=\"border: 0px; box-sizing: border-box; font-family: inherit; font-size: inherit; font-style: inherit; font-variant-caps: inherit; line-height: inherit; margin: 0px; padding: 0px; vertical-align: baseline;\"><span itemprop=\"name\" style=\"border: 0px; box-sizing: border-box; display: inline-block; float: left; font-family: inherit; font-size: 0.647em; font-style: inherit; font-variant-caps: inherit; font-weight: 700; line-height: 15.956053733825684px; margin: 0px; padding: 0px; text-transform: uppercase; vertical-align: baseline;\"><br \/><\/span><\/p>\n<div style=\"border: 0px; box-sizing: border-box; float: left; font-family: inherit; font-size: inherit; font-style: inherit; font-variant-caps: inherit; line-height: inherit; margin: 0px 0px 0px 0.625rem; padding: 0px; vertical-align: baseline;\">\n<ul style=\"border: 0px; box-sizing: border-box; display: inline; font-family: inherit; font-size: inherit; font-style: inherit; font-variant-caps: inherit; line-height: inherit; list-style: none; margin: 0px auto; padding: 0px; vertical-align: baseline;\">\n<li style=\"border: 0px; box-sizing: border-box; display: inline; float: left; font-family: inherit; font-size: inherit; font-style: inherit; font-variant-caps: inherit; height: auto; line-height: inherit; margin: 0px 0.125rem; max-height: 1rem; padding: 0px; vertical-align: baseline;\"><a href=\"https:\/\/twitter.com\/#!\/pilaralvarezm\" itemprop=\"sameAs\" rel=\"nofollow noopener\" style=\"-webkit-font-smoothing: antialiased; background-size: 1.125rem; border: 0px; box-sizing: border-box; color: #016ca2; display: block; font-family: inherit; font-size: 2.125rem; font-variant-alternates: normal; font-variant-east-asian: normal; font-variant-ligatures: normal; font-variant-numeric: normal; font-variant-position: normal; height: 1rem; line-height: 3rem; margin: 0px; padding: 0px; position: relative; text-decoration: none; text-indent: -9999px; vertical-align: baseline; width: 1.125rem;\" target=\"_blank\">Twitte<\/a><\/li>\n<\/ul>\n<\/div>\n<\/div>\n<\/div>\n<\/div>\n<div style=\"border: 0px; box-sizing: border-box; color: #a4a4a4; font-family: inherit; font-size: inherit; font-style: inherit; font-variant-caps: inherit; line-height: 1rem; margin: 0px 0px 1.25rem; padding: 0px; vertical-align: baseline;\"><time datetime=\"2016-10-05T18:15:52+02:00\" style=\"border: 0px; box-sizing: border-box; font-family: inherit; font-size: 0.647em; font-style: inherit; font-variant-caps: inherit; line-height: inherit; margin: 0px; padding: 0px; text-transform: uppercase; vertical-align: baseline;\"><\/time><\/div>\n<\/div>\n<div style=\"border: 0px; box-sizing: border-box; color: #444444; float: left; font-family: 'Benton Sans', sans-serif; font-size: 17.007999420166016px; line-height: inherit; margin: 0px; padding: 0px; vertical-align: baseline; width: 40rem;\">\n<figure itemprop=\"image\" itemscope=\"\" itemtype=\"http:\/\/schema.org\/ImageObject\" representativeofpage=\"true\" style=\"border: 0px; box-sizing: border-box; clear: both; font-family: inherit; font-size: inherit; font-style: inherit; font-variant-caps: inherit; line-height: inherit; margin: 0px auto 1.563rem; padding: 0px; position: relative; vertical-align: baseline;\"><a href=\"http:\/\/politica.elpais.com\/politica\/2016\/10\/05\/actualidad\/1475664984_888704.html\" style=\"border: none; box-sizing: border-box; color: #016ca2; display: block; font-family: inherit; font-size: inherit; font-style: inherit; font-variant-caps: inherit; line-height: inherit; margin: 0px; padding: 0px; position: relative; text-decoration: none; vertical-align: baseline;\" title=\"Ampliar foto\"><img loading=\"lazy\" decoding=\"async\" alt=\"Cinco alumnos en el aula con una profesora de M\u00fasica del Colegio Rural Agrupado.\" height=\"550\" itemprop=\"url\" src=\"http:\/\/ep01.epimg.net\/politica\/imagenes\/2016\/10\/05\/actualidad\/1475664984_888704_1475665549_noticia_normal.jpg\" srcset=\"http:\/\/ep01.epimg.net\/politica\/imagenes\/2016\/10\/05\/actualidad\/1475664984_888704_1475665549_noticia_normal_recorte1.jpg 1960x, http:\/\/ep01.epimg.net\/politica\/imagenes\/2016\/10\/05\/actualidad\/1475664984_888704_1475665549_noticia_normal_recorte2.jpg 720x, http:\/\/ep01.epimg.net\/politica\/imagenes\/2016\/10\/05\/actualidad\/1475664984_888704_1475665549_noticia_normal.jpg 980x\" style=\"border: 0px; box-sizing: border-box; display: block; font-family: inherit; font-size: inherit; font-style: inherit; font-variant-caps: inherit; height: auto; line-height: inherit; margin: 0px; max-width: 100%; padding: 0px; vertical-align: baseline;\" title=\"Cinco alumnos en el aula con una profesora de M\u00fasica del Colegio Rural Agrupado.\" width=\"980\" \/><span style=\"-webkit-font-smoothing: antialiased; background-image: url(http:\/\/ep01.epimg.net\/iconos\/v2.x\/v2.1\/icono-ampliar-foto.svg); background-position: 50% 50%; background-repeat: no-repeat no-repeat; background-size: contain; border: 0px; bottom: 0.688rem; box-sizing: border-box; display: inline-block; font-family: inherit; font-size: 2.125rem; font-variant-alternates: normal; font-variant-east-asian: normal; font-variant-ligatures: normal; font-variant-numeric: normal; font-variant-position: normal; height: auto; left: 0.688rem; line-height: 0; margin: 0px; max-height: 48px; max-width: 48px; padding: 0px; position: absolute; text-indent: -9999px; vertical-align: baseline; width: 48px;\">Ampliar foto<\/span><\/a><figcaption itemprop=\"caption\" style=\"border-bottom-color: rgb(208, 208, 208); border-bottom-style: dotted; border-width: 0px 0px 0.063rem; box-sizing: border-box; color: #646464; font-family: inherit; font-size: 0.764em; font-style: inherit; font-variant-caps: inherit; line-height: 14.033641815185547px; margin: 0px; padding: 0.313rem; text-align: right; vertical-align: baseline;\">Cinco alumnos en el aula con una profesora de M\u00fasica del Colegio Rural Agrupado.&nbsp;<span style=\"border: 0px; box-sizing: border-box; color: #111111; font-family: inherit; font-size: 0.846em; font-style: inherit; font-variant-caps: inherit; line-height: inherit; margin: 0px; padding: 0px; text-transform: uppercase; vertical-align: baseline;\">JAIME VILLANUEVA<\/span><\/figcaption><\/figure>\n<div itemprop=\"articleBody\" style=\"border: 0px; box-sizing: border-box; display: inline; float: none; font-family: inherit; font-size: inherit; font-style: inherit; font-variant-caps: inherit; line-height: 28.06319808959961px; margin: 0px; padding: 0px; vertical-align: baseline; width: auto;\">\n<div dir=\"ltr\" style=\"border: 0px; box-sizing: border-box; font-family: inherit; font-size: inherit; font-style: inherit; font-variant-caps: inherit; line-height: inherit; margin-bottom: 2.188rem; padding: 0px; vertical-align: baseline;\">\u201cLos buenos profesores no pueden cobrar lo mismo que los malos\u201d. Esta frase del catedr\u00e1tico de instituto y pedagogo&nbsp;<a href=\"http:\/\/elpais.com\/tag\/jose_antonio_marina\/a\" style=\"border-bottom-color: rgb(1, 108, 162); border-bottom-style: dotted; border-width: 0px 0px 0.063rem; box-sizing: border-box; color: #016ca2; font-family: inherit; font-size: inherit; font-style: inherit; font-variant-caps: inherit; line-height: inherit; margin: 0px; padding: 0px; text-decoration: none; vertical-align: baseline;\">Jos\u00e9 Antonio Marina<\/a>, autor del&nbsp;<a href=\"http:\/\/politica.elpais.com\/politica\/2015\/12\/04\/actualidad\/1449260808_843313.html\" style=\"border-bottom-color: rgb(1, 108, 162); border-bottom-style: dotted; border-width: 0px 0px 0.063rem; box-sizing: border-box; color: #016ca2; font-family: inherit; font-size: inherit; font-style: inherit; font-variant-caps: inherit; line-height: inherit; margin: 0px; padding: 0px; text-decoration: none; vertical-align: baseline;\">Libro Blanco de la Funci\u00f3n Docente<\/a>&nbsp;encargado en 2015 por el Ministerio de Educaci\u00f3n,&nbsp;<a href=\"http:\/\/politica.elpais.com\/politica\/2015\/11\/01\/actualidad\/1446406921_509380.html\" style=\"border-bottom-color: rgb(1, 108, 162); border-bottom-style: dotted; border-width: 0px 0px 0.063rem; box-sizing: border-box; color: #016ca2; font-family: inherit; font-size: inherit; font-style: inherit; font-variant-caps: inherit; line-height: inherit; margin: 0px; padding: 0px; text-decoration: none; vertical-align: baseline;\">levant\u00f3 una gran polvareda<\/a>. Es un planteamiento al que se oponen los sindicatos docentes en Espa\u00f1a, que piden que se eval\u00fae el sistema y no solo a los profesores. Con distintas f\u00f3rmulas, es un modelo que se ha abierto camino en otros 16 pa\u00edses de Europa, seg\u00fan un informe de la Comisi\u00f3n Europea sobre el salario de los docentes. El trabajo de la Comisi\u00f3n deja tambi\u00e9n al descubierto el anquilosamiento de la carrera profesional de los profesores espa\u00f1oles que ya han se\u00f1alado&nbsp;<a href=\"http:\/\/politica.elpais.com\/politica\/2016\/09\/14\/actualidad\/1473854823_735626.html\" style=\"border-bottom-color: rgb(1, 108, 162); border-bottom-style: dotted; border-width: 0px 0px 0.063rem; box-sizing: border-box; color: #016ca2; font-family: inherit; font-size: inherit; font-style: inherit; font-variant-caps: inherit; line-height: inherit; margin: 0px; padding: 0px; text-decoration: none; vertical-align: baseline;\">otros informes internacionales<\/a>. Est\u00e1n entre los que m\u00e1s tiempo tardan en llegar a su tope salarial: 39 a\u00f1os de carrera de media.<\/div>\n<section style=\"border-top-color: rgb(102, 102, 102); border-top-style: solid; border-width: 0.063rem 0px 0px; box-sizing: border-box; clear: both; float: right; font-family: inherit; font-size: inherit; font-style: inherit; font-variant-caps: inherit; line-height: inherit; margin: 0.5rem 0px 1.563rem 1.875rem; padding: 0px; vertical-align: baseline; width: 8.75rem;\"><a href=\"https:\/\/www.blogger.com\/null\" name=\"sumario_1\" style=\"border-bottom-color: rgb(1, 108, 162); border-bottom-style: dotted; border-width: 0px 0px 0.063rem; box-sizing: border-box; color: #016ca2; font-family: inherit; font-size: inherit; font-style: inherit; font-variant-caps: inherit; line-height: inherit; margin: 0px; padding: 0px; vertical-align: baseline;\"><\/a><\/p>\n<div style=\"border: 0px; box-sizing: border-box; font-family: inherit; font-size: inherit; font-style: inherit; font-variant-caps: inherit; line-height: inherit; margin: 0px; padding: 0px; vertical-align: baseline;\">\n<header style=\"border: 0px; box-sizing: border-box; clear: both; float: none; font-family: inherit; font-size: inherit; font-style: inherit; font-variant-caps: inherit; line-height: inherit; margin: 0px; padding: 0px; vertical-align: baseline;\">\n<h3 style=\"border: 0px; box-sizing: border-box; color: #111111; font-size: 0.706em; font-style: inherit; font-variant-caps: inherit; line-height: 16.930782318115234px; margin: 0px; padding: 0.563rem 0px 0.625rem; text-transform: uppercase; vertical-align: baseline;\"><span style=\"border: 0px; box-sizing: border-box; font-family: inherit; font-size: inherit; font-style: inherit; font-variant-caps: inherit; font-weight: inherit; line-height: inherit; margin: 0px; padding: 0px; vertical-align: baseline;\">M\u00c1S INFORMACI\u00d3N<\/span><\/h3>\n<\/header>\n<div style=\"border: 0px; box-sizing: border-box; font-family: inherit; font-size: 0.882em; font-style: inherit; font-variant-caps: inherit; line-height: 24.751741409301758px; margin: 0px; padding: 0px; vertical-align: baseline;\">\n<div style=\"border: 0px; box-sizing: border-box; font-family: inherit; font-size: inherit; font-style: inherit; font-variant-caps: inherit; line-height: inherit; margin: 0px; padding: 0px; vertical-align: baseline;\">\n<ul style=\"border: 0px; box-sizing: border-box; font-family: inherit; font-size: inherit; font-style: inherit; font-variant-caps: inherit; line-height: inherit; list-style: none; margin: 0px; padding: 0px; vertical-align: baseline;\">\n<li style=\"border-bottom-color: rgb(235, 235, 235); border-bottom-style: solid; border-width: 0px 0px 0.063rem; box-sizing: border-box; font-family: inherit; font-size: 0.933em; font-style: inherit; font-variant-caps: inherit; line-height: 20.993976593017578px; margin: 0px; padding: 0px 0px 0.5rem; vertical-align: baseline;\">\n<figure itemprop=\"image\" itemscope=\"\" itemtype=\"http:\/\/schema.org\/ImageObject\" style=\"border: 0px; box-sizing: border-box; font-family: inherit; font-size: inherit; font-style: inherit; font-variant-caps: inherit; line-height: inherit; margin: 0px 0px 0.313rem; padding: 0px; position: relative; vertical-align: baseline;\"><img loading=\"lazy\" decoding=\"async\" alt=\"16 pa\u00edses europeos pagan m\u00e1s al profesor por el rendimiento del alumno\" height=\"100\" itemprop=\"url\" src=\"http:\/\/ep01.epimg.net\/politica\/imagenes\/2016\/10\/05\/actualidad\/1475664984_888704_1475665055_sumarioapoyo_normal.jpg\" srcset=\"http:\/\/ep01.epimg.net\/politica\/imagenes\/2016\/10\/05\/actualidad\/1475664984_888704_1475665055_sumarioapoyo_normal_recorte1.jpg 280x, http:\/\/ep01.epimg.net\/politica\/imagenes\/2016\/10\/05\/actualidad\/1475664984_888704_1475665055_sumarioapoyo_normal.jpg 140x\" style=\"border: 0px; box-sizing: border-box; display: block; font-family: inherit; font-size: inherit; font-style: inherit; font-variant-caps: inherit; height: auto; line-height: inherit; margin: 0px; max-width: 100%; padding: 0px; vertical-align: baseline;\" tittle=\"16 pa\u00edses europeos pagan m\u00e1s al profesor por el rendimiento del alumno\" width=\"140\" \/><\/figure>\n<p><span style=\"border: 0px; box-sizing: border-box; font-family: Majerit, serif; font-size: inherit; font-style: inherit; font-variant-caps: inherit; line-height: inherit; margin: 0px; padding: 0px; vertical-align: baseline;\"><a href=\"http:\/\/elpais.com\/elpais\/2016\/10\/05\/mamas_papas\/1475658308_280925.html\" style=\"border-bottom-style: none; border-left-width: 0px; border-right-width: 0px; border-top-width: 0px; box-sizing: border-box; color: black; font-family: inherit; font-size: inherit; font-style: inherit; font-variant-caps: inherit; line-height: inherit; margin: 0px; padding: 0px; text-decoration: none; vertical-align: baseline;\">D\u00eda Mundial de los Docentes: \u00bfes la tecnolog\u00eda la tarea pendiente?<\/a><\/span><\/li>\n<li style=\"border-bottom-color: rgb(235, 235, 235); border-bottom-style: solid; border-width: 0px 0px 0.063rem; box-sizing: border-box; font-family: inherit; font-size: 0.933em; font-style: inherit; font-variant-caps: inherit; line-height: 20.993976593017578px; margin: 0px; padding: 0.5rem 0px; vertical-align: baseline;\">\n<figure itemprop=\"image\" itemscope=\"\" itemtype=\"http:\/\/schema.org\/ImageObject\" style=\"border: 0px; box-sizing: border-box; font-family: inherit; font-size: inherit; font-style: inherit; font-variant-caps: inherit; line-height: inherit; margin: 0px 0px 0.313rem; padding: 0px; position: relative; vertical-align: baseline;\"><img loading=\"lazy\" decoding=\"async\" alt=\"16 pa\u00edses europeos pagan m\u00e1s al profesor por el rendimiento del alumno\" height=\"100\" itemprop=\"url\" src=\"http:\/\/ep01.epimg.net\/politica\/imagenes\/2016\/10\/05\/actualidad\/1475664984_888704_1475665157_sumarioapoyo_normal.jpg\" srcset=\"http:\/\/ep01.epimg.net\/politica\/imagenes\/2016\/10\/05\/actualidad\/1475664984_888704_1475665157_sumarioapoyo_normal_recorte1.jpg 280x, http:\/\/ep01.epimg.net\/politica\/imagenes\/2016\/10\/05\/actualidad\/1475664984_888704_1475665157_sumarioapoyo_normal.jpg 140x\" style=\"border: 0px; box-sizing: border-box; display: block; font-family: inherit; font-size: inherit; font-style: inherit; font-variant-caps: inherit; height: auto; line-height: inherit; margin: 0px; max-width: 100%; padding: 0px; vertical-align: baseline;\" tittle=\"16 pa\u00edses europeos pagan m\u00e1s al profesor por el rendimiento del alumno\" width=\"140\" \/><\/figure>\n<p><span style=\"border: 0px; box-sizing: border-box; font-family: Majerit, serif; font-size: inherit; font-style: inherit; font-variant-caps: inherit; line-height: inherit; margin: 0px; padding: 0px; vertical-align: baseline;\"><a href=\"http:\/\/elpais.com\/elpais\/2015\/11\/13\/opinion\/1447437229_340668.html\" style=\"border-bottom-style: none; border-left-width: 0px; border-right-width: 0px; border-top-width: 0px; box-sizing: border-box; color: black; font-family: inherit; font-size: inherit; font-style: inherit; font-variant-caps: inherit; line-height: inherit; margin: 0px; padding: 0px; text-decoration: none; vertical-align: baseline;\">Los docentes a examen<\/a><\/span><\/li>\n<\/ul>\n<\/div>\n<\/div>\n<\/div>\n<\/section>\n<div data-google-query-id=\"CN-QutDPxM8CFUXgGwodMyQPXQ\" style=\"border: 0px; box-sizing: border-box; font-family: inherit; font-size: inherit; font-style: inherit; font-variant-caps: inherit; height: 0px; line-height: inherit; margin: 0px; padding: 0px; vertical-align: baseline; width: 0px;\">\n<div style=\"border: 0pt none; box-sizing: border-box; font-family: inherit; font-size: inherit; font-style: inherit; font-variant-caps: inherit; line-height: inherit; margin: 0px; padding: 0px; vertical-align: baseline;\">\n<div style=\"border: 0px; box-sizing: border-box; font-family: inherit; font-size: inherit; font-style: inherit; font-variant-caps: inherit; line-height: inherit; margin: 0px; padding: 0px; vertical-align: baseline;\"><iframe frameborder=\"0\" name=\"I866199986\" scrolling=\"no\" src=\"about:blank\" style=\"border-width: 0px; box-sizing: border-box; display: block; font-family: inherit; font-size: inherit; font-style: inherit; font-variant-caps: inherit; height: 1px; line-height: inherit; margin: 0px auto; max-width: 100%; padding: 0px; vertical-align: baseline; width: 1px;\"><\/iframe><\/div>\n<\/div>\n<div data-google-query-id=\"CNTD2ebPxM8CFfAi0wodAsQOFA\" style=\"border: 0px; box-sizing: border-box; font-family: inherit; font-size: inherit; font-style: inherit; font-variant-caps: inherit; line-height: inherit; margin: 0px; padding: 0px; vertical-align: baseline;\">\n<div style=\"border: 0pt none; box-sizing: border-box; font-family: inherit; font-size: inherit; font-style: inherit; font-variant-caps: inherit; line-height: inherit; margin: 0px; padding: 0px; vertical-align: baseline;\">\n<div style=\"border: 0px; box-sizing: border-box; font-family: inherit; font-size: inherit; font-style: inherit; font-variant-caps: inherit; line-height: inherit; margin: 0px; padding: 0px; vertical-align: baseline;\"><iframe frameborder=\"0\" name=\"I1214041839\" scrolling=\"no\" src=\"about:blank\" style=\"border-width: 0px; box-sizing: border-box; display: block; font-family: inherit; font-size: inherit; font-style: inherit; font-variant-caps: inherit; height: 1px; line-height: inherit; margin: 0px auto; max-width: 100%; padding: 0px; vertical-align: baseline; width: 1px;\"><\/iframe><\/div>\n<\/div>\n<\/div>\n<\/div>\n<div dir=\"ltr\" style=\"border: 0px; box-sizing: border-box; font-family: inherit; font-size: inherit; font-style: inherit; font-variant-caps: inherit; line-height: inherit; margin-bottom: 2.188rem; padding: 0px; vertical-align: baseline;\">En 16 sistemas educativos europeos, los maestros \u201cpueden ser recompensados por la calidad o el valor de su trabajo\u201d con pagos adicionales tras una evaluaci\u00f3n de su desempe\u00f1o o en funci\u00f3n de los resultados de los ex\u00e1menes de sus alumnos, seg\u00fan recoge el informe que analiza los sueldos y ayudas de los profesores y directores de Europa, publicado este mi\u00e9rcoles por la Comisi\u00f3n Europea coincidiendo con el D\u00eda Mundial de los Docentes.<\/div>\n<div data-inread-debug=\"false\" data-inread-height=\"360\" data-inread-preload=\"false\" data-inread-tag=\"https:\/\/pubads.g.doubleclick.net\/gampad\/ads?sz=640x480|640x380&amp;iu=\/7811748\/elpais_web\/player_intext\/html5&amp;impl=s&amp;gdfp_req=1&amp;env=vp&amp;output=vast&amp;unviewed_position_start=1&amp;url=[referrer_url]&amp;description_url=[description_url]&amp;correlator=175137\" data-inread-transition-time=\"1\" data-inread-width=\"640\" style=\"-webkit-transition: height 1s; border: 0px; box-sizing: border-box; font-family: inherit; font-size: inherit; font-style: inherit; font-variant-caps: inherit; height: 0px; line-height: inherit; margin: 0px; overflow: hidden; padding: 0px; position: relative; transition: height 1s; vertical-align: baseline; width: auto !important;\"><\/div>\n<p><\/p>\n<div style=\"-webkit-transition: height 0.5s; border: 0px; box-sizing: content-box; font-family: inherit; font-size: inherit; font-style: inherit; font-variant-caps: inherit; height: 0px; line-height: inherit; margin: 0px; overflow: hidden; padding: 0px; transition: height 0.5s; vertical-align: baseline;\">\n<div style=\"border: 0px; box-sizing: border-box; font-family: inherit; font-size: inherit; font-style: inherit; font-variant-caps: inherit; line-height: inherit; margin-bottom: 0px !important; margin-left: 0px; margin-right: 0px; margin-top: 0px; padding: 0px; position: relative; vertical-align: baseline;\">\n<div style=\"border: 0px; box-sizing: border-box; color: #aaaaaa; font-family: Helvetica, Arial, sans-serif !important; font-size: 11.5px !important; font-style: inherit; font-variant-caps: inherit; height: 21px !important; letter-spacing: 0.3px !important; line-height: 21px !important; margin-bottom: 0px !important; margin-left: 0px; margin-right: 0px; margin-top: 0px; padding: 0px; text-align: center !important; text-transform: uppercase !important; vertical-align: baseline;\"><\/div>\n<div style=\"border: 0px; box-sizing: border-box; font-family: inherit; font-size: inherit; font-style: inherit; font-variant-caps: inherit; line-height: inherit; margin-bottom: 0px !important; margin-left: 0px; margin-right: 0px; margin-top: 0px; padding: 0px; vertical-align: baseline;\"><\/div>\n<div style=\"border: 0px; box-sizing: border-box; color: rgb(170, 170, 170) !important; font-family: Helvetica, Arial, sans-serif !important; font-size: 11.5px !important; font-style: inherit; font-variant-caps: inherit; height: 26px !important; letter-spacing: 0.3px !important; line-height: 26px !important; margin-bottom: 0px !important; margin-left: 0px; margin-right: 0px; margin-top: 0px; padding: 1px 4px 1px 0px !important; text-align: right !important; vertical-align: baseline;\"><a href=\"http:\/\/inread-experience.teads.tv\/\" style=\"background-image: none !important; border: none !important; box-shadow: none !important; box-sizing: border-box; color: rgb(170, 170, 170) !important; font-style: inherit; font-variant-caps: inherit; letter-spacing: 0.3px !important; line-height: inherit; margin: 0px; padding: 0px !important; text-decoration: none !important; vertical-align: baseline;\" target=\"_blank\" rel=\"noopener\"><span style=\"border: 0px; box-shadow: none !important; box-sizing: border-box; color: rgb(121, 187, 233) !important; font-style: inherit; font-variant-caps: inherit; letter-spacing: 0.3px !important; line-height: inherit; margin: 0px; padding: 0px; vertical-align: baseline;\"><\/span><\/a><\/div>\n<\/div>\n<\/div>\n<div dir=\"ltr\" style=\"border: 0px; box-sizing: border-box; font-family: inherit; font-size: inherit; font-style: inherit; font-variant-caps: inherit; line-height: inherit; margin-bottom: 2.188rem; padding: 0px; vertical-align: baseline;\">Entre los ejemplos que cita, est\u00e1n los casos de Inglaterra y Gales, donde este factor no supone una asignaci\u00f3n extra pero s\u00ed es un requisito para que los maestros progresen. Ese es tambi\u00e9n el caso de Francia, donde el aumento del salario se basa en una evaluaci\u00f3n de su desempe\u00f1o que hacen inspectores externos. La progresi\u00f3n de los profesores est\u00e1 vinculada \u201cestrechamente\u201d a la calificaci\u00f3n que pongan esos inspectores: cuanto mayor sea la puntuaci\u00f3n, m\u00e1s r\u00e1pido ascender\u00e1.<\/div>\n<div dir=\"ltr\" style=\"border: 0px; box-sizing: border-box; font-family: inherit; font-size: inherit; font-style: inherit; font-variant-caps: inherit; line-height: inherit; margin-bottom: 2.188rem; padding: 0px; vertical-align: baseline;\">En Finlandia, Dinamarca o Suecia, las compensaciones se deciden a nivel local (en Espa\u00f1a los sueldos se fijan desde las 17 comunidades aut\u00f3nomas y el Gobierno central). Austria, por su parte, premia el \u201crendimiento excepcional\u201d o la participaci\u00f3n del profesor en \u201cproyectos exitosos\u201d.<\/div>\n<div dir=\"ltr\" style=\"border: 0px; box-sizing: border-box; font-family: inherit; font-size: inherit; font-style: inherit; font-variant-caps: inherit; line-height: inherit; margin-bottom: 2.188rem; padding: 0px; vertical-align: baseline;\">La Comisi\u00f3n Europea se\u00f1ala en su informe que la remuneraci\u00f3n \u00abes una de las claves para convertir la ense\u00f1anza en una profesi\u00f3n atractiva\u00bb. Seg\u00fan su informe, el sueldo de los profesores espa\u00f1oles a tiempo completo en la ense\u00f1anza p\u00fablica oscila entre los 28.431 euros iniciales de los reci\u00e9n incorporados en Educaci\u00f3n Infantil al salario m\u00e1ximo de los catedr\u00e1ticos de instituto (47.410 euros). El sueldo al que hace referencia este informe no contempla subsidios ni beneficios financieros ni los impuestos y contribuciones a la Seguridad Social, que var\u00eda en los pa\u00edses europeos, seg\u00fan aclaran los autores del trabajo.<\/div>\n<div dir=\"ltr\" style=\"border: 0px; box-sizing: border-box; font-family: inherit; font-size: inherit; font-style: inherit; font-variant-caps: inherit; line-height: inherit; margin-bottom: 2.188rem; padding: 0px; vertical-align: baseline;\">Para obtener el sueldo m\u00e1ximo el docente espa\u00f1ol tarda una media de 39 a\u00f1os. Es la quinta m\u00e1s alta de todos los pa\u00edses analizados, solo por detr\u00e1s de los 42 a\u00f1os que necesita un profesor h\u00fangaro para llegar al tope, o los 40 que se requieren en Serbia, Ruman\u00eda o Macedonia.<\/div>\n<div dir=\"ltr\" style=\"border: 0px; box-sizing: border-box; font-family: inherit; font-size: inherit; font-style: inherit; font-variant-caps: inherit; line-height: inherit; margin-bottom: 2.188rem; padding: 0px; vertical-align: baseline;\">La progresi\u00f3n queda lejos de la media de pa\u00edses como Dinamarca (12 a\u00f1os); Holanda (15 en Primaria y 12 en Secundaria) o los 20 de Finlandia. Le siguen de cerca pa\u00edses del entorno como Portugal (34); Italia (35) o Grecia (36). En el caso de Francia se tarda una media de 29 a\u00f1os.<\/div>\n<div dir=\"ltr\" style=\"border: 0px; box-sizing: border-box; font-family: inherit; font-size: inherit; font-style: inherit; font-variant-caps: inherit; line-height: inherit; margin-bottom: 2.188rem; padding: 0px; vertical-align: baseline;\">El \u00faltimo&nbsp;<a href=\"http:\/\/politica.elpais.com\/politica\/2016\/09\/14\/actualidad\/1473854823_735626.html\" style=\"border-bottom-color: rgb(1, 108, 162); border-bottom-style: dotted; border-width: 0px 0px 0.063rem; box-sizing: border-box; color: #016ca2; font-family: inherit; font-size: inherit; font-style: inherit; font-variant-caps: inherit; line-height: inherit; margin: 0px; padding: 0px; text-decoration: none; vertical-align: baseline;\">informe educativo de la OCDE<\/a>,&nbsp;<em style=\"border: 0px; box-sizing: border-box; font-family: inherit; font-size: inherit; font-variant-caps: inherit; line-height: inherit; margin: 0px; padding: 0px; vertical-align: baseline;\">Panorama de la Educaci\u00f3n 2016<\/em>, analizaba tambi\u00e9n la carrera profesional de los docentes, aunque situaba la media espa\u00f1ola en 35 a\u00f1os para llegar al tope salarial en lugar de los 39 que recoge la Comisi\u00f3n, que trabaja con datos m\u00e1s recientes del curso 2015-2016.<\/div>\n<div style=\"border: 0px; box-sizing: border-box; font-family: inherit; font-size: inherit; font-style: inherit; font-variant-caps: inherit; line-height: inherit; margin-bottom: 2.188rem; padding: 0px; vertical-align: baseline;\">Los profesores espa\u00f1oles de los centros p\u00fablicos, seg\u00fan el documento que la OCDE public\u00f3 el 15 de septiembre, son a los que m\u00e1s les ha bajado el sueldo durante la crisis (2010-2014) junto con Grecia y Portugal. Est\u00e1n entre los que m\u00e1s cobran cuando empiezan a trabajar pero su sueldo se estanca conforme avanzan en su carrera y termina por debajo de la media cuando se jubilan.<\/div>\n<\/div>\n<\/div>\n","protected":false},"excerpt":{"rendered":"<p>16 pa\u00edses europeos pagan m\u00e1s al profesor por el rendimiento del alumno Los docentes espa\u00f1oles,&#8230;<\/p>\n","protected":false},"author":2,"featured_media":0,"comment_status":"open","ping_status":"open","sticky":false,"template":"","format":"standard","meta":{"ngg_post_thumbnail":0,"footnotes":""},"categories":[1],"tags":[],"class_list":["post-69","post","type-post","status-publish","format-standard","hentry","category-hemeroteca"],"_links":{"self":[{"href":"https:\/\/aedecanarias.eu\/index.php?rest_route=\/wp\/v2\/posts\/69","targetHints":{"allow":["GET"]}}],"collection":[{"href":"https:\/\/aedecanarias.eu\/index.php?rest_route=\/wp\/v2\/posts"}],"about":[{"href":"https:\/\/aedecanarias.eu\/index.php?rest_route=\/wp\/v2\/types\/post"}],"author":[{"embeddable":true,"href":"https:\/\/aedecanarias.eu\/index.php?rest_route=\/wp\/v2\/users\/2"}],"replies":[{"embeddable":true,"href":"https:\/\/aedecanarias.eu\/index.php?rest_route=%2Fwp%2Fv2%2Fcomments&post=69"}],"version-history":[{"count":0,"href":"https:\/\/aedecanarias.eu\/index.php?rest_route=\/wp\/v2\/posts\/69\/revisions"}],"wp:attachment":[{"href":"https:\/\/aedecanarias.eu\/index.php?rest_route=%2Fwp%2Fv2%2Fmedia&parent=69"}],"wp:term":[{"taxonomy":"category","embeddable":true,"href":"https:\/\/aedecanarias.eu\/index.php?rest_route=%2Fwp%2Fv2%2Fcategories&post=69"},{"taxonomy":"post_tag","embeddable":true,"href":"https:\/\/aedecanarias.eu\/index.php?rest_route=%2Fwp%2Fv2%2Ftags&post=69"}],"curies":[{"name":"wp","href":"https:\/\/api.w.org\/{rel}","templated":true}]}}