{"id":68,"date":"2016-10-06T22:36:00","date_gmt":"2016-10-06T22:36:00","guid":{"rendered":"https:\/\/aedecanarias.eu\/aede-canarias-lo-recibio-en-la-primera-edicion-en-2008-felicidades-y-a-continuar-con-el-europeismo"},"modified":"2016-10-06T22:36:00","modified_gmt":"2016-10-06T22:36:00","slug":"aede-canarias-lo-recibio-en-la-primera-edicion-en-2008-felicidades-y-a-continuar-con-el-europeismo","status":"publish","type":"post","link":"https:\/\/aedecanarias.eu\/?p=68","title":{"rendered":"AEDE CANARIAS LO RECIBI\u00d3 EN LA PRIMERA EDICI\u00d3N EN 2008. FELICIDADES Y A CONTINUAR CON EL EUROPEISMO !!!"},"content":{"rendered":"\n<div class=\"twitter-share\"><a href=\"https:\/\/twitter.com\/intent\/tweet?via=aedecanarias\" class=\"twitter-share-button\" data-size=\"large\">Twittear<\/a><\/div>\n<div style=\"background-image: url(http:\/\/www.europarl.europa.eu\/website\/common\/img\/background\/body_bg_page.png); border: 0px; clear: both; color: #13334d; font-family: inherit; font-size: 1em; font-style: inherit; height: 81px; margin: -1px 0px 0px; outline: none; padding: 0px; position: relative; vertical-align: baseline; z-index: 70;\">\n<div style=\"background-image: none; border: none; clear: both; color: inherit; float: left; font-family: inherit; font-size: 1em; font-style: inherit; height: auto; left: auto; margin: 0px; overflow: visible; padding: 12px 0px 0px; position: relative; vertical-align: baseline; width: auto;\">\n<h1 style=\"border: 0px; font-family: inherit; font-size: 2.4em !important; font-style: inherit; height: auto; left: 0px; line-height: 1em; margin: 0px; overflow: visible; padding: 0px; position: relative; vertical-align: baseline; width: auto;\">Los ganadores del Premio Ciudadano Europeo 2016 son&#8230;<\/h1>\n<p><span style=\"border: 0px; color: #195b92; display: block; font-family: inherit; font-size: 1.2em; font-style: inherit; margin: 3px 0px 0px; padding: 0px; position: relative; vertical-align: baseline;\"><span style=\"border-right-color: transparent; border-right-style: solid; border-width: 0px 1px 0px 0px; display: inline-block; font-family: inherit; font-size: 1em; font-style: inherit; margin: 0px; padding: 0px; position: relative; vertical-align: baseline;\"><span style=\"background-color: #ba76c9; border: 1px solid rgb(186 , 118 , 201); color: white; display: inline-block; font-family: inherit; font-size: 0.9em; font-style: inherit; margin: 3px 3px 0px 0px; padding: 0px 3px; position: relative; text-transform: uppercase; vertical-align: baseline;\" title=\"Otros\">OTROS<\/span><\/span>&nbsp;Art\u00edculo &#8211;&nbsp;<span style=\"border: 0px; font-family: inherit; font-style: inherit; font-weight: bold; margin: 0px; padding: 0px; vertical-align: baseline;\">Instituciones<\/span>&nbsp;\u2212&nbsp;<span style=\"border: 0px; font-family: inherit; font-style: inherit; margin: 0px; padding: 0px; vertical-align: baseline;\">03-06-2016 &#8211; 11:04<\/span><\/span><\/div>\n<\/div>\n<div style=\"border: 0px; clear: both; color: #363636; font-family: inherit; font-size: 1em; font-style: inherit; margin: -1px 0px 0px; outline: none; padding: 0px; position: relative; vertical-align: baseline; z-index: 60;\">\n<div style=\"background-image: none; border: none; clear: both; color: inherit; font-family: inherit; font-size: 1em; font-style: inherit; height: auto; left: auto; margin: 1px 0px 0px; overflow: visible; padding: 0px; vertical-align: baseline; width: 600px;\">\n<div style=\"border: 0px; clear: both; font-family: inherit; font-size: 1em; font-style: inherit; margin: 0px; padding: 12px 0px 0px; position: relative; vertical-align: baseline;\">\n<div style=\"border: 0px; clear: both; font-family: Arial, Helvetica, sans-serif; font-size: 10px; margin: 0px 0px 12px; padding: 0px; position: relative; vertical-align: baseline; z-index: 20;\"><a href=\"http:\/\/www.europarl.europa.eu\/resources\/library\/images\/20150604PHT62608\/20150604PHT62608_original.jpg?epbox%5Breference%5D=20160603STO30201\" style=\"border: none; display: block; font-family: inherit; font-style: inherit; margin: 0px; max-width: 100%; padding: 0px; position: relative; text-align: center; text-decoration: none; vertical-align: baseline;\" target=\"_blank\" title=\"Medalla del Premio Ciudadano Europeo\" rel=\"noopener\"><img decoding=\"async\" alt=\"Medalla del Premio Ciudadano Europeo.\" src=\"http:\/\/www.europarl.europa.eu\/resources\/library\/images\/20150604PHT62608\/20150604PHT62608_width_600.jpg\" style=\"border: none; display: inline-block; font-family: inherit; font-style: inherit; margin: 0px; max-width: 100%; padding: 0px; position: relative; vertical-align: baseline;\" title=\"\" \/><span style=\"background-image: none; background-position: 50% 50%; background-repeat: no-repeat no-repeat; border: none; bottom: 0px; clear: none; display: block; font-family: inherit; font-size: 0.01em; font-style: inherit; height: auto; left: 0px; margin: -1px 0px 0px; outline: none; overflow: hidden; padding: 0px; position: absolute; top: 0px; vertical-align: baseline; width: 600px;\" title=\"Ampliar la imagen\">&nbsp;<\/span><\/a><span style=\"border: 0px; display: block; font-family: inherit; font-size: 1.1em; font-style: inherit; margin: 5px 0px 0px; padding: 0px; position: relative; text-align: center; vertical-align: baseline;\">Medalla del Premio Ciudadano Europeo<\/span><\/div>\n<div style=\"border: 0px; font-family: Arial, Helvetica, sans-serif; font-size: 1.2em; line-height: 1.6em; margin: 0px 0px 8px; padding: 0px; position: relative; top: -2px; vertical-align: baseline;\">\n<div style=\"border: 0px; font-family: inherit; font-style: inherit; padding: 0px; position: relative; vertical-align: baseline;\"><strong style=\"border: 0px; font-family: inherit; font-style: inherit; margin: 0px; outline: 0px; padding: 0px; vertical-align: baseline;\">El Parlamento Europeo ha rendido homenaje a 50 personas y organizaciones de 26 pa\u00edses de la Uni\u00f3n Europea mediante la concesi\u00f3n del Premio Ciudadano Europeo 2016 por su contribuci\u00f3n a la cooperaci\u00f3n europea y la promoci\u00f3n de valores comunes. El jurado, encabezado por Sylvie Guillaume, Vicepresidenta de la Euroc\u00e1mara, eligi\u00f3 a los galardonados tras el examen de 79 propuestas que pasaron el filtro de los jurados nacionales.<\/strong><\/div>\n<p><\/p>\n<div style=\"border: 0px; font-family: inherit; font-style: inherit; padding: 0px; position: relative; vertical-align: baseline;\"><a href=\"http:\/\/www.europarl.es\/es\/sala_de_prensa\/communicados_de_prensa\/pr-2016\/06-2016\/02062016.html\" style=\"border: 0px; color: #195b92; cursor: pointer; display: inline; font-family: inherit; font-size: 1em; font-style: inherit; margin: 0px; padding: 0px; position: relative; text-decoration: none; vertical-align: baseline;\" target=\"_blank\" rel=\"noopener\">Proactiva Open Arms, ONCE y la asociaci\u00f3n guipuzcoana de autismo Gautena<\/a>&nbsp;figuran entre las 50 candidaturas ganadoras del Premio Ciudadano Europeo 2016 del Parlamento Europeo.<\/div>\n<p><\/p>\n<div style=\"border: 0px; font-family: inherit; font-style: inherit; padding: 0px; position: relative; vertical-align: baseline;\">Las ceremonias nacionales de entrega de este premio ser\u00e1n seguidas por una ceremonia central que se celebrar\u00e1 en octubre de 2016 en la sede del Parlamento Europeo en Bruselas.<\/div>\n<p><\/p>\n<div style=\"border: 0px; font-family: inherit; font-style: inherit; padding: 0px; position: relative; vertical-align: baseline;\">Mediante el Premio Ciudadano Europeo, la Euroc\u00e1mara galardona cada a\u00f1o desde 2008 proyectos e iniciativas que facilitan la cooperaci\u00f3n transfronteriza o que promueven la comprensi\u00f3n mutua dentro de la Uni\u00f3n Europea. El premio, cuyo valor es simb\u00f3lico, tambi\u00e9n reconoce el trabajo de aquellos que promueven los valores europeos en sus actividades cotidianas.<\/div>\n<\/div>\n<div style=\"border: 0px; font-family: Arial, Helvetica, sans-serif; font-size: 1.1em; margin: 0px 0px 12px; padding: 0px; position: relative; vertical-align: baseline;\"><abbr style=\"cursor: help; font-family: inherit; font-style: inherit; margin: 0px; padding: 0px; speak: spell-out; vertical-align: baseline;\" title=\"Referencia\">Ref.<\/abbr>&nbsp;: 20160603STO30201&nbsp;<\/div>\n<div><\/div>\n<\/div>\n<\/div>\n<\/div>\n","protected":false},"excerpt":{"rendered":"<p>Los ganadores del Premio Ciudadano Europeo 2016 son&#8230; OTROS&nbsp;Art\u00edculo &#8211;&nbsp;Instituciones&nbsp;\u2212&nbsp;03-06-2016 &#8211; 11:04 &nbsp;Medalla del Premio&#8230;<\/p>\n","protected":false},"author":2,"featured_media":0,"comment_status":"open","ping_status":"open","sticky":false,"template":"","format":"standard","meta":{"ngg_post_thumbnail":0,"footnotes":""},"categories":[1],"tags":[],"class_list":["post-68","post","type-post","status-publish","format-standard","hentry","category-hemeroteca"],"_links":{"self":[{"href":"https:\/\/aedecanarias.eu\/index.php?rest_route=\/wp\/v2\/posts\/68","targetHints":{"allow":["GET"]}}],"collection":[{"href":"https:\/\/aedecanarias.eu\/index.php?rest_route=\/wp\/v2\/posts"}],"about":[{"href":"https:\/\/aedecanarias.eu\/index.php?rest_route=\/wp\/v2\/types\/post"}],"author":[{"embeddable":true,"href":"https:\/\/aedecanarias.eu\/index.php?rest_route=\/wp\/v2\/users\/2"}],"replies":[{"embeddable":true,"href":"https:\/\/aedecanarias.eu\/index.php?rest_route=%2Fwp%2Fv2%2Fcomments&post=68"}],"version-history":[{"count":0,"href":"https:\/\/aedecanarias.eu\/index.php?rest_route=\/wp\/v2\/posts\/68\/revisions"}],"wp:attachment":[{"href":"https:\/\/aedecanarias.eu\/index.php?rest_route=%2Fwp%2Fv2%2Fmedia&parent=68"}],"wp:term":[{"taxonomy":"category","embeddable":true,"href":"https:\/\/aedecanarias.eu\/index.php?rest_route=%2Fwp%2Fv2%2Fcategories&post=68"},{"taxonomy":"post_tag","embeddable":true,"href":"https:\/\/aedecanarias.eu\/index.php?rest_route=%2Fwp%2Fv2%2Ftags&post=68"}],"curies":[{"name":"wp","href":"https:\/\/api.w.org\/{rel}","templated":true}]}}