{"id":65,"date":"2016-11-20T17:00:00","date_gmt":"2016-11-20T17:00:00","guid":{"rendered":"https:\/\/aedecanarias.eu\/17-11-2016-convocada-la-x-edicion-del-premio-joven-europeo-carlomagno"},"modified":"2016-11-20T17:00:00","modified_gmt":"2016-11-20T17:00:00","slug":"17-11-2016-convocada-la-x-edicion-del-premio-joven-europeo-carlomagno","status":"publish","type":"post","link":"https:\/\/aedecanarias.eu\/?p=65","title":{"rendered":"17\/11\/2016 Convocada la X edici\u00f3n del Premio Joven Europeo Carlomagno"},"content":{"rendered":"\n<div class=\"twitter-share\"><a href=\"https:\/\/twitter.com\/intent\/tweet?via=aedecanarias\" class=\"twitter-share-button\" data-size=\"large\">Twittear<\/a><\/div>\n<div style=\"border: 0px; font-family: Arial, Helvetica, sans-serif; font-size: 12px; font-weight: bold; line-height: 1.5em; margin-bottom: 12px; padding: 0px; vertical-align: baseline;\"><strong style=\"border: 0px; font-family: inherit; font-size: inherit; font-style: inherit; font-variant-caps: inherit; line-height: inherit; margin: 0px; padding: 0px; vertical-align: baseline;\"><em style=\"border: 0px; font-family: inherit; font-size: inherit; font-variant-caps: inherit; font-weight: inherit; line-height: inherit; margin: 0px; padding: 0px; vertical-align: baseline;\">Los proyectos para participar en la X edici\u00f3n del Premio Carlomagno podr\u00e1n ser enviados hasta el 30 de enero de 2017<\/em><\/strong><\/div>\n<div style=\"border: 0px; font-family: Arial, Helvetica, sans-serif; font-size: 12px; line-height: inherit; margin: 0px; padding: 0px; vertical-align: baseline;\">\n<div style=\"border: 0px; font-family: inherit; font-size: inherit; font-style: inherit; font-variant-caps: inherit; line-height: 1.5em; margin-bottom: 12px; padding: 0px; vertical-align: baseline;\">Desde hace una d\u00e9cada, el&nbsp;<strong style=\"border: 0px; font-family: inherit; font-size: inherit; font-style: inherit; font-variant-caps: inherit; line-height: inherit; margin: 0px; padding: 0px; vertical-align: baseline;\">Premio Europeo Carlomagno de la Juventud,<\/strong>&nbsp;organizado por el&nbsp;<strong style=\"border: 0px; font-family: inherit; font-size: inherit; font-style: inherit; font-variant-caps: inherit; line-height: inherit; margin: 0px; padding: 0px; vertical-align: baseline;\">Parlamento Europeo y la Fundaci\u00f3n Premio Internacional Carlomagno de Aquisgr\u00e1n<\/strong>&nbsp;, distingue a los proyectos emprendidos por j\u00f3venes que faciliten modelos de convivencia en Europa , sirvan de referencia a la juventud europea, presenten las mejores ideas para fomentar el entendimiento entre personas de diferentes pa\u00edses europeos y\/o muestren ejemplos pr\u00e1cticos de la convivencia de diferentes nacionalidades en una misma comunidad.<\/div>\n<div style=\"border: 0px; font-family: inherit; font-size: inherit; font-style: inherit; font-variant-caps: inherit; line-height: 1.5em; margin-bottom: 12px; padding: 0px; vertical-align: baseline;\">Convocada la X edici\u00f3n del concurso, los participantes deben tener entre&nbsp;<strong style=\"border: 0px; font-family: inherit; font-size: inherit; font-style: inherit; font-variant-caps: inherit; line-height: inherit; margin: 0px; padding: 0px; vertical-align: baseline;\">16 y 30 a\u00f1os<\/strong>&nbsp;y ser ciudadanos de uno de los 28 Estados miembros de la Uni\u00f3n Europea. El plazo de presentaci\u00f3n de los proyectos finalizar\u00e1 el&nbsp;<strong style=\"border: 0px; font-family: inherit; font-size: inherit; font-style: inherit; font-variant-caps: inherit; line-height: inherit; margin: 0px; padding: 0px; vertical-align: baseline;\">30 de enero de 2017.&nbsp;<\/strong><\/div>\n<div style=\"border: 0px; font-family: inherit; font-size: inherit; font-style: inherit; font-variant-caps: inherit; line-height: 1.5em; margin-bottom: 12px; padding: 0px; vertical-align: baseline;\"><strong style=\"border: 0px; font-family: inherit; font-size: inherit; font-style: inherit; font-variant-caps: inherit; line-height: inherit; margin: 0px; padding: 0px; vertical-align: baseline;\"><em style=\"border: 0px; font-family: inherit; font-size: inherit; font-variant-caps: inherit; font-weight: inherit; line-height: inherit; margin: 0px; padding: 0px; vertical-align: baseline;\">Diferentes premios<\/em>&nbsp;<\/strong><\/div>\n<div style=\"border: 0px; font-family: inherit; font-size: inherit; font-style: inherit; font-variant-caps: inherit; line-height: 1.5em; margin-bottom: 12px; padding: 0px; vertical-align: baseline;\">Los tres ganadores (seleccionados entre los 28 proyectos escogidos por los jurados nacionales) recibir\u00e1n premios de 7.500, 5.000 y 2.500 euros, respectivamente, y ser\u00e1n invitados a visitar el Parlamento Europeo (en Bruselas o en Estrasburgo).<\/div>\n<div style=\"border: 0px; font-family: inherit; font-size: inherit; font-style: inherit; font-variant-caps: inherit; line-height: 1.5em; margin-bottom: 12px; padding: 0px; vertical-align: baseline;\">Adem\u00e1s, los representantes de los 28 proyectos seleccionados asistir\u00e1n a la ceremonia de entrega de premios que se celebrar\u00e1 en Aquisgr\u00e1n (Alemania) en el mes de mayo de 2017.<\/div>\n<div style=\"border: 0px; font-family: inherit; font-size: inherit; font-style: inherit; font-variant-caps: inherit; line-height: 1.5em; margin-bottom: 12px; padding: 0px; vertical-align: baseline;\"><a href=\"http:\/\/www.charlemagneyouthprize.eu\/es\/introduction.html\" style=\"background-image: url(http:\/\/www.europarl.es\/wktp\/galaxy-madrid\/madrid\/img\/icons-link.png); background-position: 0% 0%; background-repeat: no-repeat no-repeat; border: 0px; color: #195b92; display: block; line-height: 19px; margin: 0px 0px 10px; padding: 0px 0px 0px 20px; text-decoration: none; vertical-align: baseline;\" target=\"_blank\" title=\"Abrir en una ventana nueva\" rel=\"noopener\">Todos los detalles sobre las reglas de participaci\u00f3n e inscripci\u00f3n<\/a><a href=\"http:\/\/www.karlspreis.de\/\" style=\"background-image: url(http:\/\/www.europarl.es\/wktp\/galaxy-madrid\/madrid\/img\/icons-link.png); background-position: 0% 0%; background-repeat: no-repeat no-repeat; border: 0px; color: #195b92; display: block; line-height: 19px; margin: 0px 0px 10px; padding: 0px 0px 0px 20px; text-decoration: none; vertical-align: baseline;\" target=\"_blank\" title=\"Abrir en una ventana nueva\" rel=\"noopener\">Fundaci\u00f3n del Premio Internacional Carlomagno de Aquisgr\u00e1n<\/a><\/div>\n<div style=\"border: 0px; line-height: inherit; margin: 0px; padding: 0px; vertical-align: baseline;\">\n<div style=\"border: 0px; font-family: inherit; font-size: inherit; font-style: inherit; font-variant-caps: inherit; line-height: 1.5em; margin-bottom: 12px; padding: 0px; vertical-align: baseline;\"><strong style=\"border: 0px; font-family: inherit; font-size: inherit; font-style: inherit; font-variant-caps: inherit; line-height: inherit; margin: 0px; padding: 0px; vertical-align: baseline;\">Contacto<\/strong>:<\/div>\n<div style=\"border: 0px; font-family: inherit; font-size: inherit; font-style: inherit; font-variant-caps: inherit; line-height: 1.5em; margin-bottom: 12px; padding: 0px; vertical-align: baseline;\">Oficina del Parlamento Europeo en Espa\u00f1a:<\/div>\n<div style=\"border: 0px; font-family: inherit; font-size: inherit; font-style: inherit; font-variant-caps: inherit; line-height: 1.5em; margin-bottom: 12px; padding: 0px; vertical-align: baseline;\">Mar\u00eda Andr\u00e9s<a href=\"mailto:maria.andres@ep.europarl.eu\" style=\"background-image: url(http:\/\/www.europarl.es\/wktp\/galaxy-madrid\/madrid\/img\/icons-contact.png); background-position: 0% 3px; background-repeat: no-repeat no-repeat; border: 0px; color: #195b92; display: inline-block; font-family: inherit; font-size: inherit; font-style: inherit; font-variant-caps: inherit; line-height: inherit; margin: 0px; padding: 0px 0px 0px 20px; text-decoration: none; vertical-align: baseline;\">maria.andres@ep.europarl.eu<\/a><\/div>\n<div style=\"border: 0px; font-family: inherit; font-size: inherit; font-style: inherit; font-variant-caps: inherit; line-height: 1.5em; margin-bottom: 12px; padding: 0px; vertical-align: baseline;\">Isabel Mateo&nbsp;<u style=\"border: 0px; font-family: inherit; font-size: inherit; font-style: inherit; font-variant-caps: inherit; line-height: inherit; margin: 0px; padding: 0px; vertical-align: baseline;\"><a href=\"mailto:mariaisabel.mateo@ep.europarl.eu\" style=\"background-image: url(http:\/\/www.europarl.es\/wktp\/galaxy-madrid\/madrid\/img\/icons-contact.png); background-position: 0% 3px; background-repeat: no-repeat no-repeat; border: 0px; color: #195b92; display: inline-block; font-family: inherit; font-size: inherit; font-style: inherit; font-variant-caps: inherit; line-height: inherit; margin: 0px; padding: 0px 0px 0px 20px; text-decoration: none; vertical-align: baseline;\">mariaisabel.mateo@ep.europarl.eu<\/a><\/u><\/div>\n<\/div>\n<\/div>\n","protected":false},"excerpt":{"rendered":"<p>Los proyectos para participar en la X edici\u00f3n del Premio Carlomagno podr\u00e1n ser enviados hasta&#8230;<\/p>\n","protected":false},"author":2,"featured_media":0,"comment_status":"open","ping_status":"open","sticky":false,"template":"","format":"standard","meta":{"ngg_post_thumbnail":0,"footnotes":""},"categories":[1],"tags":[],"class_list":["post-65","post","type-post","status-publish","format-standard","hentry","category-hemeroteca"],"_links":{"self":[{"href":"https:\/\/aedecanarias.eu\/index.php?rest_route=\/wp\/v2\/posts\/65","targetHints":{"allow":["GET"]}}],"collection":[{"href":"https:\/\/aedecanarias.eu\/index.php?rest_route=\/wp\/v2\/posts"}],"about":[{"href":"https:\/\/aedecanarias.eu\/index.php?rest_route=\/wp\/v2\/types\/post"}],"author":[{"embeddable":true,"href":"https:\/\/aedecanarias.eu\/index.php?rest_route=\/wp\/v2\/users\/2"}],"replies":[{"embeddable":true,"href":"https:\/\/aedecanarias.eu\/index.php?rest_route=%2Fwp%2Fv2%2Fcomments&post=65"}],"version-history":[{"count":0,"href":"https:\/\/aedecanarias.eu\/index.php?rest_route=\/wp\/v2\/posts\/65\/revisions"}],"wp:attachment":[{"href":"https:\/\/aedecanarias.eu\/index.php?rest_route=%2Fwp%2Fv2%2Fmedia&parent=65"}],"wp:term":[{"taxonomy":"category","embeddable":true,"href":"https:\/\/aedecanarias.eu\/index.php?rest_route=%2Fwp%2Fv2%2Fcategories&post=65"},{"taxonomy":"post_tag","embeddable":true,"href":"https:\/\/aedecanarias.eu\/index.php?rest_route=%2Fwp%2Fv2%2Ftags&post=65"}],"curies":[{"name":"wp","href":"https:\/\/api.w.org\/{rel}","templated":true}]}}