{"id":59,"date":"2017-01-13T18:42:00","date_gmt":"2017-01-13T18:42:00","guid":{"rendered":"https:\/\/aedecanarias.eu\/le-deseamos-los-mayores-exitos-desde-aede-canarias"},"modified":"2017-01-13T18:42:00","modified_gmt":"2017-01-13T18:42:00","slug":"le-deseamos-los-mayores-exitos-desde-aede-canarias","status":"publish","type":"post","link":"https:\/\/aedecanarias.eu\/?p=59","title":{"rendered":"LE DESEAMOS LOS MAYORES \u00c9XITOS DESDE AEDE-CANARIAS"},"content":{"rendered":"\n<div class=\"twitter-share\"><a href=\"https:\/\/twitter.com\/intent\/tweet?via=aedecanarias\" class=\"twitter-share-button\" data-size=\"large\">Twittear<\/a><\/div>\n<div style=\"border: 0px; color: #195b92; float: none; font-family: Arial, Helvetica, sans-serif; font-size: 11px; line-height: inherit; margin: 0px; padding: 0px; vertical-align: baseline;\"><\/div>\n<h1 style=\"border: 0px; color: #13334d; font-family: Arial, Helvetica, sans-serif; font-size: 22px; line-height: 1em; margin: 0px 0px 12px; padding: 0px; vertical-align: baseline;\"><span style=\"border: 0px; font-family: inherit; font-size: inherit; font-style: inherit; font-variant-caps: inherit; font-weight: inherit; line-height: inherit; margin: 0px; padding: 0px; vertical-align: baseline;\">El Parlamento Europeo nombra a Jaume Duch nuevo Director General de Comunicaci\u00f3n&nbsp;<\/span><\/h1>\n<div style=\"border: 0px; font-family: Arial, Helvetica, sans-serif; font-size: 12px; line-height: inherit; margin: 0px auto; padding: 0px; text-align: center; vertical-align: baseline;\">\n<figure style=\"border: 0px; font-family: inherit; font-size: inherit; font-style: inherit; font-variant-caps: inherit; line-height: inherit; margin: 0px; padding: 0px; vertical-align: baseline;\"><a href=\"http:\/\/www.europarl.es\/resource\/static\/images\/2016\/12\/jaume-duch.jpg\" rel=\"shadowbox\" style=\"border: 0px; color: #195b92; font-family: inherit; font-size: inherit; font-style: inherit; font-variant-caps: inherit; line-height: inherit; margin: 0px; padding: 0px; text-decoration: none; vertical-align: baseline;\" title=\"Jaume Duch\"><img loading=\"lazy\" decoding=\"async\" alt=\"Jaume DuchNuevo Director General de Comunicaci\u00f3n \" height=\"223\" src=\"http:\/\/www.europarl.es\/transform\/standard\/galaxy-madrid\/content\/comp-148185055811486310118\/h-1342490016\/static\/images\/2016\/12\/jaume-duch.jpg\" style=\"border: 0px; font-family: inherit; font-size: inherit; font-style: inherit; font-variant-caps: inherit; line-height: inherit; margin: 0px; padding: 0px; vertical-align: baseline;\" width=\"400\" \/><\/a><figcaption style=\"border: 0px; font-family: inherit; font-size: inherit; font-style: inherit; font-variant-caps: inherit; line-height: inherit; margin: 0px; padding: 0px; vertical-align: baseline;\">Jaume Duch<\/figcaption><\/figure>\n<\/div>\n<div style=\"border: 0px; font-family: Arial, Helvetica, sans-serif; font-size: 12px; font-weight: bold; line-height: 1.5em; margin-bottom: 12px; padding: 0px; vertical-align: baseline;\"><\/div>\n<div style=\"border: 0px; font-family: Arial, Helvetica, sans-serif; font-size: 12px; font-weight: bold; line-height: 1.5em; margin-bottom: 12px; padding: 0px; vertical-align: baseline;\">La Mesa del Parlamento Europeo aprob\u00f3 el lunes, por unanimidad, la propuesta del Secretario General de la Instituci\u00f3n de nombrar a Jaume Duch Guillot nuevo Director General de Comunicaci\u00f3n del Parlamento. El \u00f3rgano de direcci\u00f3n del Parlamento decidi\u00f3 asimismo que siga desarrollando las funciones de portavoz de la Instituci\u00f3n.<\/div>\n<div style=\"border: 0px; font-family: Arial, Helvetica, sans-serif; font-size: 12px; line-height: inherit; margin: 0px; padding: 0px; vertical-align: baseline;\">\n<div style=\"border: 0px; font-family: inherit; font-size: inherit; font-style: inherit; font-variant-caps: inherit; line-height: 1.5em; margin-bottom: 12px; padding: 0px; vertical-align: baseline;\">Jaume Duch es Licenciado en Derecho y ejerci\u00f3 como profesor de Derecho Internacional P\u00fablico en la Universidad de Barcelona (1986-1990). Funcionario de la Uni\u00f3n Europea desde 1990, ha desempe\u00f1ado siempre labores relacionadas con la informaci\u00f3n parlamentaria, entre ellas portavoz y consejero del Presidente Gil-Robles entre 1997 y 1999 y responsable de informaci\u00f3n parlamentaria de las Convenciones que redactaron la Carta de derechos fundamentales de la UE y el proyecto de Constituci\u00f3n Europea.<\/div>\n<div style=\"border: 0px; font-family: inherit; font-size: inherit; font-style: inherit; font-variant-caps: inherit; line-height: 1.5em; margin-bottom: 12px; padding: 0px; vertical-align: baseline;\">Es autor de diversas publicaciones, art\u00edculos y comunicaciones sobre cuestiones relativas a las instituciones de la Uni\u00f3n Europea y al derecho comunitario.<\/div>\n<div style=\"border: 0px; font-family: inherit; font-size: inherit; font-style: inherit; font-variant-caps: inherit; line-height: 1.5em; margin-bottom: 12px; padding: 0px; vertical-align: baseline;\">Desde julio de 2006 Jaume Duch era Director de Medios de comunicaci\u00f3n y portavoz de la Instituci\u00f3n<strong style=\"border: 0px; font-family: inherit; font-size: inherit; font-style: inherit; font-variant-caps: inherit; line-height: inherit; margin: 0px; padding: 0px; vertical-align: baseline;\">.<\/strong><\/div>\n<div style=\"border: 0px; font-family: inherit; font-size: inherit; font-style: inherit; font-variant-caps: inherit; line-height: 1.5em; margin-bottom: 12px; padding: 0px; vertical-align: baseline;\">El nombramiento surtir\u00e1 efecto a partir del 1 de febrero pr\u00f3ximo.<\/div>\n<div style=\"border: 0px; font-family: inherit; font-size: inherit; font-style: inherit; font-variant-caps: inherit; line-height: 1.5em; margin-bottom: 12px; padding: 0px; vertical-align: baseline;\"><\/div>\n<\/div>\n<div style=\"border: 0px; font-family: Arial, Helvetica, sans-serif; font-size: 12px; line-height: inherit; margin: 0px; padding: 0px; vertical-align: baseline;\">\n<div style=\"border: 0px; font-family: inherit; font-size: inherit; font-style: inherit; font-variant-caps: inherit; line-height: 1.5em; margin-bottom: 12px; padding: 0px; vertical-align: baseline;\"><strong style=\"border: 0px; font-family: inherit; font-size: inherit; font-style: inherit; font-variant-caps: inherit; line-height: inherit; margin: 0px; padding: 0px; vertical-align: baseline;\">Estefan\u00eda NARRILLOS<\/strong><\/div>\n<div style=\"border: 0px; font-family: inherit; font-size: inherit; font-style: inherit; font-variant-caps: inherit; line-height: 1.5em; margin-bottom: 12px; padding: 0px; vertical-align: baseline;\"><strong style=\"border: 0px; font-family: inherit; font-size: inherit; font-style: inherit; font-variant-caps: inherit; line-height: inherit; margin: 0px; padding: 0px; vertical-align: baseline;\">Servicio de prensa<\/strong><\/div>\n<\/div>\n","protected":false},"excerpt":{"rendered":"<p>El Parlamento Europeo nombra a Jaume Duch nuevo Director General de Comunicaci\u00f3n&nbsp; Jaume Duch La&#8230;<\/p>\n","protected":false},"author":2,"featured_media":0,"comment_status":"open","ping_status":"open","sticky":false,"template":"","format":"standard","meta":{"ngg_post_thumbnail":0,"footnotes":""},"categories":[1],"tags":[],"class_list":["post-59","post","type-post","status-publish","format-standard","hentry","category-hemeroteca"],"_links":{"self":[{"href":"https:\/\/aedecanarias.eu\/index.php?rest_route=\/wp\/v2\/posts\/59","targetHints":{"allow":["GET"]}}],"collection":[{"href":"https:\/\/aedecanarias.eu\/index.php?rest_route=\/wp\/v2\/posts"}],"about":[{"href":"https:\/\/aedecanarias.eu\/index.php?rest_route=\/wp\/v2\/types\/post"}],"author":[{"embeddable":true,"href":"https:\/\/aedecanarias.eu\/index.php?rest_route=\/wp\/v2\/users\/2"}],"replies":[{"embeddable":true,"href":"https:\/\/aedecanarias.eu\/index.php?rest_route=%2Fwp%2Fv2%2Fcomments&post=59"}],"version-history":[{"count":0,"href":"https:\/\/aedecanarias.eu\/index.php?rest_route=\/wp\/v2\/posts\/59\/revisions"}],"wp:attachment":[{"href":"https:\/\/aedecanarias.eu\/index.php?rest_route=%2Fwp%2Fv2%2Fmedia&parent=59"}],"wp:term":[{"taxonomy":"category","embeddable":true,"href":"https:\/\/aedecanarias.eu\/index.php?rest_route=%2Fwp%2Fv2%2Fcategories&post=59"},{"taxonomy":"post_tag","embeddable":true,"href":"https:\/\/aedecanarias.eu\/index.php?rest_route=%2Fwp%2Fv2%2Ftags&post=59"}],"curies":[{"name":"wp","href":"https:\/\/api.w.org\/{rel}","templated":true}]}}