{"id":58,"date":"2017-01-13T18:48:00","date_gmt":"2017-01-13T18:48:00","guid":{"rendered":"https:\/\/aedecanarias.eu"},"modified":"2021-01-26T20:09:50","modified_gmt":"2021-01-26T20:09:50","slug":"58-2","status":"publish","type":"post","link":"https:\/\/aedecanarias.eu\/?p=58","title":{"rendered":"Presupuesto de la UE para 2017"},"content":{"rendered":"\n<div class=\"twitter-share\"><a href=\"https:\/\/twitter.com\/intent\/tweet?via=aedecanarias\" class=\"twitter-share-button\" data-size=\"large\">Twittear<\/a><\/div>\n<div style=\"border: 0px; clear: both; font-family: Arial, Helvetica, sans-serif; height: 144px; margin: 0px 0px 12px; padding: 13px 0px 0px; position: relative; vertical-align: baseline; z-index: 10;\">\n<div style=\"background-image: url('http:\/\/www.europarl.europa.eu\/website\/common\/img\/background\/body_bg_page.png'); border: 0px; clear: both; font-family: inherit; font-style: inherit; height: 145px; margin: -1px 0px 0px; outline: none; padding: 0px; position: relative; vertical-align: baseline; z-index: 70;\">\n<div style=\"background-image: none; border: none; clear: both; float: left; font-family: inherit; font-style: inherit; height: auto; left: auto; margin: 0px; overflow: visible; padding: 12px 0px 0px; position: relative; vertical-align: baseline; width: auto;\">\n<div style=\"border: 0px; color: inherit; font-family: inherit; font-size: 1.2em; font-style: inherit; margin: 0px; padding: 5px 0px; vertical-align: baseline; width: 600px;\"><span style=\"border: 0px; display: block; font-family: inherit; font-style: inherit; left: -100000px; margin: 0px; overflow: hidden; padding: 0px; position: absolute; vertical-align: baseline; width: 1px;\">:\u00a0<\/span><\/div>\n<h1 style=\"border: 0px; color: inherit; font-family: inherit; font-size: 2.4em !important; font-style: inherit; height: auto; left: 0px; line-height: 1em; margin: 0px; overflow: visible; padding: 0px; position: relative; vertical-align: baseline; width: auto;\">\u00a0<span style=\"border: 0px; display: block; font-family: inherit; font-style: inherit; font-weight: inherit; height: 1px; margin: 0px; overflow: hidden; padding: 0px; position: relative; vertical-align: baseline;\">&#8211;\u00a0<\/span><span style=\"border: 0px; display: block; font-family: inherit; font-size: 0.7em; font-style: inherit; font-weight: inherit; height: auto; margin: 0px; overflow: hidden; padding: 0px; position: relative; vertical-align: baseline;\">Prioridades del Parlamento: juventud, empleo, crecimiento y migraci\u00f3n<\/span><\/h1>\n<p><span style=\"background-image: none; border: none; clear: both; color: inherit; display: block; font-family: inherit; font-size: 1em; font-style: inherit; height: 1px; margin: -1px 0px 0px; overflow: hidden; padding: 0px; position: relative; vertical-align: baseline;\">\u00a0<\/span><\/p>\n<\/div>\n<p><span style=\"background-image: none; border: none; clear: both; color: #13334d; display: block; font-family: inherit; font-size: 1em; font-style: inherit; height: 1px; margin: -1px 0px 0px; overflow: hidden; padding: 0px; position: relative; vertical-align: baseline;\">\u00a0<\/span><\/p>\n<\/div>\n<\/div>\n<div style=\"border: 0px; clear: both; color: #363636; font-family: Arial, Helvetica, sans-serif; font-size: 10px; height: 2120px; margin: 13px 0px 12px; padding: 0px; position: relative; vertical-align: baseline; z-index: 10;\">\n<div style=\"border: 0px; clear: both; font-family: inherit; font-size: 1em; font-style: inherit; margin: -25px 0px 0px; outline: none; padding: 0px; position: relative; vertical-align: baseline; z-index: 60;\">\n<div style=\"background-image: none; border: none; clear: both; color: inherit; font-family: inherit; font-size: 1em; font-style: inherit; height: auto; left: auto; margin: 1px 0px 0px; overflow: visible; padding: 0px; vertical-align: baseline; width: 600px;\">\n<div style=\"border: 0px; clear: both; font-family: inherit; font-size: 1em; font-style: inherit; margin: 0px; padding: 12px 0px 0px; position: relative; vertical-align: baseline;\">\n<div style=\"border: 0px; font-family: inherit; font-style: inherit; left: auto; margin: 0px 0px 12px; padding: 0px; position: relative; vertical-align: baseline;\">\n<h2 style=\"border: 0px; color: #13334d; font-family: inherit; font-style: inherit; left: auto; margin: 0px; padding: 0px; position: relative; vertical-align: baseline;\"><a style=\"border: 0px; color: #13334d; cursor: pointer; font-family: inherit; font-style: inherit; font-weight: inherit; margin: 0px; padding: 0px; text-decoration: none; vertical-align: baseline;\" title=\"Acceder a la p\u00e1gina\" href=\"http:\/\/www.europarl.europa.eu\/news\/es\/news-room\/20161117STO51529\">El presupuesto de la UE para 2017, listo tras aprobarlo el Parlamento<\/a><\/h2>\n<\/div>\n<div style=\"border: 0px; clear: both; font-family: inherit; font-size: 1em; font-style: inherit; margin: 0px 0px 12px; padding: 0px; position: relative; vertical-align: baseline; z-index: 20;\"><a style=\"border: none; display: block; font-family: inherit; font-style: inherit; margin: 0px; max-width: 100%; padding: 0px; position: relative; text-align: center; text-decoration: none; vertical-align: baseline;\" title=\"Billetes de euro- \u00a9AP Images\/European Union - EP\" href=\"http:\/\/www.europarl.europa.eu\/resources\/library\/images\/20161117PHT51531\/20161117PHT51531_original.jpg?epbox%5Breference%5D=20161117STO51529\" target=\"_blank\" rel=\"noopener\"><img decoding=\"async\" style=\"border: none; display: inline-block; font-family: inherit; font-style: inherit; margin: 0px; max-width: 100%; padding: 0px; position: relative; vertical-align: baseline;\" title=\"\" src=\"http:\/\/www.europarl.europa.eu\/resources\/library\/images\/20161117PHT51531\/20161117PHT51531_landscape_600_300.jpg\" alt=\"Imagen ilustrativa de billetes de euro\" \/><span style=\"background-image: none; background-position: 50% 50%; background-repeat: no-repeat no-repeat; border: none; bottom: 0px; clear: none; display: block; font-family: inherit; font-size: 0.01em; font-style: inherit; height: auto; left: 0px; margin: -1px 0px 0px; outline: none; overflow: hidden; padding: 0px; position: absolute; top: 0px; vertical-align: baseline; width: 600px;\" title=\"Ampliar la imagen\">\u00a0<\/span><\/a><\/div>\n<div style=\"border: 0px; font-family: inherit; font-size: 1.2em; font-style: inherit; line-height: 1.6em; margin: 0px 0px 8px; padding: 0px; position: relative; top: -2px; vertical-align: baseline;\">\n<div style=\"border: 0px; font-family: inherit; font-style: inherit; padding: 0px; position: relative; vertical-align: baseline;\">Los eurodiputados apoyaron abrumadoramente un acuerdo con los Estados miembros sobre el presupuesto de la UE para el pr\u00f3ximo a\u00f1o durante una sesi\u00f3n plenaria en Bruselas el 1 de diciembre, con 438 votos a favor, 194 en contra y 7 abstenciones. El ejercicio 2017 incluir\u00e1 fondos adicionales para las prioridades clave del Parlamento como el empleo para los j\u00f3venes, las infraestructuras y la pol\u00edtica migratoria.\u00a0<a style=\"border: 0px; color: #195b92; cursor: pointer; display: inline; font-family: inherit; font-size: 1em; font-style: inherit; margin: 0px; padding: 0px; position: relative; text-decoration: none; vertical-align: baseline;\" title=\"Acceder a la p\u00e1gina\" href=\"http:\/\/www.europarl.europa.eu\/news\/es\/news-room\/20161117STO51529\">(M\u00e1s\u2026<span style=\"background-color: white; border: none; color: black; display: block; font-family: inherit; font-size: 1em; font-style: inherit; height: 1px; left: -100000px; margin: 0px; overflow: hidden; padding: 0px; position: absolute; top: 0px; vertical-align: baseline; width: 1px;\">: El presupuesto de la UE para 2017, listo tras aprobarlo el Parlamento<\/span>)<\/a><\/div>\n<\/div>\n<\/div>\n<div style=\"border: 0px; clear: right; float: left; font-family: inherit; font-size: 1em; font-style: inherit; margin: 0px; padding: 12px 0px 0px; position: relative; vertical-align: baseline; width: 300px;\">\n<div style=\"border: 0px; font-family: inherit; font-style: inherit; left: auto; margin: 0px 12px 12px 0px; padding: 0px; position: relative; vertical-align: baseline;\">\n<h2 style=\"border: 0px; color: #13334d; font-family: inherit; font-style: inherit; left: auto; margin: 0px; padding: 0px; position: relative; vertical-align: baseline;\"><a style=\"border: 0px; color: #13334d; cursor: pointer; font-family: inherit; font-style: inherit; font-weight: inherit; margin: 0px; padding: 0px; text-decoration: none; vertical-align: baseline;\" title=\"Acceder a la p\u00e1gina\" href=\"http:\/\/www.europarl.europa.eu\/news\/es\/news-room\/20161129IPR53614\">Presupuesto de la UE para 2017: m\u00e1s apoyo a los j\u00f3venes e impulso al crecimiento<\/a><\/h2>\n<\/div>\n<div style=\"border: 0px; clear: both; font-family: inherit; font-size: 1em; font-style: inherit; margin: 0px 12px 12px 0px; padding: 0px; position: relative; vertical-align: baseline; z-index: 20;\"><a style=\"border: none; display: block; font-family: inherit; font-style: inherit; margin: 0px; max-width: 100%; padding: 0px; position: relative; text-align: center; text-decoration: none; vertical-align: baseline;\" title=\"El presidente Schulz firm\u00f3 el presupuesto de la UE para 2017, que se convierte en ley. Los negociadores del Parlamento: Jean Arthuis (ALDE, FR), Indrek Tarand (Verdes, EE) y Jens Geier (S&amp;D, DE) (de izquierda a derecha) \u00a9 European Union 2016 - EP\" href=\"http:\/\/www.europarl.europa.eu\/resources\/library\/images\/20161201PHT54201\/20161201PHT54201_original.jpg?epbox%5Breference%5D=20161129IPR53614\" target=\"_blank\" rel=\"noopener\"><img decoding=\"async\" style=\"border: none; display: inline-block; font-family: inherit; font-style: inherit; margin: 0px; max-width: 100%; padding: 0px; position: relative; vertical-align: baseline;\" title=\"\" src=\"http:\/\/www.europarl.europa.eu\/resources\/library\/images\/20161201PHT54201\/20161201PHT54201_landscape_300_175.jpg\" alt=\"President Schulz sings the Budget for 2017_\" \/><span style=\"background-image: none; background-position: 50% 50%; background-repeat: no-repeat no-repeat; border: none; bottom: 0px; clear: none; display: block; font-family: inherit; font-size: 0.01em; font-style: inherit; height: auto; left: 0px; margin: -1px 0px 0px; outline: none; overflow: hidden; padding: 0px; position: absolute; top: 0px; vertical-align: baseline; width: 288px;\" title=\"Ampliar la imagen\">\u00a0<\/span><\/a><\/div>\n<div style=\"border: 0px; font-family: inherit; font-size: 1.2em; font-style: inherit; line-height: 1.6em; margin: 0px 12px 8px 0px; padding: 0px; position: relative; top: -2px; vertical-align: baseline;\">\n<div style=\"border: 0px; font-family: inherit; font-style: inherit; padding: 0px; position: relative; vertical-align: baseline;\">El Parlamento se ha asegurado de que el presupuesto comunitario del a\u00f1o que viene refuerza el apoyo a los j\u00f3venes desempleados e incluye fondos adicionales para iniciativas en favor de las pymes, las infraestructuras de transporte, la investigaci\u00f3n y el programa Erasmus+. Los cr\u00e9ditos de compromiso se elevar\u00e1n a 157.857,8 millones de euros, y los cr\u00e9ditos de pago a 134.490 millones.\u00a0<a style=\"border: 0px; color: #195b92; cursor: pointer; display: inline; font-family: inherit; font-size: 1em; font-style: inherit; margin: 0px; padding: 0px; position: relative; text-decoration: none; vertical-align: baseline;\" title=\"Acceder a la p\u00e1gina\" href=\"http:\/\/www.europarl.europa.eu\/news\/es\/news-room\/20161129IPR53614\">(M\u00e1s\u2026<span style=\"background-color: white; border: none; color: black; display: block; font-family: inherit; font-size: 1em; font-style: inherit; height: 1px; left: -100000px; margin: 0px; overflow: hidden; padding: 0px; position: absolute; top: 0px; vertical-align: baseline; width: 1px;\">: Presupuesto de la UE para 2017: m\u00e1s apoyo a los j\u00f3venes e impulso al crecimiento<\/span>)<\/a><\/div>\n<\/div>\n<div style=\"border: 0px; font-family: inherit; font-style: inherit; left: auto; margin: 0px 12px 12px 0px; padding: 0px; position: relative; vertical-align: baseline;\">\n<h2 style=\"border: 0px; color: #13334d; font-family: inherit; font-style: inherit; left: auto; margin: 0px; padding: 0px; position: relative; vertical-align: baseline;\"><a style=\"border: 0px; color: #13334d; cursor: pointer; font-family: inherit; font-style: inherit; font-weight: inherit; margin: 0px; padding: 0px; text-decoration: none; vertical-align: baseline;\" title=\"Acceder a la p\u00e1gina\" href=\"http:\/\/www.europarl.europa.eu\/news\/es\/news-room\/20161020IPR47865\">La UE debe destinar m\u00e1s fondos para empleo y j\u00f3venes en 2017, dice el PE<\/a><\/h2>\n<\/div>\n<div style=\"border: 0px; clear: both; font-family: inherit; font-size: 1em; font-style: inherit; margin: 0px 12px 12px 0px; padding: 0px; position: relative; vertical-align: baseline; z-index: 20;\"><a style=\"border: none; display: block; font-family: inherit; font-style: inherit; margin: 0px; max-width: 100%; padding: 0px; position: relative; text-align: center; text-decoration: none; vertical-align: baseline;\" title=\"\u00a9 AP Images\/ European Union-EP\" href=\"http:\/\/www.europarl.europa.eu\/resources\/library\/images\/20161025PHT48806\/20161025PHT48806_original.jpg?epbox%5Breference%5D=20161020IPR47865\" target=\"_blank\" rel=\"noopener\"><img decoding=\"async\" style=\"border: none; display: inline-block; font-family: inherit; font-style: inherit; margin: 0px; max-width: 100%; padding: 0px; position: relative; vertical-align: baseline;\" title=\"\" src=\"http:\/\/www.europarl.europa.eu\/resources\/library\/images\/20161025PHT48806\/20161025PHT48806_landscape_300_175.jpg\" alt=\"Budget illustration photo \u00a9AP Images\/ European Union-EP\" \/><span style=\"background-image: none; background-position: 50% 50%; background-repeat: no-repeat no-repeat; border: none; bottom: 0px; clear: none; display: block; font-family: inherit; font-size: 0.01em; font-style: inherit; height: auto; left: 0px; margin: -1px 0px 0px; outline: none; overflow: hidden; padding: 0px; position: absolute; top: 0px; vertical-align: baseline; width: 288px;\" title=\"Ampliar la imagen\">\u00a0<\/span><\/a><\/div>\n<div style=\"border: 0px; font-family: inherit; font-size: 1.2em; font-style: inherit; line-height: 1.6em; margin: 0px 12px 8px 0px; padding: 0px; position: relative; top: -2px; vertical-align: baseline;\">\n<div style=\"border: 0px; font-family: inherit; font-style: inherit; padding: 0px; position: relative; vertical-align: baseline;\">El Parlamento quiere m\u00e1s dinero para ayudar a los j\u00f3venes a encontrar empleo, impulsar el crecimiento econ\u00f3mico y ayudar a terceros pa\u00edses a mitigar la crisis migratoria. En una votaci\u00f3n el mi\u00e9rcoles en el pleno, los eurodiputados se opusieron a los recortes propuestos por el Consejo para el presupuesto de la UE de 2017 y confiaron en obtener fondos adicionales tras la revisi\u00f3n del marco financiero plurianual.\u00a0<a style=\"border: 0px; color: #195b92; cursor: pointer; display: inline; font-family: inherit; font-size: 1em; font-style: inherit; margin: 0px; padding: 0px; position: relative; text-decoration: none; vertical-align: baseline;\" title=\"Acceder a la p\u00e1gina\" href=\"http:\/\/www.europarl.europa.eu\/news\/es\/news-room\/20161020IPR47865\">(M\u00e1s\u2026<span style=\"background-color: white; border: none; color: black; display: block; font-family: inherit; font-size: 1em; font-style: inherit; height: 1px; left: -100000px; margin: 0px; overflow: hidden; padding: 0px; position: absolute; top: 0px; vertical-align: baseline; width: 1px;\">: La UE debe destinar m\u00e1s fondos para empleo y j\u00f3venes en 2017, dice el PE<\/span>)<\/a><\/div>\n<\/div>\n<div style=\"border: 0px; font-family: inherit; font-style: inherit; left: auto; margin: 0px 12px 12px 0px; padding: 0px; position: relative; vertical-align: baseline;\">\n<h2 style=\"border: 0px; color: #13334d; font-family: inherit; font-style: inherit; left: auto; margin: 0px; padding: 0px; position: relative; vertical-align: baseline;\"><a style=\"border: 0px; color: #13334d; cursor: pointer; font-family: inherit; font-style: inherit; font-weight: inherit; margin: 0px; padding: 0px; text-decoration: none; vertical-align: baseline;\" title=\"Acceder a la p\u00e1gina\" href=\"http:\/\/www.europarl.europa.eu\/news\/es\/news-room\/20161024STO48384\">Glosario del presupuesto de la UE: \u00bfqu\u00e9 hay detr\u00e1s de la jerga comunitaria?<\/a><\/h2>\n<\/div>\n<div style=\"border: 0px; clear: both; font-family: inherit; font-size: 1em; font-style: inherit; margin: 0px 12px 12px 0px; padding: 0px; position: relative; vertical-align: baseline; z-index: 20;\"><a style=\"border: none; display: block; font-family: inherit; font-style: inherit; margin: 0px; max-width: 100%; padding: 0px; position: relative; text-align: center; text-decoration: none; vertical-align: baseline;\" title=\"El presupuesto comunitario \u00a9AP Images\/ Uni\u00f3n Europea PE\" href=\"http:\/\/www.europarl.europa.eu\/resources\/library\/images\/20161024PHT48470\/20161024PHT48470_original.jpg?epbox%5Breference%5D=20161024STO48384\" target=\"_blank\" rel=\"noopener\"><img decoding=\"async\" style=\"border: none; display: inline-block; font-family: inherit; font-style: inherit; margin: 0px; max-width: 100%; padding: 0px; position: relative; vertical-align: baseline;\" title=\"\" src=\"http:\/\/www.europarl.europa.eu\/resources\/library\/images\/20161024PHT48470\/20161024PHT48470_landscape_300_175.jpg\" alt=\"Foto: imagen ilustrativa de la negociaci\u00f3n del presupuesto en la que se ven dos manos sobre un papel\" \/><span style=\"background-image: none; background-position: 50% 50%; background-repeat: no-repeat no-repeat; border: none; bottom: 0px; clear: none; display: block; font-family: inherit; font-size: 0.01em; font-style: inherit; height: auto; left: 0px; margin: -1px 0px 0px; outline: none; overflow: hidden; padding: 0px; position: absolute; top: 0px; vertical-align: baseline; width: 288px;\" title=\"Ampliar la imagen\">\u00a0<\/span><\/a><\/div>\n<div style=\"border: 0px; font-family: inherit; font-size: 1.2em; font-style: inherit; line-height: 1.6em; margin: 0px 12px 8px 0px; padding: 0px; position: relative; top: -2px; vertical-align: baseline;\">\n<div style=\"border: 0px; font-family: inherit; font-style: inherit; padding: 0px; position: relative; vertical-align: baseline;\">La terminolog\u00eda presupuestaria de la UE puede resultar compleja. Conozca las expresiones clave, el mismo d\u00eda en que el Pleno del Parlamento ha votado el presupuesto comunitario para 2017 y la revisi\u00f3n del marco plurianual 2014-2020. Por la tarde, el Tribunal de Cuentas presenta su evaluaci\u00f3n sobre el ejercicio 2015.\u00a0<a style=\"border: 0px; color: #195b92; cursor: pointer; display: inline; font-family: inherit; font-size: 1em; font-style: inherit; margin: 0px; padding: 0px; position: relative; text-decoration: none; vertical-align: baseline;\" title=\"Acceder a la p\u00e1gina\" href=\"http:\/\/www.europarl.europa.eu\/news\/es\/news-room\/20161024STO48384\">(M\u00e1s\u2026<span style=\"background-color: white; border: none; color: black; display: block; font-family: inherit; font-size: 1em; font-style: inherit; height: 1px; left: -100000px; margin: 0px; overflow: hidden; padding: 0px; position: absolute; top: 0px; vertical-align: baseline; width: 1px;\">: Glosario del presupuesto de la UE: \u00bfqu\u00e9 hay detr\u00e1s de la jerga comunitaria?<\/span>)<\/a><\/div>\n<\/div>\n<div style=\"border: 0px; font-family: inherit; font-style: inherit; left: auto; margin: 0px 12px 12px 0px; padding: 0px; position: relative; vertical-align: baseline;\">\n<h2 style=\"border: 0px; color: #13334d; font-family: inherit; font-style: inherit; left: auto; margin: 0px; padding: 0px; position: relative; vertical-align: baseline;\"><a style=\"border: 0px; color: #13334d; cursor: pointer; font-family: inherit; font-style: inherit; font-weight: inherit; margin: 0px; padding: 0px; text-decoration: none; vertical-align: baseline;\" title=\"Acceder a la p\u00e1gina\" href=\"http:\/\/www.europarl.europa.eu\/news\/es\/news-room\/20160830STO40504\">Presupuesto de la UE para 2017: El Parlamento prepara su opini\u00f3n<\/a><\/h2>\n<\/div>\n<div style=\"border: 0px; clear: both; font-family: inherit; font-size: 1em; font-style: inherit; margin: 0px 12px 12px 0px; padding: 0px; position: relative; vertical-align: baseline; z-index: 20;\"><a style=\"border: none; display: block; font-family: inherit; font-style: inherit; margin: 0px; max-width: 100%; padding: 0px; position: relative; text-align: center; text-decoration: none; vertical-align: baseline;\" title=\"\" href=\"http:\/\/www.europarl.europa.eu\/news\/es\/news-room\/20160830STO40504\/Presupuesto-de-la-UE-para-2017-El-Parlamento-prepara-su-opini%C3%B3n\"><img decoding=\"async\" style=\"border: none; display: inline-block; font-family: inherit; font-style: inherit; margin: 0px; max-width: 100%; padding: 0px; position: relative; vertical-align: baseline;\" title=\"\" src=\"http:\/\/www.europarl.europa.eu\/resources\/library\/images\/20140904PHT58627\/20140904PHT58627_landscape_300_175.jpg\" alt=\"\" \/><span style=\"background-image: url('http:\/\/www.europarl.europa.eu\/website\/common\/img\/icon\/boxbody_icon_img_graphic.png'); background-position: 50% 50%; background-repeat: no-repeat no-repeat; border: none; bottom: 0px; clear: none; display: block; font-family: inherit; font-size: 0.01em; font-style: inherit; height: auto; left: 0px; margin: -1px 0px 0px; outline: none; overflow: hidden; padding: 0px; position: absolute; top: 0px; vertical-align: baseline; width: 288px;\" title=\"Acceder a la p\u00e1gina\">\u00a0<\/span><\/a><\/div>\n<div style=\"border: 0px; font-family: inherit; font-size: 1.2em; font-style: inherit; line-height: 1.6em; margin: 0px 12px 8px 0px; padding: 0px; position: relative; top: -2px; vertical-align: baseline;\">\n<div style=\"border: 0px; font-family: inherit; font-style: inherit; padding: 0px; position: relative; vertical-align: baseline;\">Las comisiones del PE se pronuncian esta semana sobre la propuesta de marco presupuestario de la UE para 2017. Su opini\u00f3n alimentar\u00e1 la posici\u00f3n final de la Euroc\u00e1mara, que votar\u00e1 el Pleno en su sesi\u00f3n de finales de octubre. La comisi\u00f3n de Presupuestos, por su parte, discutir\u00e1 el mi\u00e9rcoles las enmiendas al presupuesto propuestas por el Consejo de la UE, en el que est\u00e1n representados los Gobiernos nacionales. Consulte nuestra infograf\u00eda sobre c\u00f3mo se elabora el presupuesto comunitario.\u00a0<a style=\"border: 0px; color: #195b92; cursor: pointer; display: inline; font-family: inherit; font-size: 1em; font-style: inherit; margin: 0px; padding: 0px; position: relative; text-decoration: none; vertical-align: baseline;\" title=\"Acceder a la p\u00e1gina\" href=\"http:\/\/www.europarl.europa.eu\/news\/es\/news-room\/20160830STO40504\">(M\u00e1s\u2026<span style=\"background-color: white; border: none; color: black; display: block; font-family: inherit; font-size: 1em; font-style: inherit; height: 1px; left: -100000px; margin: 0px; overflow: hidden; padding: 0px; position: absolute; top: 0px; vertical-align: baseline; width: 1px;\">: Presupuesto de la UE para 2017: El Parlamento prepara su opini\u00f3n<\/span>)<\/a><\/div>\n<\/div>\n<\/div>\n<div style=\"border: 0px; clear: right; float: left; font-family: inherit; font-size: 1em; font-style: inherit; margin: 0px; padding: 12px 0px 0px; position: relative; vertical-align: baseline; width: 300px;\">\n<div style=\"border: 0px; font-family: inherit; font-style: inherit; left: auto; margin: 0px 0px 12px 12px; padding: 0px; position: relative; vertical-align: baseline;\">\n<h2 style=\"border: 0px; color: #13334d; font-family: inherit; font-style: inherit; left: auto; margin: 0px; padding: 0px; position: relative; vertical-align: baseline;\"><a style=\"border: 0px; color: #13334d; cursor: pointer; font-family: inherit; font-style: inherit; font-weight: inherit; margin: 0px; padding: 0px; text-decoration: none; vertical-align: baseline;\" title=\"Acceder a la p\u00e1gina\" href=\"http:\/\/www.europarl.europa.eu\/news\/es\/news-room\/20161114IPR51031\">EU Budget deal: EP achieves best support for youth and growth initiatives<\/a><\/h2>\n<\/div>\n<div style=\"border: 0px; font-family: inherit; font-size: 1.2em; font-style: inherit; line-height: 1.6em; margin: 0px 0px 8px 12px; padding: 0px; position: relative; top: -2px; vertical-align: baseline;\">\n<div style=\"border: 0px; font-family: inherit; font-style: inherit; padding: 0px; position: relative; vertical-align: baseline;\">MEPs have fought for and obtained better support for unemployed youngsters and additional funds to boost key initiatives supporting SMEs, transport infrastructure projects, research and Erasmus+ student mobility. The provisional deal on the EU Budget 2017 with the Council was reached in the early hours of Thursday. After Budget MEPs and Council have formally endorsed the agreement, the new EU budget will be voted in plenary in December.\u00a0<a style=\"border: 0px; color: #195b92; cursor: pointer; display: inline; font-family: inherit; font-size: 1em; font-style: inherit; margin: 0px; padding: 0px; position: relative; text-decoration: none; vertical-align: baseline;\" title=\"Acceder a la p\u00e1gina\" href=\"http:\/\/www.europarl.europa.eu\/news\/es\/news-room\/20161114IPR51031\">(M\u00e1s\u2026<span style=\"background-color: white; border: none; color: black; display: block; font-family: inherit; font-size: 1em; font-style: inherit; height: 1px; left: -100000px; margin: 0px; overflow: hidden; padding: 0px; position: absolute; top: 0px; vertical-align: baseline; width: 1px;\">: EU Budget deal: EP achieves best support for youth and growth initiatives<\/span>)<\/a><\/div>\n<\/div>\n<div style=\"border: 0px; font-family: inherit; font-style: inherit; left: auto; margin: 0px 0px 12px 12px; padding: 0px; position: relative; vertical-align: baseline;\">\n<h2 style=\"border: 0px; color: #13334d; font-family: inherit; font-style: inherit; left: auto; margin: 0px; padding: 0px; position: relative; vertical-align: baseline;\"><a style=\"border: 0px; color: #13334d; cursor: pointer; font-family: inherit; font-style: inherit; font-weight: inherit; margin: 0px; padding: 0px; text-decoration: none; vertical-align: baseline;\" title=\"Acceder a la p\u00e1gina\" href=\"http:\/\/www.europarl.europa.eu\/news\/es\/news-room\/20161014STO47383\">Jens Geier reconoce que el brexit ya afectar\u00e1 al presupuesto de la UE en 2017<\/a><\/h2>\n<\/div>\n<div style=\"border: 0px; clear: both; font-family: inherit; font-size: 1em; font-style: inherit; margin: 0px 0px 12px 12px; padding: 0px; position: relative; vertical-align: baseline; z-index: 20;\"><a style=\"border: none; display: block; font-family: inherit; font-style: inherit; margin: 0px; max-width: 100%; padding: 0px; position: relative; text-align: center; text-decoration: none; vertical-align: baseline;\" title=\"Entrevista con Jens Geier - vicepresidente de la comisi\u00f3n de presupuesto del PE\" href=\"http:\/\/www.europarl.europa.eu\/resources\/library\/images\/20161019PHT47733\/20161019PHT47733_original.jpg?epbox%5Breference%5D=20161014STO47383\" target=\"_blank\" rel=\"noopener\"><img decoding=\"async\" style=\"border: none; display: inline-block; font-family: inherit; font-style: inherit; margin: 0px; max-width: 100%; padding: 0px; position: relative; vertical-align: baseline;\" title=\"\" src=\"http:\/\/www.europarl.europa.eu\/resources\/library\/images\/20161019PHT47733\/20161019PHT47733_landscape_300_175.jpg\" alt=\"Foto: primer plano del eurodiputado durante la entrevista\" \/><span style=\"background-image: none; background-position: 50% 50%; background-repeat: no-repeat no-repeat; border: none; bottom: 0px; clear: none; display: block; font-family: inherit; font-size: 0.01em; font-style: inherit; height: auto; left: 0px; margin: -1px 0px 0px; outline: none; overflow: hidden; padding: 0px; position: absolute; top: 0px; vertical-align: baseline; width: 288px;\" title=\"Ampliar la imagen\">\u00a0<\/span><\/a><\/div>\n<div style=\"border: 0px; font-family: inherit; font-size: 1.2em; font-style: inherit; line-height: 1.6em; margin: 0px 0px 8px 12px; padding: 0px; position: relative; top: -2px; vertical-align: baseline;\">\n<div style=\"border: 0px; font-family: inherit; font-style: inherit; padding: 0px; position: relative; vertical-align: baseline;\">El eurodiputado socialdem\u00f3crata alem\u00e1n Jens Geier, uno de los responsables de la negociaci\u00f3n del presupuesto comunitario a su paso por el Parlamento Europeo, ha reconocido en una entrevista que la decisi\u00f3n del Reino Unido de abandonar la UE, el denominado \u00abbrexit\u00bb, ya afectar\u00e1 a las cuentas de la Uni\u00f3n en 2017, aunque no se haya concretado a\u00fan c\u00f3mo se desarrollar\u00e1 el proceso de salida. El Parlamento fijar\u00e1 su posici\u00f3n en la sesi\u00f3n plenaria del pr\u00f3ximo 26 de octubre.\u00a0<a style=\"border: 0px; color: #195b92; cursor: pointer; display: inline; font-family: inherit; font-size: 1em; font-style: inherit; margin: 0px; padding: 0px; position: relative; text-decoration: none; vertical-align: baseline;\" title=\"Acceder a la p\u00e1gina\" href=\"http:\/\/www.europarl.europa.eu\/news\/es\/news-room\/20161014STO47383\">(M\u00e1s\u2026<span style=\"background-color: white; border: none; color: black; display: block; font-family: inherit; font-size: 1em; font-style: inherit; height: 1px; left: -100000px; margin: 0px; overflow: hidden; padding: 0px; position: absolute; top: 0px; vertical-align: baseline; width: 1px;\">: Jens Geier reconoce que el brexit ya afectar\u00e1 al presupuesto de la UE en 2017<\/span>)<\/a><\/div>\n<\/div>\n<div style=\"border: 0px; font-family: inherit; font-style: inherit; left: auto; margin: 0px 0px 12px 12px; padding: 0px; position: relative; vertical-align: baseline;\">\n<h2 style=\"border: 0px; color: #13334d; font-family: inherit; font-style: inherit; left: auto; margin: 0px; padding: 0px; position: relative; vertical-align: baseline;\"><a style=\"border: 0px; color: #13334d; cursor: pointer; font-family: inherit; font-style: inherit; font-weight: inherit; margin: 0px; padding: 0px; text-decoration: none; vertical-align: baseline;\" title=\"Acceder a la p\u00e1gina\" href=\"http:\/\/www.europarl.europa.eu\/news\/es\/news-room\/20160905STO41312\">Presupuesto de la UE: C\u00f3mo hacerlo m\u00e1s eficiente y flexible<\/a><\/h2>\n<\/div>\n<div style=\"border: 0px; clear: both; font-family: inherit; font-size: 1em; font-style: inherit; margin: 0px 0px 12px 12px; padding: 0px; position: relative; vertical-align: baseline; z-index: 20;\"><a style=\"border: none; display: block; font-family: inherit; font-style: inherit; margin: 0px; max-width: 100%; padding: 0px; position: relative; text-align: center; text-decoration: none; vertical-align: baseline;\" title=\"Presupuesto de la UE \u00a9AP Images\/ Uni\u00f3n Europea - PE\" href=\"http:\/\/www.europarl.europa.eu\/resources\/library\/images\/20160907PHT41525\/20160907PHT41525_original.jpg?epbox%5Breference%5D=20160905STO41312\" target=\"_blank\" rel=\"noopener\"><img decoding=\"async\" style=\"border: none; display: inline-block; font-family: inherit; font-style: inherit; margin: 0px; max-width: 100%; padding: 0px; position: relative; vertical-align: baseline;\" title=\"\" src=\"http:\/\/www.europarl.europa.eu\/resources\/library\/images\/20160907PHT41525\/20160907PHT41525_landscape_300_175.jpg\" alt=\"Imagen de una p\u00e1gina del presupuesto de la UE\" \/><span style=\"background-image: none; background-position: 50% 50%; background-repeat: no-repeat no-repeat; border: none; bottom: 0px; clear: none; display: block; font-family: inherit; font-size: 0.01em; font-style: inherit; height: auto; left: 0px; margin: -1px 0px 0px; outline: none; overflow: hidden; padding: 0px; position: absolute; top: 0px; vertical-align: baseline; width: 288px;\" title=\"Ampliar la imagen\">\u00a0<\/span><\/a><\/div>\n<div style=\"border: 0px; font-family: inherit; font-size: 1.2em; font-style: inherit; line-height: 1.6em; margin: 0px 0px 8px 12px; padding: 0px; position: relative; top: -2px; vertical-align: baseline;\">\n<div style=\"border: 0px; font-family: inherit; font-style: inherit; padding: 0px; position: relative; vertical-align: baseline;\">El presupuesto de la UE ha sido criticado durante a\u00f1os por depender demasiado de las contribuciones de los Estados miembros y por ser demasiado inflexible cuando surge una crisis. Eurodiputados y miembros de los parlamentos nacionales comenzaron el 7 de septiembre una conferencia de dos d\u00edas centrada en las v\u00edas para financiar el presupuesto de la Uni\u00f3n. Muchos de los participantes coincidieron en que se necesita una reforma para lograr m\u00e1s transparencia y eficiencia.\u00a0<a style=\"border: 0px; color: #195b92; cursor: pointer; display: inline; font-family: inherit; font-size: 1em; font-style: inherit; margin: 0px; padding: 0px; position: relative; text-decoration: none; vertical-align: baseline;\" title=\"Acceder a la p\u00e1gina\" href=\"http:\/\/www.europarl.europa.eu\/news\/es\/news-room\/20160905STO41312\">(M\u00e1s\u2026<span style=\"background-color: white; border: none; color: black; display: block; font-family: inherit; font-size: 1em; font-style: inherit; height: 1px; left: -100000px; margin: 0px; overflow: hidden; padding: 0px; position: absolute; top: 0px; vertical-align: baseline; width: 1px;\">: Presupuesto de la UE: C\u00f3mo hacerlo m\u00e1s eficiente y flexible<\/span>)<\/a><\/div>\n<\/div>\n<div style=\"border: 0px; font-family: inherit; font-style: inherit; left: auto; margin: 0px 0px 12px 12px; padding: 0px; position: relative; vertical-align: baseline;\">\n<h2 style=\"border: 0px; color: #13334d; font-family: inherit; font-style: inherit; left: auto; margin: 0px; padding: 0px; position: relative; vertical-align: baseline;\"><a style=\"border: 0px; color: #13334d; cursor: pointer; font-family: inherit; font-style: inherit; font-weight: inherit; margin: 0px; padding: 0px; text-decoration: none; vertical-align: baseline;\" title=\"Acceder a la p\u00e1gina\" href=\"http:\/\/www.europarl.europa.eu\/news\/es\/news-room\/20141202IFG82334\">El presupuesto de la UE, explicado: inversiones y contribuci\u00f3n de cada Estado<\/a><\/h2>\n<\/div>\n<div style=\"border: 0px; clear: both; font-family: inherit; font-size: 1em; font-style: inherit; margin: 0px 0px 12px 12px; padding: 0px; position: relative; vertical-align: baseline; z-index: 20;\"><a style=\"border: none; display: block; font-family: inherit; font-style: inherit; margin: 0px; max-width: 100%; padding: 0px; position: relative; text-align: center; text-decoration: none; vertical-align: baseline;\" title=\"\" href=\"http:\/\/www.europarl.europa.eu\/news\/es\/news-room\/20141202IFG82334\/El-presupuesto-de-la-UE-explicado-inversiones-y-contribuci%C3%B3n-de-cada-Estado\"><img decoding=\"async\" style=\"border: none; display: inline-block; font-family: inherit; font-style: inherit; margin: 0px; max-width: 100%; padding: 0px; position: relative; vertical-align: baseline;\" title=\"\" src=\"http:\/\/www.europarl.europa.eu\/resources\/library\/images\/20141202PHT82313\/20141202PHT82313_landscape_300_175.jpg\" alt=\"\" \/><span style=\"background-image: url('http:\/\/www.europarl.europa.eu\/website\/common\/img\/icon\/boxbody_icon_img_graphic.png'); background-position: 50% 50%; background-repeat: no-repeat no-repeat; border: none; bottom: 0px; clear: none; display: block; font-family: inherit; font-size: 0.01em; font-style: inherit; height: auto; left: 0px; margin: -1px 0px 0px; outline: none; overflow: hidden; padding: 0px; position: absolute; top: 0px; vertical-align: baseline; width: 288px;\" title=\"Acceder a la p\u00e1gina\">\u00a0<\/span><\/a><\/div>\n<\/div>\n<div style=\"border: 0px; clear: both; font-family: inherit; font-size: 1em; font-style: inherit; margin: 0px; padding: 12px 0px 0px; position: relative; vertical-align: baseline;\">\n<div style=\"border: 0px; font-family: inherit; font-size: 1.1em; font-style: inherit; margin: 0px 0px 12px; padding: 0px; position: relative; vertical-align: baseline;\"><abbr style=\"cursor: help; font-family: inherit; font-style: inherit; margin: 0px; padding: 0px; speak: spell-out; vertical-align: baseline;\" title=\"Referencia\">Ref.<\/abbr>\u00a0: 20161116TST51301- Fuente: Parlamento Europeo<\/div>\n<\/div>\n<\/div>\n<\/div>\n<\/div>\n","protected":false},"excerpt":{"rendered":"<p>:\u00a0 \u00a0&#8211;\u00a0Prioridades del Parlamento: juventud, empleo, crecimiento y migraci\u00f3n \u00a0 \u00a0 El presupuesto de la&#8230;<\/p>\n","protected":false},"author":2,"featured_media":0,"comment_status":"open","ping_status":"open","sticky":false,"template":"","format":"standard","meta":{"ngg_post_thumbnail":0,"footnotes":""},"categories":[1],"tags":[],"class_list":["post-58","post","type-post","status-publish","format-standard","hentry","category-hemeroteca"],"_links":{"self":[{"href":"https:\/\/aedecanarias.eu\/index.php?rest_route=\/wp\/v2\/posts\/58","targetHints":{"allow":["GET"]}}],"collection":[{"href":"https:\/\/aedecanarias.eu\/index.php?rest_route=\/wp\/v2\/posts"}],"about":[{"href":"https:\/\/aedecanarias.eu\/index.php?rest_route=\/wp\/v2\/types\/post"}],"author":[{"embeddable":true,"href":"https:\/\/aedecanarias.eu\/index.php?rest_route=\/wp\/v2\/users\/2"}],"replies":[{"embeddable":true,"href":"https:\/\/aedecanarias.eu\/index.php?rest_route=%2Fwp%2Fv2%2Fcomments&post=58"}],"version-history":[{"count":1,"href":"https:\/\/aedecanarias.eu\/index.php?rest_route=\/wp\/v2\/posts\/58\/revisions"}],"predecessor-version":[{"id":639,"href":"https:\/\/aedecanarias.eu\/index.php?rest_route=\/wp\/v2\/posts\/58\/revisions\/639"}],"wp:attachment":[{"href":"https:\/\/aedecanarias.eu\/index.php?rest_route=%2Fwp%2Fv2%2Fmedia&parent=58"}],"wp:term":[{"taxonomy":"category","embeddable":true,"href":"https:\/\/aedecanarias.eu\/index.php?rest_route=%2Fwp%2Fv2%2Fcategories&post=58"},{"taxonomy":"post_tag","embeddable":true,"href":"https:\/\/aedecanarias.eu\/index.php?rest_route=%2Fwp%2Fv2%2Ftags&post=58"}],"curies":[{"name":"wp","href":"https:\/\/api.w.org\/{rel}","templated":true}]}}