{"id":55,"date":"2017-01-16T21:19:00","date_gmt":"2017-01-16T21:19:00","guid":{"rendered":"https:\/\/aedecanarias.eu"},"modified":"2021-01-26T20:09:19","modified_gmt":"2021-01-26T20:09:19","slug":"55-2","status":"publish","type":"post","link":"https:\/\/aedecanarias.eu\/?p=55","title":{"rendered":"La ULPGC da la bienvenida a los Erasmus"},"content":{"rendered":"\n<div class=\"twitter-share\"><a href=\"https:\/\/twitter.com\/intent\/tweet?via=aedecanarias\" class=\"twitter-share-button\" data-size=\"large\">Twittear<\/a><\/div>\n<h1 style=\"font-family: roboto_condensedregular, Arial, Helvetica, sans-serif; font-size: 48px; font-weight: normal; line-height: 54px; margin-bottom: 20px; margin-top: 15px; outline: none medium;\"><\/h1>\n<h2 style=\"font-family: roboto_condensedregular, Arial, Helvetica, sans-serif; font-size: 20px; font-weight: normal; line-height: 28px; margin-bottom: 15px; margin-top: 10px; outline: none medium;\">El centro universitario acoge alrededor de 300 estudiantes de intercambio<\/h2>\n<p><span style=\"border-right-color: #8b8b8b; border-right-style: solid; border-right-width: 1px; color: #4b4b4b; font-family: Arial, Helvetica, sans-serif; font-size: 11px; line-height: 12px; margin-right: 5px; padding-right: 5px; text-transform: capitalize;\"><a style=\"border-bottom-color: #555555; border-bottom-style: dotted; border-bottom-width: 1px; color: #4b4b4b; font-weight: bold; line-height: 12px; outline: 0px; text-decoration: none;\" href=\"http:\/\/www.laprovincia.es\/autores\/laprovincia-es.html\">Laprovincia.es&nbsp;<\/a><\/span><span style=\"clear: both; color: #8a8a8a; font-family: roboto_condensedregular, Tahoma, Arial, Helvetica; font-size: 14px; line-height: normal; margin-top: 2px; padding-bottom: 5px;\">16.01.2017 | 18:27<\/span><\/p>\n<div style=\"border-top-width: 0px; color: #555555; font-family: robotoregular, Arial, Tahoma, Geneva, sans-serif; font-size: 15px; line-height: 24px; margin-top: 10px;\">\n<div style=\"clear: left; float: right; margin-bottom: 10px; margin-left: 10px; padding-left: 10px; width: 328px;\">\n<div style=\"height: auto; position: relative; text-align: right; width: 328px;\">\n<div style=\"background-color: white; max-width: 100%; width: 318px;\">\n<div style=\"background-attachment: scroll; background-color: #dfdfdf; background-image: none; background-position: 0px 0px; background-repeat: repeat repeat; margin-bottom: 5px; position: relative; text-align: center;\"><a style=\"border-bottom-width: 0px; color: #d07b07; font-family: Arial, Helvetica, sans-serif; font-size: 14px; line-height: 18px; outline: 0px; text-decoration: none;\" href=\"http:\/\/www.laprovincia.es\/multimedia\/fotos\/gran-canaria\/2017-01-16-80305-acto-bienvenida-alumnos-erasmus.html\" target=\"_blank\" rel=\"noopener\"><img decoding=\"async\" class=\"imagen\" style=\"border-style: none; height: auto; max-width: 100%; position: relative; width: 318px;\" src=\"http:\/\/imagenes-cdn.laprovincia.es\/multimedia\/fotos\/2017\/01\/16\/80305\/preview_m.jpg?t=1484590749000\" alt=\"Acto de bienvenida a los alumnos Erasmus\" border=\"0\"><\/a><\/p>\n<div style=\"background-image: none; border-bottom-left-radius: 5px; border-bottom-right-radius: 5px; border-top-left-radius: 5px; border-top-right-radius: 5px; border: 2px solid #ffffff; bottom: 5%; height: 50px; left: 10px !important; margin-left: 0px; margin-top: 0px; position: absolute; right: 0px; text-align: left; top: auto !important; width: 60px !important;\">\n<div style=\"background-color: rgba(43, 51, 63, 0.701961); background-image: url('http:\/\/estaticos01.laprovincia.es\/elementosWeb\/mediaweb\/images\/multimedia\/camaraGalerias01.png'); background-position: 50% 50%; background-repeat: no-repeat no-repeat; border-bottom-left-radius: 5px; border-bottom-right-radius: 5px; border-top-left-radius: 5px; border-top-right-radius: 5px; color: white; font-family: Arial, Helvetica, sans-serif; font-size: 0px; height: 50px; margin: 0px; padding-right: 0px; text-align: right; width: 60px;\"><a style=\"border-bottom-left-radius: 5px; border-bottom-right-radius: 5px; border-bottom-width: 0px; border-top-left-radius: 5px; border-top-right-radius: 5px; color: white; display: block; height: 50px; line-height: 18px; outline: 0px; text-decoration: none; width: 60px;\" title=\"Ver Galer\u00eda\" href=\"http:\/\/www.laprovincia.es\/multimedia\/fotos\/gran-canaria\/2017-01-16-80305-acto-bienvenida-alumnos-erasmus.html\" target=\"_blank\" rel=\"noopener\">Ver Galer\u00eda<\/a><\/div>\n<\/div>\n<\/div>\n<p><span style=\"bottom: 5px; color: #3a3a3a; display: inline; font-size: 11px; line-height: 22px; margin: 0px; padding-left: 5px; padding-right: 5px;\">La ULPGC da la bienvenida a los Erasmus<\/span><\/p>\n<\/div>\n<\/div>\n<div style=\"height: auto; position: relative; text-align: right; width: 328px;\">\n<div style=\"background-color: white; max-width: 100%; width: 318px;\">\n<div style=\"background-attachment: scroll; background-color: #dfdfdf; background-image: none; background-position: 0px 0px; background-repeat: repeat repeat; margin-bottom: 5px; position: relative; text-align: center;\"><a style=\"border-bottom-width: 0px; color: #d07b07; font-family: Arial, Helvetica, sans-serif; font-size: 14px; line-height: 18px; outline: 0px; text-decoration: none;\" href=\"http:\/\/www.laprovincia.es\/multimedia\/fotos\/gran-canaria\/2017-01-16-80305-acto-bienvenida-alumnos-erasmus.html\" target=\"_blank\" rel=\"noopener\"><img decoding=\"async\" class=\"imagen\" style=\"border-style: none; height: auto; max-width: 100%; position: relative; width: 318px;\" src=\"http:\/\/imagenes-cdn.laprovincia.es\/multimedia\/fotos\/2017\/01\/16\/80305\/preview_m.jpg?t=1484590749000\" alt=\"Acto de bienvenida a los alumnos Erasmus\" border=\"0\"><\/a><\/p>\n<div style=\"background-image: none; border-bottom-left-radius: 5px; border-bottom-right-radius: 5px; border-top-left-radius: 5px; border-top-right-radius: 5px; border: 2px solid #ffffff; bottom: 5%; height: 50px; left: 10px !important; margin-left: 0px; margin-top: 0px; position: absolute; right: 0px; text-align: left; top: auto !important; width: 60px !important;\">\n<div style=\"background-color: rgba(43, 51, 63, 0.701961); background-image: url('http:\/\/estaticos01.laprovincia.es\/elementosWeb\/mediaweb\/images\/multimedia\/camaraGalerias01.png'); background-position: 50% 50%; background-repeat: no-repeat no-repeat; border-bottom-left-radius: 5px; border-bottom-right-radius: 5px; border-top-left-radius: 5px; border-top-right-radius: 5px; color: white; font-family: Arial, Helvetica, sans-serif; font-size: 0px; height: 50px; margin: 0px; padding-right: 0px; text-align: right; width: 60px;\"><a style=\"border-bottom-left-radius: 5px; border-bottom-right-radius: 5px; border-bottom-width: 0px; border-top-left-radius: 5px; border-top-right-radius: 5px; color: white; display: block; height: 50px; line-height: 18px; outline: 0px; text-decoration: none; width: 60px;\" title=\"Ver Galer\u00eda\" href=\"http:\/\/www.laprovincia.es\/multimedia\/fotos\/gran-canaria\/2017-01-16-80305-acto-bienvenida-alumnos-erasmus.html\" target=\"_blank\" rel=\"noopener\">Ver Galer\u00eda<\/a><\/div>\n<\/div>\n<\/div>\n<p><span style=\"bottom: 5px; color: #3a3a3a; display: inline; font-size: 11px; line-height: 22px; margin: 0px; padding-left: 5px; padding-right: 5px;\">La ULPGC da la bienvenida a los Erasmus<\/span><\/p>\n<\/div>\n<\/div>\n<div style=\"clear: both; margin-bottom: 8px; margin-left: 0px; margin-top: 10px;\">\n<ul style=\"margin: 15px 0px 15px 10px; padding: 0px;\">\n<li style=\"background-image: url('http:\/\/estaticos01.laprovincia.es\/elementosWeb\/mediaweb\/images1024\/noticias\/apoyos.gif'); background-position: 0px -128px; background-repeat: no-repeat no-repeat; color: black; display: inline-block; float: left; font-family: roboto_condensedregular, Arial, Helvetica, sans-serif; font-size: 14px; line-height: 19px; list-style-type: none; margin-bottom: 5px; margin-right: 5px; padding-left: 26px; padding-right: 5px;\"><a style=\"border-bottom-style: none; border-bottom-width: 0px; color: black; line-height: 19px; outline: 0px; text-decoration: none;\" href=\"http:\/\/www.laprovincia.es\/multimedia\/fotos\/\">M\u00e1s fotos<\/a><\/li>\n<\/ul>\n<\/div>\n<\/div>\n<div style=\"color: #3a3a3a; line-height: 24px; margin-bottom: 30px; margin-top: 30px; padding: 0px;\">El&nbsp;<strong>Paraninfo de la Sede Institucional de la Universidad de Las Palmas de Gran Canaria<\/strong>acogi\u00f3 este lunes el acto institucional en el que se dio la&nbsp;<strong>bienvenida a los estudiantes de intercambio<\/strong>&nbsp;que van a estudiar en el centro universitario durante el segundo cuatrimestre del curso 2016\/2017.<\/div>\n<div style=\"color: #3a3a3a; line-height: 24px; margin-bottom: 30px; margin-top: 30px; padding: 0px;\">La ULPGC acoge alrededor de 300 estudiantes de los diferentes programas de&nbsp;<strong>intercambio Erasmus+<\/strong>&nbsp;para la movilidad dentro de Europa; Mundus y Erasmus Mundus para el intercambio con pa\u00edses no europeos; y SICUE para la movilidad a otras universidades espa\u00f1olas.<\/div>\n<div style=\"color: #3a3a3a; line-height: 24px; margin-bottom: 30px; margin-top: 30px; padding: 0px;\">En el segundo cuatrimestre, la ULPGC contar\u00e1 con la presencia de&nbsp;<strong>estudiantes procedentes de 16 pa\u00edses de la Uni\u00f3n Europea<\/strong>&nbsp;(Polonia, Francia, Italia, Alemania, Hungr\u00eda, Reino Unido, Portugal, Finlandia, Croacia, Pa\u00edses Bajos, Austria, Eslovenia, Suiza, Rep\u00fablica Checa, Ruman\u00eda y Eslovaquia);&nbsp;<strong>16 pa\u00edses extracomunitarios<\/strong>&nbsp;(M\u00e9xico, Chile, Argentina, Brasil, Estados Unidos, Ecuador, Corea del Sur, Uruguay, Uzbekist\u00e1n, Vietnam, Mongolia, India, Marruecos, Argelia, Egipto y T\u00fanez); y&nbsp;<strong>cinco ciudades espa\u00f1olas<\/strong>&nbsp;(Madrid, Alicante, Lleida, Bilbao y Ja\u00e9n).<\/div>\n<div style=\"height: auto; overflow: hidden; visibility: visible;\"><\/div>\n<div style=\"color: #3a3a3a; line-height: 24px; margin-bottom: 30px; margin-top: 30px; padding: 0px;\">El reci\u00e9n nombrado Rector,&nbsp;<strong>Rafael Robaina,<\/strong>&nbsp;presidi\u00f3 la Bienvenida Institucional, que cont\u00f3 con la intervenci\u00f3n del Vicerrector de Internacionalizaci\u00f3n, Richard Clouet; de los Directores de Movilidad e Internacionalizaci\u00f3n del Vicerrectorado de Internacionalizaci\u00f3n y de un t\u00e9cnico del Gabinete de Movilidad.<\/div>\n<div><\/div>\n<\/div>\n","protected":false},"excerpt":{"rendered":"<p>El centro universitario acoge alrededor de 300 estudiantes de intercambio Laprovincia.es&nbsp;16.01.2017 | 18:27 Ver Galer\u00eda&#8230;<\/p>\n","protected":false},"author":2,"featured_media":0,"comment_status":"open","ping_status":"open","sticky":false,"template":"","format":"standard","meta":{"ngg_post_thumbnail":0,"footnotes":""},"categories":[1],"tags":[],"class_list":["post-55","post","type-post","status-publish","format-standard","hentry","category-hemeroteca"],"_links":{"self":[{"href":"https:\/\/aedecanarias.eu\/index.php?rest_route=\/wp\/v2\/posts\/55","targetHints":{"allow":["GET"]}}],"collection":[{"href":"https:\/\/aedecanarias.eu\/index.php?rest_route=\/wp\/v2\/posts"}],"about":[{"href":"https:\/\/aedecanarias.eu\/index.php?rest_route=\/wp\/v2\/types\/post"}],"author":[{"embeddable":true,"href":"https:\/\/aedecanarias.eu\/index.php?rest_route=\/wp\/v2\/users\/2"}],"replies":[{"embeddable":true,"href":"https:\/\/aedecanarias.eu\/index.php?rest_route=%2Fwp%2Fv2%2Fcomments&post=55"}],"version-history":[{"count":2,"href":"https:\/\/aedecanarias.eu\/index.php?rest_route=\/wp\/v2\/posts\/55\/revisions"}],"predecessor-version":[{"id":638,"href":"https:\/\/aedecanarias.eu\/index.php?rest_route=\/wp\/v2\/posts\/55\/revisions\/638"}],"wp:attachment":[{"href":"https:\/\/aedecanarias.eu\/index.php?rest_route=%2Fwp%2Fv2%2Fmedia&parent=55"}],"wp:term":[{"taxonomy":"category","embeddable":true,"href":"https:\/\/aedecanarias.eu\/index.php?rest_route=%2Fwp%2Fv2%2Fcategories&post=55"},{"taxonomy":"post_tag","embeddable":true,"href":"https:\/\/aedecanarias.eu\/index.php?rest_route=%2Fwp%2Fv2%2Ftags&post=55"}],"curies":[{"name":"wp","href":"https:\/\/api.w.org\/{rel}","templated":true}]}}