{"id":54,"date":"2017-01-18T00:31:00","date_gmt":"2017-01-18T00:31:00","guid":{"rendered":"https:\/\/aedecanarias.eu\/presidencia-del-parlamento-europeo"},"modified":"2017-01-18T00:31:00","modified_gmt":"2017-01-18T00:31:00","slug":"presidencia-del-parlamento-europeo","status":"publish","type":"post","link":"https:\/\/aedecanarias.eu\/?p=54","title":{"rendered":"PRESIDENCIA DEL PARLAMENTO EUROPEO"},"content":{"rendered":"\n<div class=\"twitter-share\"><a href=\"https:\/\/twitter.com\/intent\/tweet?via=aedecanarias\" class=\"twitter-share-button\" data-size=\"large\">Twittear<\/a><\/div>\n<header style=\"border: 0px; box-sizing: border-box; color: #444444; font-family: 'Benton Sans', sans-serif; font-size: 17.007999420166016px; line-height: inherit; margin: 0px; padding: 1.25rem 0px 0px; vertical-align: baseline;\">\n<div style=\"border: 0px; box-sizing: border-box; font-family: inherit; font-size: 0.823em; font-style: inherit; font-variant-caps: inherit; line-height: 1.5; margin: 0px 0px 0.25rem; padding: 0px; text-transform: uppercase; vertical-align: baseline;\"><\/div>\n<div style=\"border: 0px; box-sizing: border-box; font-family: inherit; font-size: inherit; font-style: inherit; font-variant-caps: inherit; line-height: inherit; margin: 0px; padding: 0px 0px 0.625rem; vertical-align: baseline;\">\n<h1 itemprop=\"headline\" style=\"border: 0px; box-sizing: border-box; color: black; font-family: Majerit, serif; font-size: 2.47058em; font-style: inherit; font-variant-caps: inherit; letter-spacing: -1px; line-height: 47.902366638183594px; margin: 0px 0px 0.875rem; padding: 0px; vertical-align: baseline;\">El conservador Antonio Tajani presidir\u00e1 la Euroc\u00e1mara<\/h1>\n<div style=\"border: 0px; box-sizing: border-box; font-family: inherit; font-size: inherit; font-style: inherit; font-variant-caps: inherit; line-height: inherit; margin: 0px; padding: 0px; vertical-align: baseline;\">\n<h2 itemprop=\"alternativeHeadline\" style=\"border: 0px; box-sizing: border-box; font-family: Majerit, serif; font-size: 1.176em; font-style: inherit; font-variant-caps: inherit; font-weight: inherit; line-height: 27.00189971923828px; margin: 0px 0px 0.25rem; padding: 0px; vertical-align: baseline;\">El italiano logra el cargo gracias al apoyo del Partido Popular Europeo y del ala euroesc\u00e9ptica<\/h2>\n<\/div>\n<\/div>\n<aside style=\"border-bottom-color: rgb(249, 249, 249); border-bottom-style: solid; border-width: 0px 0px 0.25rem; box-sizing: border-box; font-family: inherit; font-size: inherit; font-style: inherit; font-variant-caps: inherit; line-height: inherit; margin: 0px 0px 1.25rem; padding: 0px; vertical-align: baseline;\">\n<div style=\"border-bottom-color: rgba(100, 100, 100, 0.0980392); border-bottom-style: solid; border-top-color: rgba(100, 100, 100, 0.0980392); border-top-style: solid; border-width: 0.063rem 0px; box-sizing: border-box; font-family: inherit; font-size: inherit; font-style: inherit; font-variant-caps: inherit; line-height: inherit; margin: 0px; padding: 0.625rem 0px; vertical-align: baseline;\">\n<div style=\"border: 0px; box-sizing: border-box; float: left; font-family: inherit; font-size: inherit; font-style: inherit; font-variant-caps: inherit; line-height: inherit; margin: 0px; padding: 0px; vertical-align: baseline;\"><button style=\"-webkit-font-smoothing: antialiased; border-bottom-left-radius: 1.063rem; border-bottom-right-radius: 1.063rem; border-top-left-radius: 1.063rem; border-top-right-radius: 1.063rem; border: none; cursor: pointer; float: left; font-family: inherit; font-size: 2.125rem; font-variant-alternates: normal; font-variant-east-asian: normal; font-variant-ligatures: normal; font-variant-numeric: normal; font-variant-position: normal; height: 2.125rem; line-height: 2.125rem; margin: 0px 0.438rem 0px 0px; overflow: visible; padding: 0px; position: relative; text-indent: -9999px; width: 2.125rem;\"><\/button><button style=\"-webkit-font-smoothing: antialiased; border-bottom-left-radius: 1.063rem; border-bottom-right-radius: 1.063rem; border-top-left-radius: 1.063rem; border-top-right-radius: 1.063rem; border: none; cursor: pointer; float: left; font-family: inherit; font-size: 2.125rem; font-variant-alternates: normal; font-variant-east-asian: normal; font-variant-ligatures: normal; font-variant-numeric: normal; font-variant-position: normal; height: 2.125rem; line-height: 2.125rem; margin: 0px 0.438rem 0px 0px; overflow: visible; padding: 0px; position: relative; text-indent: -9999px; width: 2.125rem;\"><\/button><\/p>\n<div style=\"border: 0px; box-sizing: border-box; float: left; font-family: inherit; font-size: inherit; font-style: inherit; font-variant-caps: inherit; line-height: inherit; margin: 0px 0.438rem 0px 0px; min-height: 1.875rem; min-width: 1.875rem; padding: 0px; position: relative; vertical-align: baseline;\"><button style=\"-webkit-font-smoothing: antialiased; border-bottom-left-radius: 1.063rem; border-bottom-right-radius: 1.063rem; border-top-left-radius: 1.063rem; border-top-right-radius: 1.063rem; border: none; cursor: pointer; float: left; font-family: inherit; font-size: 2.125rem; font-variant-alternates: normal; font-variant-east-asian: normal; font-variant-ligatures: normal; font-variant-numeric: normal; font-variant-position: normal; height: 2.125rem; line-height: 2.125rem; margin: 0px; overflow: visible; padding: 0px; position: relative; text-indent: -9999px; width: 2.125rem;\">Otros<\/button><\/div>\n<p><a href=\"http:\/\/internacional.elpais.com\/internacional\/2017\/01\/17\/actualidad\/1484641058_657642.html#comentarios\" style=\"-webkit-font-smoothing: antialiased; background-color: #d0d0d0; border-bottom-left-radius: 1.063rem; border-bottom-right-radius: 1.063rem; border-top-left-radius: 1.063rem; border-top-right-radius: 1.063rem; border: 0px; box-sizing: border-box; color: #016ca2; display: inline-block; float: left; font-family: inherit; font-size: 2.125rem; font-variant-alternates: normal; font-variant-east-asian: normal; font-variant-ligatures: normal; font-variant-numeric: normal; font-variant-position: normal; height: 2.125rem; line-height: 2.125rem; margin: 0px 0.438rem 0px 0px; min-width: 2.125rem; padding: 0px; position: relative; text-decoration: none; vertical-align: baseline; width: auto;\"><span style=\"border: 0px; box-sizing: border-box; color: white; display: inline-block; float: right; font-family: inherit; font-size: 0.75rem; font-style: inherit; font-variant-caps: inherit; line-height: 2.188rem; margin: 0px; padding: 0px 0.75rem 0px 2.375rem; vertical-align: baseline;\">27<\/span><\/a><\/div>\n<div style=\"border: 0px; box-sizing: border-box; float: right; font-family: inherit; font-size: inherit; font-style: inherit; font-variant-caps: inherit; line-height: inherit; margin: 0px; padding: 0px; vertical-align: baseline;\">\n<div style=\"border: 0px; box-sizing: border-box; float: left; font-family: inherit; font-size: inherit; font-style: inherit; font-variant-caps: inherit; line-height: inherit; margin: 0px 0px 0px 0.438rem; padding: 0px; position: relative; vertical-align: baseline;\"><a href=\"https:\/\/plus.elpais.com\/conectar?backURL=http%3A%2F%2Finternacional.elpais.com%2Finternacional%2F2017%2F01%2F17%2Factualidad%2F1484641058_657642.html\" style=\"-webkit-font-smoothing: antialiased; border-bottom-left-radius: 1.063rem; border-bottom-right-radius: 1.063rem; border-top-left-radius: 1.063rem; border-top-right-radius: 1.063rem; border: 0px; box-sizing: border-box; color: #016ca2; display: inline-block; float: left; font-family: inherit; font-size: 2.125rem; font-variant-alternates: normal; font-variant-east-asian: normal; font-variant-ligatures: normal; font-variant-numeric: normal; font-variant-position: normal; height: 2.125rem; line-height: 2.125rem; margin: 0px; padding: 0px; position: relative; text-decoration: none; text-indent: -9999px; vertical-align: baseline; width: 2.125rem;\" title=\"Tienes que estar registrado en EL PA\u00cdS y haber iniciado sesi\u00f3n para poder guardar en favoritos\">Con\u00e9ctate<\/a><\/div>\n<div style=\"border: 0px; box-sizing: border-box; float: left; font-family: inherit; font-size: inherit; font-style: inherit; font-variant-caps: inherit; line-height: inherit; margin: 0px 0px 0px 0.438rem; padding: 0px; position: relative; vertical-align: baseline;\"><a href=\"https:\/\/plus.elpais.com\/conectar?backURL=http%3A%2F%2Finternacional.elpais.com%2Finternacional%2F2017%2F01%2F17%2Factualidad%2F1484641058_657642.html\" style=\"-webkit-font-smoothing: antialiased; border-bottom-left-radius: 1.063rem; border-bottom-right-radius: 1.063rem; border-top-left-radius: 1.063rem; border-top-right-radius: 1.063rem; border: 0px; box-sizing: border-box; color: #016ca2; display: inline-block; float: left; font-family: inherit; font-size: 2.125rem; font-variant-alternates: normal; font-variant-east-asian: normal; font-variant-ligatures: normal; font-variant-numeric: normal; font-variant-position: normal; height: 2.125rem; line-height: 2.125rem; margin: 0px; padding: 0px; position: relative; text-decoration: none; text-indent: -9999px; vertical-align: baseline; width: 2.125rem;\" target=\"_blank\" title=\"Tienes que estar registrado en EL PA\u00cdS y haber iniciado sesi\u00f3n para enviar la noticia por correo\" rel=\"noopener\">Con\u00e9ctate<\/a><\/div>\n<p><button style=\"-webkit-font-smoothing: antialiased; border-bottom-left-radius: 1.063rem; border-bottom-right-radius: 1.063rem; border-top-left-radius: 1.063rem; border-top-right-radius: 1.063rem; border: none; cursor: pointer; float: left; font-family: inherit; font-size: 2.125rem; font-variant-alternates: normal; font-variant-east-asian: normal; font-variant-ligatures: normal; font-variant-numeric: normal; font-variant-position: normal; height: 2.125rem; line-height: 2.125rem; margin: 0px 0px 0px 0.438rem; overflow: visible; padding: 0px; position: relative; text-indent: -9999px; width: 2.125rem;\"><span style=\"border: 0px; box-sizing: border-box; font-family: inherit; font-size: inherit; font-style: inherit; font-variant-caps: inherit; line-height: inherit; margin: 0px; padding: 0px; vertical-align: baseline;\">Imprimir<\/span><\/button><\/div>\n<\/div>\n<\/aside>\n<\/header>\n<div style=\"border: 0px; box-sizing: border-box; color: #444444; font-family: 'Benton Sans', sans-serif; font-size: 17.007999420166016px; line-height: inherit; margin: 0px 0px 1.25rem; padding: 0px; vertical-align: baseline;\">\n<div style=\"border: 0px; box-sizing: border-box; color: #a4a4a4; float: left; font-family: inherit; font-size: inherit; font-style: inherit; font-variant-caps: inherit; line-height: inherit; margin: 0px 1.875rem 0.438rem 0px; padding: 0px; position: relative; text-align: center; vertical-align: baseline; width: 8.75rem;\">\n<div itemprop=\"author\" itemscope=\"\" itemtype=\"http:\/\/schema.org\/Person\" style=\"border: 0px; box-sizing: border-box; float: none; font-family: inherit; font-size: inherit; font-style: inherit; font-variant-caps: inherit; line-height: inherit; margin: 0px; padding: 0px 0px 2rem; position: relative; vertical-align: baseline;\">\n<figure itemprop=\"image\" itemscope=\"\" itemtype=\"http:\/\/schema.org\/ImageObject\" style=\"border: 0px; box-sizing: border-box; font-family: inherit; font-size: inherit; font-style: inherit; font-variant-caps: inherit; line-height: inherit; margin: 0px auto 0.625rem; max-width: 5rem; padding: 0px; position: relative; vertical-align: baseline; z-index: 1;\"><a href=\"http:\/\/internacional.elpais.com\/autor\/lucia_abellan\/a\/\" style=\"border: none; box-sizing: border-box; color: #016ca2; display: block; font-family: inherit; font-size: inherit; font-style: inherit; font-variant-caps: inherit; line-height: inherit; margin: 0px; padding: 0px; position: relative; text-decoration: none; vertical-align: baseline;\"><img loading=\"lazy\" decoding=\"async\" alt=\"Luc\u00eda Abell\u00e1n\" height=\"80\" src=\"http:\/\/ep00.epimg.net\/miperfil\/avatares\/F\/7E\/luciaabellan.jpg\" style=\"border-bottom-left-radius: 100%; border-bottom-right-radius: 100%; border-top-left-radius: 100%; border-top-right-radius: 100%; border: 0px; box-sizing: border-box; display: block; font-family: inherit; font-size: inherit; font-style: inherit; font-variant-caps: inherit; height: auto; line-height: inherit; margin: 0px auto; max-width: 100%; overflow: hidden; padding: 0px; position: relative; vertical-align: baseline; z-index: 5;\" width=\"80\" \/><\/a><\/figure>\n<div style=\"border: 0px; box-sizing: border-box; font-family: inherit; font-size: inherit; font-style: inherit; font-variant-caps: inherit; line-height: inherit; margin: 0px; padding: 0px; vertical-align: baseline;\"><span itemprop=\"name\" style=\"border: 0px; box-sizing: border-box; display: block; float: none; font-family: inherit; font-size: 0.647em; font-style: inherit; font-variant-caps: inherit; font-weight: 700; line-height: 15.956053733825684px; margin: 0px 0px 0.5rem; padding: 0px; text-transform: uppercase; vertical-align: baseline;\"><a href=\"http:\/\/elpais.com\/autor\/lucia_abellan\/a\/\" itemprop=\"url\" style=\"border: 0px; box-sizing: border-box; color: #111111; font-family: inherit; font-size: inherit; font-style: inherit; font-variant-caps: inherit; font-weight: inherit; line-height: inherit; margin: 0px; padding: 0px; text-decoration: none; vertical-align: baseline;\" title=\"Ver todas las noticias de Luc\u00eda Abell\u00e1n\">LUC\u00cdA ABELL\u00c1N<\/a><\/span><\/p>\n<div style=\"border: 0px; bottom: 0px; box-sizing: border-box; float: none; font-family: inherit; font-size: inherit; font-style: inherit; font-variant-caps: inherit; line-height: inherit; margin: 0px auto; padding: 0px; position: absolute; vertical-align: baseline; width: 140px;\">\n<ul style=\"border: 0px; box-sizing: border-box; display: inline-block; font-family: inherit; font-size: inherit; font-style: inherit; font-variant-caps: inherit; line-height: inherit; list-style: none; margin: 0px auto; padding: 0px; vertical-align: baseline;\">\n<li style=\"border: 0px; box-sizing: border-box; display: inline; float: left; font-family: inherit; font-size: inherit; font-style: inherit; font-variant-caps: inherit; height: auto; line-height: inherit; margin: 0px 0.125rem; max-height: 1rem; padding: 0px; vertical-align: baseline;\"><a href=\"http:\/\/twitter.com\/labellanhdez\" itemprop=\"sameAs\" rel=\"nofollow noopener\" style=\"-webkit-font-smoothing: antialiased; background-size: 1.125rem; border: 0px; box-sizing: border-box; color: #016ca2; display: block; font-family: inherit; font-size: 2.125rem; font-variant-alternates: normal; font-variant-east-asian: normal; font-variant-ligatures: normal; font-variant-numeric: normal; font-variant-position: normal; height: 2rem; line-height: 2rem; margin: 0px; padding: 0px; position: relative; text-decoration: none; text-indent: -9999px; vertical-align: baseline; width: 2rem;\" target=\"_blank\">Twitter<\/a><\/li>\n<\/ul>\n<\/div>\n<p><span itemprop=\"jobTitle\" style=\"border: 0px; box-sizing: border-box; display: block; font-family: inherit; font-size: 0.706em; font-style: inherit; font-variant-caps: inherit; line-height: 15.609941482543945px; margin: 0px; padding: 0px; vertical-align: baseline;\">Corresponsal en Bruselas&nbsp;<\/span><\/div>\n<\/div>\n<\/div>\n<div style=\"border: 0px; box-sizing: border-box; color: #a4a4a4; font-family: inherit; font-size: inherit; font-style: inherit; font-variant-caps: inherit; line-height: 1rem; margin: 0px 0px 1.25rem; padding: 0px; text-align: justify; vertical-align: baseline;\"><span style=\"border: 0px; box-sizing: border-box; color: #111111; font-family: inherit; font-size: 0.706em; font-style: inherit; font-variant-caps: inherit; font-weight: bold; line-height: inherit; margin: 0px; padding: 0px; vertical-align: baseline;\">Estrasburgo&nbsp;<\/span><time datetime=\"2017-01-17T22:12:13+01:00\" style=\"border: 0px; box-sizing: border-box; font-family: inherit; font-size: 0.647em; font-style: inherit; font-variant-caps: inherit; line-height: inherit; margin: 0px; padding: 0px; text-transform: uppercase; vertical-align: baseline;\"><a href=\"http:\/\/elpais.com\/tag\/fecha\/20170117\" style=\"border: 0px; box-sizing: border-box; color: #a4a4a4; font-family: inherit; font-size: inherit; font-style: inherit; font-variant-caps: inherit; line-height: inherit; margin: 0px; padding: 0px; text-decoration: none; vertical-align: baseline;\" title=\"Ver todas las noticias de esta fecha\">17 ENE 2017 &#8211; 22:12  <abbr style=\"border-bottom-style: dotted; border-width: 0px 0px 1px; box-sizing: border-box; font-family: inherit; font-size: inherit; font-style: inherit; font-variant-caps: inherit; line-height: inherit; margin: 0px; padding: 0px; vertical-align: baseline;\" title=\"Central European Time\">CET<\/abbr><\/a><\/time><\/div>\n<div style=\"border: 0px; box-sizing: border-box; color: #111111; float: left; font-family: inherit; font-size: inherit; font-style: inherit; font-variant-caps: inherit; line-height: 27.212797164916992px; margin: 0px; padding: 0px; vertical-align: baseline; width: calc(100% - 11.25rem);\">\n<div style=\"border: 0px; box-sizing: border-box; font-family: inherit; font-size: inherit; font-style: inherit; font-variant-caps: inherit; line-height: inherit; padding: 0px; text-align: justify; vertical-align: baseline;\">El&nbsp;<a href=\"http:\/\/elpais.com\/tag\/ppe_partido_popular_europeo\/a\" style=\"border-bottom-color: rgb(1, 108, 162); border-bottom-style: dotted; border-width: 0px 0px 0.063rem; box-sizing: border-box; color: #016ca2; font-family: inherit; font-size: inherit; font-style: inherit; font-variant-caps: inherit; line-height: inherit; margin: 0px; padding: 0px; text-decoration: none; vertical-align: baseline;\">Partido Popular Europeo<\/a>&nbsp;controla ya las tres grandes instituciones comunitarias. El italiano&nbsp;<a href=\"http:\/\/elpais.com\/tag\/antonio_tajani\/a\" style=\"border-bottom-color: rgb(1, 108, 162); border-bottom-style: dotted; border-width: 0px 0px 0.063rem; box-sizing: border-box; color: #016ca2; font-family: inherit; font-size: inherit; font-style: inherit; font-variant-caps: inherit; line-height: inherit; margin: 0px; padding: 0px; text-decoration: none; vertical-align: baseline;\">Antonio Tajani<\/a>&nbsp;se convirti\u00f3 este martes en el nuevo presidente del Parlamento Europeo, una silla hasta ahora ocupada por los socialdem\u00f3cratas. Tras cinco a\u00f1os de liderazgo de&nbsp;<a href=\"http:\/\/elpais.com\/autor\/martin_schulz\/a\" style=\"border-bottom-color: rgb(1, 108, 162); border-bottom-style: dotted; border-width: 0px 0px 0.063rem; box-sizing: border-box; color: #016ca2; font-family: inherit; font-size: inherit; font-style: inherit; font-variant-caps: inherit; line-height: inherit; margin: 0px; padding: 0px; text-decoration: none; vertical-align: baseline;\">Martin Schulz<\/a>, un pacto de \u00faltima hora entre populares y liberales otorg\u00f3 el puesto al excomisario europeo. Ese giro marca oficialmente el fin de la gran coalici\u00f3n parlamentaria entre Partido Popular, socialistas y liberales.<\/div>\n<\/div>\n<\/div>\n<div style=\"border: 0px; box-sizing: border-box; color: #444444; float: left; font-family: 'Benton Sans', sans-serif; font-size: 17.007999420166016px; line-height: inherit; margin: 0px; padding: 0px; vertical-align: baseline; width: 40rem;\">\n<div style=\"border: 0px; box-sizing: border-box; clear: both; font-family: inherit; font-size: inherit; font-style: inherit; font-variant-caps: inherit; line-height: inherit; margin: 0px 0px 1.563rem; padding: 0px; vertical-align: baseline;\">\n<figure itemprop=\"image\" itemscope=\"\" itemtype=\"http:\/\/schema.org\/ImageObject\" style=\"border: 0px; box-sizing: border-box; clear: both; font-family: inherit; font-size: inherit; font-style: inherit; font-variant-caps: inherit; line-height: inherit; margin: 0px 0px 1.563rem; padding: 0px; position: relative; vertical-align: baseline;\">\n<div style=\"background-color: black; border: 0px; box-sizing: border-box; font-family: inherit; font-size: inherit; font-style: inherit; font-variant-caps: inherit; height: 358px; line-height: inherit; margin: 0px; overflow: hidden; padding: 0px; vertical-align: baseline; width: 640px;\">\n<div style=\"border: 0px; box-sizing: border-box; font-family: inherit; font-size: inherit; font-style: inherit; font-variant-caps: inherit; height: 358px; line-height: inherit; margin: 0px; padding: 0px; position: absolute; vertical-align: baseline; width: 640px; z-index: 1;\"><a href=\"https:\/\/www.blogger.com\/null\" style=\"background-color: transparent; border: 0px; box-sizing: border-box; color: #016ca2; display: block; font-family: inherit; font-size: inherit; font-style: inherit; font-variant-caps: inherit; line-height: inherit; margin: 0px; padding: 0px; position: relative; vertical-align: baseline;\" title=\"El conservador Tajani presidir\u00e1 la Euroc\u00e1mara\"><span style=\"-webkit-font-smoothing: antialiased; background-image: url(http:\/\/ep01.epimg.net\/iconos\/v2.x\/v2.1\/icono-video.svg); background-position: 50% 50%; background-repeat: no-repeat no-repeat; background-size: contain; border: 0px; bottom: 0.688rem; box-sizing: border-box; display: block; font-family: inherit; font-size: 2.125rem; font-variant-alternates: normal; font-variant-east-asian: normal; font-variant-ligatures: normal; font-variant-numeric: normal; font-variant-position: normal; height: auto; left: 0.688rem; line-height: 0; margin: 0px; max-height: 48px; max-width: 48px; padding: 0px; position: absolute; text-indent: -9999px; vertical-align: baseline; width: 48px; z-index: 5;\"><\/span><img loading=\"lazy\" decoding=\"async\" border=\"0\" height=\"358\" id=\"caratula_77bfa356acedd3644f6b3714afa27a5a-1\" src=\"http:\/\/ep02.epimg.net\/internacional\/imagenes\/2017\/01\/17\/actualidad\/1484641058_657642_1484684449_noticia_fotograma.jpg\" style=\"border: none; box-sizing: border-box; display: block; font-family: inherit; font-size: inherit; font-style: inherit; font-variant-caps: inherit; height: 358px; line-height: inherit; margin: 0px; max-width: 100%; padding: 0px; vertical-align: baseline;\" width=\"640\" \/><\/a><\/div>\n<\/div><figcaption style=\"border-bottom-color: rgb(208, 208, 208); border-bottom-style: dotted; border-width: 0px 0px 0.063rem; box-sizing: border-box; color: #646464; font-family: inherit; font-size: 0.764em; font-style: inherit; font-variant-caps: inherit; line-height: 14.033641815185547px; margin: 0px; padding: 0.313rem; text-align: right; vertical-align: baseline;\">El l\u00edder del Partido Popular Europeo y nuevo presidente del Parlamento Europeo, Antonio Tajani, este martes en la Euroc\u00e1mara en Estrasburgo (Francia).<span style=\"border: 0px; box-sizing: border-box; color: #111111; font-family: inherit; font-size: 0.846em; font-style: inherit; font-variant-caps: inherit; line-height: inherit; margin: 0px; padding: 0px; text-transform: uppercase; vertical-align: baseline;\">&nbsp;<span style=\"border: 0px; box-sizing: border-box; font-family: inherit; font-size: inherit; font-style: inherit; font-variant-caps: inherit; line-height: inherit; margin: 0px; padding: 0px; vertical-align: baseline;\">PATRICK SEEGER (EFE) | ATLAS<\/span><\/span><\/figcaption><\/figure>\n<\/div>\n<div itemprop=\"articleBody\" style=\"border: 0px; box-sizing: border-box; font-family: inherit; font-size: inherit; font-style: inherit; font-variant-caps: inherit; line-height: 28.06319808959961px; margin: 0px; padding: 0px; vertical-align: baseline;\">\n<div style=\"border: 0px; box-sizing: border-box; font-family: inherit; font-size: inherit; font-style: inherit; font-variant-caps: inherit; line-height: inherit; margin-bottom: 2.188rem; padding: 0px; vertical-align: baseline;\">Aunque Italia es pa\u00eds fundador de la Uni\u00f3n Europea y mantiene una nutrida representaci\u00f3n en las instituciones, es la primera vez que un italiano accede a la c\u00fapula de la Euroc\u00e1mara. Pese a presentarse como abanderado de una alianza europe\u00edsta, Tajani ha logrado el puesto, parad\u00f3jicamente, gracias al apoyo del ala conservadora y euroesc\u00e9ptica de la instituci\u00f3n: los&nbsp;<em style=\"border: 0px; box-sizing: border-box; font-family: inherit; font-size: inherit; font-variant-caps: inherit; line-height: inherit; margin: 0px; padding: 0px; vertical-align: baseline;\">tories<\/em>&nbsp;brit\u00e1nicos (precisamente el mismo d\u00eda en que&nbsp;<a href=\"http:\/\/internacional.elpais.com\/internacional\/2017\/01\/17\/actualidad\/1484645359_820848.html\" style=\"border-bottom-color: rgb(1, 108, 162); border-bottom-style: dotted; border-width: 0px 0px 0.063rem; box-sizing: border-box; color: #016ca2; font-family: inherit; font-size: inherit; font-style: inherit; font-variant-caps: inherit; line-height: inherit; margin: 0px; padding: 0px; text-decoration: none; vertical-align: baseline;\">la primera ministra Theresa May anunciaba una estrategia dura de ruptura con Europa<\/a>) y los ultraconservadores polacos de&nbsp;<a href=\"http:\/\/elpais.com\/tag\/lech_kaczynski\/a\" style=\"border-bottom-color: rgb(1, 108, 162); border-bottom-style: dotted; border-width: 0px 0px 0.063rem; box-sizing: border-box; color: #016ca2; font-family: inherit; font-size: inherit; font-style: inherit; font-variant-caps: inherit; line-height: inherit; margin: 0px; padding: 0px; text-decoration: none; vertical-align: baseline;\">Kaczynski<\/a>. Tras cuatro rondas de votaci\u00f3n que se prolongaron durante m\u00e1s de 12 horas, Tajani logr\u00f3 351 papeletas de los eurodiputados frente a las 282 que fueron a parar al&nbsp;<a href=\"http:\/\/internacional.elpais.com\/internacional\/2017\/01\/11\/actualidad\/1484163944_240805.html\" style=\"border-bottom-color: rgb(1, 108, 162); border-bottom-style: dotted; border-width: 0px 0px 0.063rem; box-sizing: border-box; color: #016ca2; font-family: inherit; font-size: inherit; font-style: inherit; font-variant-caps: inherit; line-height: inherit; margin: 0px; padding: 0px; text-decoration: none; vertical-align: baseline;\">candidato socialdem\u00f3crata, Gianni Pittella<\/a>.<\/div>\n<div style=\"border: 0px; box-sizing: border-box; font-family: inherit; font-size: inherit; font-style: inherit; font-variant-caps: inherit; line-height: inherit; margin-bottom: 2.188rem; padding: 0px; vertical-align: baseline;\"><\/div>\n<p><a name='more'><\/a><\/p>\n<section style=\"border-top-color: rgb(102, 102, 102); border-top-style: solid; border-width: 0.063rem 0px 0px; box-sizing: border-box; clear: both; float: right; font-family: inherit; font-size: inherit; font-style: inherit; font-variant-caps: inherit; line-height: inherit; margin: 0.5rem 0px 1.563rem 1.875rem; padding: 0px; vertical-align: baseline; width: 8.75rem;\"><a href=\"https:\/\/www.blogger.com\/null\" name=\"sumario_1\" style=\"border-bottom-color: rgb(1, 108, 162); border-bottom-style: dotted; border-width: 0px 0px 0.063rem; box-sizing: border-box; color: #016ca2; font-family: inherit; font-size: inherit; font-style: inherit; font-variant-caps: inherit; line-height: inherit; margin: 0px; padding: 0px; vertical-align: baseline;\"><\/a><\/p>\n<div style=\"border: 0px; box-sizing: border-box; font-family: inherit; font-size: inherit; font-style: inherit; font-variant-caps: inherit; line-height: inherit; margin: 0px; padding: 0px; vertical-align: baseline;\">\n<header style=\"border: 0px; box-sizing: border-box; clear: both; float: none; font-family: inherit; font-size: inherit; font-style: inherit; font-variant-caps: inherit; line-height: inherit; margin: 0px; padding: 0px; vertical-align: baseline;\">\n<h3 style=\"border: 0px; box-sizing: border-box; color: #111111; font-size: 0.706em; font-style: inherit; font-variant-caps: inherit; line-height: 16.930782318115234px; margin: 0px; padding: 0.563rem 0px 0.625rem; text-transform: uppercase; vertical-align: baseline;\"><span style=\"border: 0px; box-sizing: border-box; font-family: inherit; font-size: inherit; font-style: inherit; font-variant-caps: inherit; font-weight: inherit; line-height: inherit; margin: 0px; padding: 0px; vertical-align: baseline;\">M\u00c1S INFORMACI\u00d3N<\/span><\/h3>\n<\/header>\n<div style=\"border: 0px; box-sizing: border-box; font-family: inherit; font-size: 0.882em; font-style: inherit; font-variant-caps: inherit; line-height: 24.751741409301758px; margin: 0px; padding: 0px; vertical-align: baseline;\">\n<div style=\"border: 0px; box-sizing: border-box; font-family: inherit; font-size: inherit; font-style: inherit; font-variant-caps: inherit; line-height: inherit; margin: 0px; padding: 0px; vertical-align: baseline;\">\n<ul style=\"border: 0px; box-sizing: border-box; font-family: inherit; font-size: inherit; font-style: inherit; font-variant-caps: inherit; line-height: inherit; list-style: none; margin: 0px; padding: 0px; vertical-align: baseline;\">\n<li style=\"border-bottom-color: rgb(235, 235, 235); border-bottom-style: solid; border-width: 0px 0px 0.063rem; box-sizing: border-box; font-family: inherit; font-size: 0.933em; font-style: inherit; font-variant-caps: inherit; line-height: 20.993976593017578px; margin: 0px; padding: 0px 0px 0.5rem; vertical-align: baseline;\"><span style=\"border: 0px; box-sizing: border-box; font-family: Majerit, serif; font-size: inherit; font-style: inherit; font-variant-caps: inherit; line-height: inherit; margin: 0px; padding: 0px; vertical-align: baseline;\"><a href=\"http:\/\/elpais.com\/internacional\/2017\/01\/13\/actualidad\/1484332550_610297.html\" style=\"border-bottom-style: none; border-left-width: 0px; border-right-width: 0px; border-top-width: 0px; box-sizing: border-box; color: black; font-family: inherit; font-size: inherit; font-style: inherit; font-variant-caps: inherit; line-height: inherit; margin: 0px; padding: 0px; text-decoration: none; vertical-align: baseline;\">\u201cMuchos ciudadanos sienten que se les ha faltado el respeto\u201d<\/a><\/span><\/li>\n<li style=\"border-bottom-color: rgb(235, 235, 235); border-bottom-style: solid; border-width: 0px 0px 0.063rem; box-sizing: border-box; font-family: inherit; font-size: 0.933em; font-style: inherit; font-variant-caps: inherit; line-height: 20.993976593017578px; margin: 0px; padding: 0.5rem 0px; vertical-align: baseline;\"><span style=\"border: 0px; box-sizing: border-box; font-family: Majerit, serif; font-size: inherit; font-style: inherit; font-variant-caps: inherit; line-height: inherit; margin: 0px; padding: 0px; vertical-align: baseline;\"><a href=\"http:\/\/elpais.com\/internacional\/2017\/01\/11\/actualidad\/1484163944_240805.html\" style=\"border-bottom-style: none; border-left-width: 0px; border-right-width: 0px; border-top-width: 0px; box-sizing: border-box; color: black; font-family: inherit; font-size: inherit; font-style: inherit; font-variant-caps: inherit; line-height: inherit; margin: 0px; padding: 0px; text-decoration: none; vertical-align: baseline;\">La batalla por la Euroc\u00e1mara rompe el pacto entre populares y socialistas<\/a><\/span><\/li>\n<\/ul>\n<\/div>\n<\/div>\n<\/div>\n<\/section>\n<div data-google-query-id=\"CKaKiea3ytECFRUw0wodq9MKKQ\" style=\"border: 0px; box-sizing: border-box; font-family: inherit; font-size: inherit; font-style: inherit; font-variant-caps: inherit; height: 0px; line-height: inherit; margin: 0px; padding: 0px; vertical-align: baseline; width: 0px;\">\n<div style=\"border: 0pt none; box-sizing: border-box; font-family: inherit; font-size: inherit; font-style: inherit; font-variant-caps: inherit; line-height: inherit; margin: 0px; padding: 0px; vertical-align: baseline;\"><iframe frameborder=\"0\" height=\"1\" marginheight=\"0\" marginwidth=\"0\" name=\"google_ads_iframe_\/7811748\/elpais_web\/internacional\/intext_0\" scrolling=\"no\" style=\"border-width: 0px; box-sizing: border-box; display: block; font-family: inherit; font-size: inherit; font-style: inherit; font-variant-caps: inherit; line-height: inherit; margin: 0px auto; max-width: 100%; padding: 0px; vertical-align: bottom;\" title=\"3rd party ad content\" width=\"1\"><\/iframe><\/div>\n<\/div>\n<div style=\"border: 0px; box-sizing: border-box; font-family: inherit; font-size: inherit; font-style: inherit; font-variant-caps: inherit; line-height: inherit; margin-bottom: 2.188rem; padding: 0px; vertical-align: baseline;\">La necesidad que tienen los socialistas de distanciarse de esa etiqueta de la gran coalici\u00f3n y la negativa del grupo popular a seguir manteniendo en el cargo a Schulz, un presidente con un alto perfil pol\u00edtico, determin\u00f3 este giro. \u201cNecesitamos un Parlamento Europeo fuerte y un buen presidente. Que parezca un presidente, no un primer ministro\u201d, desliz\u00f3 Tajani en su presentaci\u00f3n ante la Euroc\u00e1mara.<\/div>\n<div style=\"-webkit-transition: height 0.5s; border: 0px; box-sizing: content-box; font-family: inherit; font-size: inherit; font-style: inherit; font-variant-caps: inherit; height: 0px; line-height: inherit; margin: 0px; overflow: hidden; padding: 0px; transition: height 0.5s; vertical-align: baseline;\">\n<div style=\"border: 0px; box-sizing: border-box; font-family: inherit; font-size: inherit; font-style: inherit; font-variant-caps: inherit; line-height: inherit; margin-bottom: 0px !important; margin-left: 0px; margin-right: 0px; margin-top: 0px; padding: 0px; position: relative; vertical-align: baseline;\">\n<div style=\"border: 0px; box-sizing: border-box; font-family: inherit; font-size: inherit; font-style: inherit; font-variant-caps: inherit; line-height: inherit; margin-bottom: 0px !important; margin-left: 0px; margin-right: 0px; margin-top: 0px; padding: 0px; vertical-align: baseline;\"><\/div>\n<\/div>\n<\/div>\n<div style=\"border: 0px; box-sizing: border-box; font-family: inherit; font-size: inherit; font-style: inherit; font-variant-caps: inherit; line-height: inherit; margin-bottom: 2.188rem; padding: 0px; vertical-align: baseline;\">Frente a esa postura, el socialdem\u00f3crata \u2014y tambi\u00e9n italiano\u2014 Pittella mantuvo su candidatura hasta el final defendiendo \u201cuna Europa m\u00e1s justa y m\u00e1s libre\u201d. Pero los apoyos logrados (esencialmente de su grupo y de la izquierda minoritaria) no bastaron.<\/div>\n<div style=\"border: 0px; box-sizing: border-box; font-family: inherit; font-size: inherit; font-style: inherit; font-variant-caps: inherit; line-height: inherit; margin-bottom: 2.188rem; padding: 0px; vertical-align: baseline;\">El primer gesto de ese nuevo marco de entendimiento entre populares y liberales fue la retirada, antes de iniciar la votaci\u00f3n, de la candidatura liberal, que representaba&nbsp;<a href=\"http:\/\/elpais.com\/autor\/guy_verhofstadt\/a\" style=\"border-bottom-color: rgb(1, 108, 162); border-bottom-style: dotted; border-width: 0px 0px 0.063rem; box-sizing: border-box; color: #016ca2; font-family: inherit; font-size: inherit; font-style: inherit; font-variant-caps: inherit; line-height: inherit; margin: 0px; padding: 0px; text-decoration: none; vertical-align: baseline;\">el ex primer ministro belga Guy Verhofstadt<\/a>. Los 68 esca\u00f1os de este grupo fueron a parar, presumiblemente, al Partido Popular (es imposible saberlo del todo porque el voto de los eurodiputados para elegir al presidente es secreto). La entente se tradujo en un acuerdo escrito por el que ambas fuerzas se comprometen a impulsar la mejora de la seguridad interior y exterior de Europa, las pol\u00edticas medioambientales y la inversi\u00f3n en crecimiento y empleo.<\/div>\n<div style=\"border: 0px; box-sizing: border-box; font-family: inherit; font-size: inherit; font-style: inherit; font-variant-caps: inherit; line-height: inherit; margin-bottom: 2.188rem; padding: 0px; vertical-align: baseline;\">Pero para el triunfo de Tajani fue decisivo tambi\u00e9n el apoyo euroesc\u00e9ptico. El grupo que los aglutina anunci\u00f3, poco antes de la \u00faltima ronda, que otorgaba su confianza a Tajani. Como muestra de acercamiento hacia las fuerzas recelosas respecto a Europa, Tajani se hab\u00eda comprometido previamente a ser \u201cneutral, al servicio de todos los europeos, centrado en las cosas que realmente importan: seguridad, migraci\u00f3n y empleo\u201d. Un mensaje que se ajusta bien a las demandas tories de reducir el radio de acci\u00f3n de la UE.<\/div>\n<div style=\"border: 0px; box-sizing: border-box; font-family: inherit; font-size: inherit; font-style: inherit; font-variant-caps: inherit; line-height: inherit; margin-bottom: 2.188rem; padding: 0px; vertical-align: baseline;\">El cambio de escenario en la Euroc\u00e1mara puede hacer tambalearse otros puestos de mando comunitarios. El m\u00e1s claro es el del presidente del Consejo Europeo \u2014representa a los Estados miembros\u2014,&nbsp;<a href=\"http:\/\/elpais.com\/tag\/donald_tusk\/a\" style=\"border-bottom-color: rgb(1, 108, 162); border-bottom-style: dotted; border-width: 0px 0px 0.063rem; box-sizing: border-box; color: #016ca2; font-family: inherit; font-size: inherit; font-style: inherit; font-variant-caps: inherit; line-height: inherit; margin: 0px; padding: 0px; text-decoration: none; vertical-align: baseline;\">Donald Tusk<\/a>. La falta de apoyo del Gobierno polaco al ex primer ministro de su pa\u00eds, cabeza visible del centroderecha moderado que ahora ha quedado desplazado por los extremistas de Ley y Justicia, puede hacer peligrar su cargo, que debe revalidarse el pr\u00f3ximo mayo. Tambi\u00e9n puede perjudicarle la incomodidad de algunos pa\u00edses miembros respecto a la estrategia de Tusk al frente de la instituci\u00f3n.<\/div>\n<div style=\"border: 0px; box-sizing: border-box; font-family: inherit; font-size: inherit; font-style: inherit; font-variant-caps: inherit; line-height: inherit; margin-bottom: 2.188rem; padding: 0px; vertical-align: baseline;\">El Partido Popular Europeo ya ocup\u00f3 al mismo tiempo la presidencia de las tres instituciones comunitarias entre 2009 y 2012. Pero entonces esta formaci\u00f3n ten\u00eda m\u00e1s apoyo electoral en el continente y adem\u00e1s la Euroc\u00e1mara pesaba menos que ahora como actor pol\u00edtico.<\/div>\n<\/div>\n<\/div>\n","protected":false},"excerpt":{"rendered":"<p>El conservador Antonio Tajani presidir\u00e1 la Euroc\u00e1mara El italiano logra el cargo gracias al apoyo&#8230;<\/p>\n","protected":false},"author":2,"featured_media":0,"comment_status":"open","ping_status":"open","sticky":false,"template":"","format":"standard","meta":{"ngg_post_thumbnail":0,"footnotes":""},"categories":[1],"tags":[],"class_list":["post-54","post","type-post","status-publish","format-standard","hentry","category-hemeroteca"],"_links":{"self":[{"href":"https:\/\/aedecanarias.eu\/index.php?rest_route=\/wp\/v2\/posts\/54","targetHints":{"allow":["GET"]}}],"collection":[{"href":"https:\/\/aedecanarias.eu\/index.php?rest_route=\/wp\/v2\/posts"}],"about":[{"href":"https:\/\/aedecanarias.eu\/index.php?rest_route=\/wp\/v2\/types\/post"}],"author":[{"embeddable":true,"href":"https:\/\/aedecanarias.eu\/index.php?rest_route=\/wp\/v2\/users\/2"}],"replies":[{"embeddable":true,"href":"https:\/\/aedecanarias.eu\/index.php?rest_route=%2Fwp%2Fv2%2Fcomments&post=54"}],"version-history":[{"count":0,"href":"https:\/\/aedecanarias.eu\/index.php?rest_route=\/wp\/v2\/posts\/54\/revisions"}],"wp:attachment":[{"href":"https:\/\/aedecanarias.eu\/index.php?rest_route=%2Fwp%2Fv2%2Fmedia&parent=54"}],"wp:term":[{"taxonomy":"category","embeddable":true,"href":"https:\/\/aedecanarias.eu\/index.php?rest_route=%2Fwp%2Fv2%2Fcategories&post=54"},{"taxonomy":"post_tag","embeddable":true,"href":"https:\/\/aedecanarias.eu\/index.php?rest_route=%2Fwp%2Fv2%2Ftags&post=54"}],"curies":[{"name":"wp","href":"https:\/\/api.w.org\/{rel}","templated":true}]}}