{"id":52,"date":"2017-01-21T11:18:00","date_gmt":"2017-01-21T11:18:00","guid":{"rendered":"https:\/\/aedecanarias.eu\/nuevo-accidente-de-bus-con-escolares"},"modified":"2017-01-21T11:18:00","modified_gmt":"2017-01-21T11:18:00","slug":"nuevo-accidente-de-bus-con-escolares","status":"publish","type":"post","link":"https:\/\/aedecanarias.eu\/?p=52","title":{"rendered":"NUEVO ACCIDENTE DE BUS CON ESCOLARES"},"content":{"rendered":"\n<div class=\"twitter-share\"><a href=\"https:\/\/twitter.com\/intent\/tweet?via=aedecanarias\" class=\"twitter-share-button\" data-size=\"large\">Twittear<\/a><\/div>\n<div style=\"clear: both; text-align: center;\"><a href=\"https:\/\/2.bp.blogspot.com\/-zszr97ptpMA\/WIM_0l073RI\/AAAAAAAAFoI\/RQSoWbWbJoU11r1HGcGZ0wDZqacDnwy1QCEw\/s1600\/images.jpeg\" style=\"margin-left: 1em; margin-right: 1em;\"><img decoding=\"async\" border=\"0\" src=\"https:\/\/2.bp.blogspot.com\/-zszr97ptpMA\/WIM_0l073RI\/AAAAAAAAFoI\/RQSoWbWbJoU11r1HGcGZ0wDZqacDnwy1QCEw\/s1600\/images.jpeg\" \/><\/a><\/div>\n<div style=\"clear: both; text-align: center;\"><a href=\"https:\/\/3.bp.blogspot.com\/-6_66Hf8xsxM\/WINCtatN_DI\/AAAAAAAAFoU\/v0KFZSJ8G5wI_vKNtY9lkokPy0z8MoofwCLcB\/s1600\/402.jpeg\" style=\"margin-left: 1em; margin-right: 1em;\"><img loading=\"lazy\" decoding=\"async\" border=\"0\" height=\"188\" src=\"https:\/\/3.bp.blogspot.com\/-6_66Hf8xsxM\/WINCtatN_DI\/AAAAAAAAFoU\/v0KFZSJ8G5wI_vKNtY9lkokPy0z8MoofwCLcB\/s320\/402.jpeg\" width=\"320\" \/><\/a><\/div>\n<div style=\"color: #333333; font-family: 'pt serif', georgia, serif, times;\"><\/div>\n<div style=\"color: #333333; font-family: 'pt serif', georgia, serif, times;\"><span style=\"color: #4a4a4a; font-family: &quot;clear sans&quot; , &quot;arial&quot; , &quot;arial&quot; , sans-serif , &quot;helvetica&quot;; font-size: 13px;\">EFE. 21\/01\/2017&nbsp;<\/span><span style=\"border: 0px; box-sizing: inherit; color: #4a4a4a; font-family: &quot;clear sans&quot; , &quot;arial&quot; , &quot;arial&quot; , sans-serif , &quot;helvetica&quot;; font-size: 13px; margin: 0px; outline: 0px; padding: 0px 4px 0px 0px; vertical-align: baseline;\">12:04<\/span><\/div>\n<div style=\"border: 0px; box-sizing: inherit; color: #333333; float: right; font-family: 'clear sans', arial, arial, sans-serif, helvetica; font-size: 18px; line-height: 21px; margin-bottom: 10px; outline: 0px; padding: 0px 0px 0px 12px; position: relative; vertical-align: baseline; width: 660px;\">Se produjo el viernes en la noche en la autopista de VeronaEl conductor franc\u00e9s podr\u00eda estar entre las v\u00edctimas<span style=\"font-family: &quot;pt serif&quot; , &quot;georgia&quot; , serif , &quot;times&quot;;\">Al menos 16 adolescentes han muerto -todos ellos de entre 14 y 16 a\u00f1os- despu\u00e9s de que el autob\u00fas escolar en el que viajaban se estrellara contra una torre de electricidad y se incendiara el veh\u00edculo en la autopista de Verona.<\/span><\/div>\n<ol>\n<li><span style=\"color: #333333; font-family: &quot;pt&quot; serif , &quot;georgia&quot; , serif , &quot;times&quot;; font-size: x-small;\">\n<div style=\"border: 0px; box-sizing: inherit; float: right; font-family: 'pt serif', georgia, serif, times; font-size: 18px; line-height: 28px; outline: 0px; padding: 10px 0px; vertical-align: baseline; width: 660px;\">El autob\u00fas transportaba a un grupo de estudiantes de Hungr\u00eda. Decenas de personas fueron trasladadas a los hospitales. En \u00e9l autob\u00fas viajaban 55 personas, 37 de ellos han sido rescatados, pero tres contin\u00faan desaparecidos.<\/div>\n<div style=\"border: 0px; box-sizing: inherit; float: right; font-family: 'pt serif', georgia, serif, times; font-size: 18px; line-height: 28px; outline: 0px; padding: 10px 0px; vertical-align: baseline; width: 660px;\">Seg\u00fan el diario&nbsp;<a href=\"http:\/\/www.corriere.it\/\" style=\"box-sizing: inherit; color: #2e6d9d; margin: 0px; padding: 0px; vertical-align: baseline;\" target=\"_blank\" rel=\"noopener\">&#8216;Corriere della Ser\u00e1&#8217;<\/a>&nbsp;<strong style=\"border: 0px; box-sizing: inherit; margin: 0px; outline: 0px; padding: 0px; vertical-align: baseline;\">el bus ven\u00eda de Francia y estaba de paso por Italia en su regreso a Europa del Este<\/strong>. Al parecer volv\u00edan de un viaje a una estaci\u00f3n de esqu\u00ed.<\/div>\n<div style=\"-webkit-transition: 0.5s; border: 0px; box-sizing: content-box; font-size: 18px; height: 0px; margin: 0px; outline: 0px; overflow: hidden; padding: 0px; transition: 0.5s; vertical-align: baseline;\">\n<div style=\"border: 0px; box-sizing: inherit; margin: 0px; outline: 0px; padding: 0px; position: relative; vertical-align: baseline;\">\n<div style=\"border: 0px; box-sizing: inherit; margin: 0px; outline: 0px; padding: 0px; vertical-align: baseline;\"><\/div>\n<\/div>\n<\/div>\n<p><\/p>\n<div style=\"border: 0px; box-sizing: inherit; float: right; font-family: 'pt serif', georgia, serif, times; font-size: 18px; line-height: 28px; outline: 0px; padding: 10px 0px; vertical-align: baseline; width: 660px;\">El choque provoc\u00f3 que muchos de los ocupantes quedaran atrapados dentro del veh\u00edculo envuelto ya por las llamas.<\/div>\n<div style=\"border: 0px; box-sizing: inherit; float: right; font-family: 'pt serif', georgia, serif, times; font-size: 18px; line-height: 28px; outline: 0px; padding: 10px 0px; vertical-align: baseline; width: 660px;\"><strong style=\"border: 0px; box-sizing: inherit; margin: 0px; outline: 0px; padding: 0px; vertical-align: baseline;\">Las v\u00edctimas mortales resultaron calcinadas lo que dificulta su identificaci\u00f3n<\/strong>.<\/div>\n<div style=\"border: 0px; box-sizing: inherit; float: right; font-family: 'pt serif', georgia, serif, times; font-size: 18px; line-height: 28px; outline: 0px; padding: 10px 0px; vertical-align: baseline; width: 660px;\"><strong style=\"border: 0px; box-sizing: inherit; margin: 0px; outline: 0px; padding: 0px; vertical-align: baseline;\">El conductor franc\u00e9s, y tambi\u00e9n su familia, podr\u00edan estar entre las v\u00edctimas<\/strong>, dijo Agi.<\/div>\n<div style=\"border: 0px; box-sizing: inherit; float: right; font-family: 'pt serif', georgia, serif, times; font-size: 18px; line-height: 28px; outline: 0px; padding: 10px 0px; vertical-align: baseline; width: 660px;\">Por su parte, los heridos han sido trasladados a distintos hospitales de la zona, sobre todo al de Verona, y reciben la asistencia de las autoridades italianas y de la c\u00f3nsul general de Hungr\u00eda en Mil\u00e1n (norte),&nbsp;<strong style=\"border: 0px; box-sizing: inherit; margin: 0px; outline: 0px; padding: 0px; vertical-align: baseline;\">Judit Timaffy<\/strong>.<\/div>\n<div style=\"border: 0px; box-sizing: inherit; float: right; font-family: 'pt serif', georgia, serif, times; font-size: 18px; line-height: 28px; outline: 0px; padding: 10px 0px; vertical-align: baseline; width: 660px;\">En declaraciones recogidas por los medios, la diplom\u00e1tica dijo que muchos sufren una gran conmoci\u00f3n despu\u00e9s de haber visto a sus compa\u00f1eros atrapados dentro del veh\u00edculo en llamas, que describen como&nbsp;<strong style=\"border: 0px; box-sizing: inherit; margin: 0px; outline: 0px; padding: 0px; vertical-align: baseline;\">\u00abuna trampa que inmediatamente comenz\u00f3 a arder\u00bb<\/strong>.<\/div>\n<div style=\"border: 0px; box-sizing: inherit; float: right; font-family: 'pt serif', georgia, serif, times; font-size: 18px; line-height: 28px; outline: 0px; padding: 10px 0px; vertical-align: baseline; width: 660px;\">Timaffy explic\u00f3 el autob\u00fas se hab\u00eda detenido media hora antes del siniestro para hacer una pausa y que en el momento de la colisi\u00f3n&nbsp;<strong style=\"border: 0px; box-sizing: inherit; margin: 0px; outline: 0px; padding: 0px; vertical-align: baseline;\">algunos de los ocupantes se encontraban dormidos<\/strong>.<\/div>\n<div style=\"border: 0px; box-sizing: inherit; float: right; font-family: 'pt serif', georgia, serif, times; font-size: 18px; line-height: 28px; outline: 0px; padding: 10px 0px; vertical-align: baseline; width: 660px;\">La c\u00f3nsul se\u00f1al\u00f3 que&nbsp;<strong style=\"border: 0px; box-sizing: inherit; margin: 0px; outline: 0px; padding: 0px; vertical-align: baseline;\">quienes lograron escapar del autob\u00fas fueron los ocupantes de la parte trasera del veh\u00edculo<\/strong>&nbsp;gracias a la ayuda de un profesor de educaci\u00f3n f\u00edsica, que rompi\u00f3 uno de las ventanas para permitir a los ocupantes saltar a la carretera.<\/div>\n<div style=\"border: 0px; box-sizing: inherit; float: right; font-family: 'pt serif', georgia, serif, times; font-size: 18px; line-height: 28px; outline: 0px; padding: 10px 0px; vertical-align: baseline; width: 660px;\">Las autoridades han procedido al&nbsp;<strong style=\"border: 0px; box-sizing: inherit; margin: 0px; outline: 0px; padding: 0px; vertical-align: baseline;\">visionado de las grabaciones de la red de c\u00e1maras<\/strong>&nbsp;de la autov\u00eda con el fin de esclarecer las causas de este \u00abdram\u00e1tico accidente\u00bb.<\/div>\n<div style=\"border: 0px; box-sizing: inherit; float: right; font-family: 'pt serif', georgia, serif, times; font-size: 18px; line-height: 28px; outline: 0px; padding: 10px 0px; vertical-align: baseline; width: 660px;\">El presidente de la Rep\u00fablica italiana,&nbsp;<strong style=\"border: 0px; box-sizing: inherit; margin: 0px; outline: 0px; padding: 0px; vertical-align: baseline;\">Sergio Mattarella<\/strong>, expres\u00f3 su p\u00e9same y \u00abprofunda tristeza\u00bb al presidente h\u00fangaro, Janos Ader, y le traslad\u00f3 \u00abel m\u00e1ximo compromiso y la m\u00e1s amplia disponibilidad de todas los medios implicados en el socorro\u00bb.<br \/><span style=\"font-size: x-small;\">Desde Aede-Canarias lamentamos este accidente y manifestamos nuestras condolencias a todos los familiares y a la comunidad educativa y una pronta recuperaci\u00f3n a los heridos.<\/span><\/div>\n<p><\/span><\/li>\n<\/ol>\n","protected":false},"excerpt":{"rendered":"<p>EFE. 21\/01\/2017&nbsp;12:04 Se produjo el viernes en la noche en la autopista de VeronaEl conductor&#8230;<\/p>\n","protected":false},"author":2,"featured_media":0,"comment_status":"open","ping_status":"open","sticky":false,"template":"","format":"standard","meta":{"ngg_post_thumbnail":0,"footnotes":""},"categories":[1],"tags":[],"class_list":["post-52","post","type-post","status-publish","format-standard","hentry","category-hemeroteca"],"_links":{"self":[{"href":"https:\/\/aedecanarias.eu\/index.php?rest_route=\/wp\/v2\/posts\/52","targetHints":{"allow":["GET"]}}],"collection":[{"href":"https:\/\/aedecanarias.eu\/index.php?rest_route=\/wp\/v2\/posts"}],"about":[{"href":"https:\/\/aedecanarias.eu\/index.php?rest_route=\/wp\/v2\/types\/post"}],"author":[{"embeddable":true,"href":"https:\/\/aedecanarias.eu\/index.php?rest_route=\/wp\/v2\/users\/2"}],"replies":[{"embeddable":true,"href":"https:\/\/aedecanarias.eu\/index.php?rest_route=%2Fwp%2Fv2%2Fcomments&post=52"}],"version-history":[{"count":0,"href":"https:\/\/aedecanarias.eu\/index.php?rest_route=\/wp\/v2\/posts\/52\/revisions"}],"wp:attachment":[{"href":"https:\/\/aedecanarias.eu\/index.php?rest_route=%2Fwp%2Fv2%2Fmedia&parent=52"}],"wp:term":[{"taxonomy":"category","embeddable":true,"href":"https:\/\/aedecanarias.eu\/index.php?rest_route=%2Fwp%2Fv2%2Fcategories&post=52"},{"taxonomy":"post_tag","embeddable":true,"href":"https:\/\/aedecanarias.eu\/index.php?rest_route=%2Fwp%2Fv2%2Ftags&post=52"}],"curies":[{"name":"wp","href":"https:\/\/api.w.org\/{rel}","templated":true}]}}