{"id":50,"date":"2017-03-01T17:10:00","date_gmt":"2017-03-01T17:10:00","guid":{"rendered":"https:\/\/aedecanarias.eu\/el-libro-blanco-ofrece-cinco-escenarios-para-la-futura-ue-a-27-ya-sin-reino-unido"},"modified":"2017-03-01T17:10:00","modified_gmt":"2017-03-01T17:10:00","slug":"el-libro-blanco-ofrece-cinco-escenarios-para-la-futura-ue-a-27-ya-sin-reino-unido","status":"publish","type":"post","link":"https:\/\/aedecanarias.eu\/?p=50","title":{"rendered":"El Libro blanco ofrece cinco escenarios para la futura UE a 27, ya sin Reino Unido"},"content":{"rendered":"\n<div class=\"twitter-share\"><a href=\"https:\/\/twitter.com\/intent\/tweet?via=aedecanarias\" class=\"twitter-share-button\" data-size=\"large\">Twittear<\/a><\/div>\n<h1 itemprop=\"headline\" style=\"border: 0px; box-sizing: border-box; font-family: Majerit, serif; font-size: 2.47058em; letter-spacing: -1px; line-height: 47.90237045288086px; margin: 0px 0px 0.875rem; padding: 0px; vertical-align: baseline;\">Bruselas hace una dura autocr\u00edtica y presenta los planes de la UE \u2018posbrexit\u2019<\/h1>\n<div><a href=\"http:\/\/elpais.com\/autor\/claudi_perez\/a\/\" itemprop=\"url\" style=\"border: 0px; box-sizing: border-box; color: #111111; font-family: 'Benton Sans', sans-serif; font-size: 11.004175186157227px; font-weight: bold; line-height: inherit; margin: 0px; padding: 0px; text-decoration: none; text-transform: uppercase; vertical-align: baseline;\" title=\"Ver todas las noticias de Claudi P\u00e9rez\">CLAUDI P\u00c9REZ<\/a>. Bruselas. EL PAIS.<\/div>\n<div>\n<figure itemprop=\"image\" itemscope=\"\" itemtype=\"http:\/\/schema.org\/ImageObject\" representativeofpage=\"true\" style=\"border: 0px; box-sizing: border-box; clear: both; color: #444444; font-family: 'Benton Sans', sans-serif; font-size: 17.007999420166016px; line-height: inherit; margin: 0px auto 1.563rem; padding: 0px; position: relative; vertical-align: baseline;\"><img loading=\"lazy\" decoding=\"async\" alt=\"El presidente de la Comisi\u00f3n Europea, Jean-Claude Juncker, en Bruselas este mi\u00e9rcoles.rn \" height=\"605\" itemprop=\"url\" src=\"http:\/\/ep01.epimg.net\/internacional\/imagenes\/2017\/03\/01\/actualidad\/1488375183_739612_1488378136_noticia_normal.jpg\" srcset=\"http:\/\/ep01.epimg.net\/internacional\/imagenes\/2017\/03\/01\/actualidad\/1488375183_739612_1488378136_noticia_normal_recorte1.jpg 1960x, http:\/\/ep01.epimg.net\/internacional\/imagenes\/2017\/03\/01\/actualidad\/1488375183_739612_1488378136_noticia_normal_recorte2.jpg 720x, http:\/\/ep01.epimg.net\/internacional\/imagenes\/2017\/03\/01\/actualidad\/1488375183_739612_1488378136_noticia_normal.jpg 980x\" style=\"border: 0px; box-sizing: border-box; display: block; font-family: inherit; font-size: inherit; font-style: inherit; font-variant-caps: inherit; height: auto; line-height: inherit; margin: 0px; max-width: 100%; padding: 0px; vertical-align: baseline;\" title=\"El presidente de la Comisi\u00f3n Europea, Jean-Claude Juncker, en Bruselas este mi\u00e9rcoles.rn \" width=\"980\" \/><figcaption itemprop=\"caption\" style=\"border-bottom-color: rgb(208, 208, 208); border-bottom-style: dotted; border-width: 0px 0px 0.063rem; box-sizing: border-box; color: #646464; font-family: inherit; font-size: 0.764em; font-style: inherit; font-variant-caps: inherit; line-height: 14.03364086151123px; margin: 0px; padding: 0.313rem; text-align: right; vertical-align: baseline;\">El presidente de la Comisi\u00f3n Europea, Jean-Claude Juncker, en Bruselas este mi\u00e9rcoles.&nbsp;<span style=\"border: 0px; box-sizing: border-box; color: #111111; font-family: inherit; font-size: 0.846em; font-style: inherit; font-variant-caps: inherit; line-height: inherit; margin: 0px; padding: 0px; text-transform: uppercase; vertical-align: baseline;\"><span itemprop=\"author\" style=\"border: 0px; box-sizing: border-box; font-family: inherit; font-size: inherit; font-style: inherit; font-variant-caps: inherit; line-height: inherit; margin: 0px; padding: 0px; vertical-align: baseline;\">YVES HERMAN<\/span><span itemprop=\"copyrightHolder\" style=\"border: 0px; box-sizing: border-box; font-family: inherit; font-size: inherit; font-style: inherit; font-variant-caps: inherit; line-height: inherit; margin: 0px; padding: 0px; vertical-align: baseline;\">REUTERS<\/span><\/span><\/figcaption><\/figure>\n<div itemprop=\"articleBody\" style=\"border: 0px; box-sizing: border-box; color: #444444; display: inline; float: none; font-family: 'Benton Sans', sans-serif; font-size: 17.007999420166016px; line-height: 28.063196182250977px; margin: 0px; padding: 0px; vertical-align: baseline; width: auto;\">\n<div style=\"border: 0px; box-sizing: border-box; font-family: inherit; font-size: inherit; font-style: inherit; font-variant-caps: inherit; line-height: inherit; margin-bottom: 2.188rem; padding: 0px; vertical-align: baseline;\">En Europa conviven con perturbadora promiscuidad las causas m\u00e1s nobles con inconfortables zonas de sombra. Y esas \u00e1reas ensombrecidas no dejan de crecer: al ramillete de crisis de los \u00faltimos tiempos se suman las inciertas&nbsp;<a href=\"http:\/\/internacional.elpais.com\/internacional\/2016\/12\/28\/actualidad\/1482958262_526854.html\" style=\"border-bottom-color: rgb(1, 108, 162); border-bottom-style: dotted; border-width: 0px 0px 0.063rem; box-sizing: border-box; color: #016ca2; font-family: inherit; font-size: inherit; font-style: inherit; font-variant-caps: inherit; line-height: inherit; margin: 0px; padding: 0px; text-decoration: none; vertical-align: baseline;\" target=\"_blank\" rel=\"noopener\">citas electorales en Holanda, Francia y Alemania, con la extrema derecha al alza<\/a>; la primera&nbsp;<a href=\"http:\/\/elpais.com\/tag\/referendum_permanencia_reino_unido_ue\/a\" style=\"border-bottom-color: rgb(1, 108, 162); border-bottom-style: dotted; border-width: 0px 0px 0.063rem; box-sizing: border-box; color: #016ca2; font-family: inherit; font-size: inherit; font-style: inherit; font-variant-caps: inherit; line-height: inherit; margin: 0px; padding: 0px; text-decoration: none; vertical-align: baseline;\" target=\"_blank\" rel=\"noopener\">salida del club (Reino Unido),<\/a>&nbsp;y situaciones potencialmente explosivas&nbsp;<a href=\"http:\/\/elpais.com\/elpais\/2017\/02\/24\/opinion\/1487960946_390884.html\" style=\"border-bottom-color: rgb(1, 108, 162); border-bottom-style: dotted; border-width: 0px 0px 0.063rem; box-sizing: border-box; color: #016ca2; font-family: inherit; font-size: inherit; font-style: inherit; font-variant-caps: inherit; line-height: inherit; margin: 0px; padding: 0px; text-decoration: none; vertical-align: baseline;\" target=\"_blank\" rel=\"noopener\">en Grecia<\/a>&nbsp;e incluso&nbsp;<a href=\"http:\/\/internacional.elpais.com\/internacional\/2017\/02\/25\/actualidad\/1488051886_169577.html\" style=\"border-bottom-color: rgb(1, 108, 162); border-bottom-style: dotted; border-width: 0px 0px 0.063rem; box-sizing: border-box; color: #016ca2; font-family: inherit; font-size: inherit; font-style: inherit; font-variant-caps: inherit; line-height: inherit; margin: 0px; padding: 0px; text-decoration: none; vertical-align: baseline;\" target=\"_blank\" rel=\"noopener\">en Italia<\/a>. La UE ha evitado los&nbsp;<em style=\"border: 0px; box-sizing: border-box; font-family: inherit; font-size: inherit; font-variant-caps: inherit; line-height: inherit; margin: 0px; padding: 0px; vertical-align: baseline;\">mea culpa<\/em>&nbsp;en los \u00faltimos a\u00f1os pese a la p\u00e9sima gesti\u00f3n de la crisis, en un estado de negaci\u00f3n permanente del que solo sal\u00eda al borde del abismo. En ese contexto, la Comisi\u00f3n Europea ha presentado hoy el&nbsp;<a href=\"http:\/\/internacional.elpais.com\/internacional\/2017\/02\/28\/actualidad\/1488311659_515569.html\" style=\"border-bottom-color: rgb(1, 108, 162); border-bottom-style: dotted; border-width: 0px 0px 0.063rem; box-sizing: border-box; color: #016ca2; font-family: inherit; font-size: inherit; font-style: inherit; font-variant-caps: inherit; line-height: inherit; margin: 0px; padding: 0px; text-decoration: none; vertical-align: baseline;\" target=\"_blank\" rel=\"noopener\"><em style=\"border: 0px; box-sizing: border-box; font-family: inherit; font-size: inherit; font-variant-caps: inherit; line-height: inherit; margin: 0px; padding: 0px; vertical-align: baseline;\">Libro banco sobre el futuro de Europa<\/em>,<\/a>&nbsp;que al margen de ofrecer cinco escenarios sobre el futuro camino de la UE supone el primer ejercicio de autocr\u00edtica en mucho tiempo. \u201cLa Uni\u00f3n ha estado por debajo de las expectativas en la peor crisis financiera, econ\u00f3mica y social en la historia de la posguerra\u201d, subraya el texto. \u201cEl papel de Europa en el mundo se est\u00e1 reduciendo\u201d, en t\u00e9rminos de poblaci\u00f3n y PIB, y \u201cEuropa no puede seguir siendo na\u00edf: ser un poder blando ya no es ser poderoso cuando la fuerza prevalece sobre las reglas\u201d, apunta en una t\u00e1cita referencia a Donald Trump. \u201cLos recientes ataques terroristas han sacudido a la sociedad europea\u201d, que cuestiona \u201cel futuro control de fronteras y la libertad de movimientos en Europa\u201d.<\/div>\n<section style=\"border-top-color: rgb(102, 102, 102); border-top-style: solid; border-width: 0.063rem 0px 0px; box-sizing: border-box; clear: both; float: left; font-family: inherit; font-size: inherit; font-style: inherit; font-variant-caps: inherit; line-height: inherit; margin: 0.5rem 1.875rem 1.563rem 0px; padding: 0px; vertical-align: baseline; width: 8.75rem;\"><a href=\"https:\/\/www.blogger.com\/null\" name=\"sumario_1\" style=\"border-bottom-color: rgb(1, 108, 162); border-bottom-style: dotted; border-width: 0px 0px 0.063rem; box-sizing: border-box; color: #016ca2; font-family: inherit; font-size: inherit; font-style: inherit; font-variant-caps: inherit; line-height: inherit; margin: 0px; padding: 0px; vertical-align: baseline;\"><\/a><\/p>\n<div style=\"border: 0px; box-sizing: border-box; font-family: inherit; font-size: inherit; font-style: inherit; font-variant-caps: inherit; line-height: inherit; margin: 0px; padding: 0px; vertical-align: baseline;\">\n<header style=\"border: 0px; box-sizing: border-box; clear: both; float: none; font-family: inherit; font-size: inherit; font-style: inherit; font-variant-caps: inherit; line-height: inherit; margin: 0px; padding: 0px; vertical-align: baseline;\">\n<h3 style=\"border: 0px; box-sizing: border-box; color: #111111; font-size: 0.706em; font-style: inherit; font-variant-caps: inherit; line-height: 16.930782318115234px; margin: 0px; padding: 0.563rem 0px 0.625rem; text-transform: uppercase; vertical-align: baseline;\"><span style=\"border: 0px; box-sizing: border-box; font-family: inherit; font-size: inherit; font-style: inherit; font-variant-caps: inherit; font-weight: inherit; line-height: inherit; margin: 0px; padding: 0px; vertical-align: baseline;\">M\u00c1S INFORMACI\u00d3N<\/span><\/h3>\n<\/header>\n<div style=\"border: 0px; box-sizing: border-box; font-family: inherit; font-size: 0.882em; font-style: inherit; font-variant-caps: inherit; line-height: 24.75174331665039px; margin: 0px; padding: 0px; vertical-align: baseline;\">\n<div style=\"border: 0px; box-sizing: border-box; font-family: inherit; font-size: inherit; font-style: inherit; font-variant-caps: inherit; line-height: inherit; margin: 0px; padding: 0px; vertical-align: baseline;\">\n<ul style=\"border: 0px; box-sizing: border-box; font-family: inherit; font-size: inherit; font-style: inherit; font-variant-caps: inherit; line-height: inherit; list-style: none; margin: 0px; padding: 0px; vertical-align: baseline;\">\n<li style=\"border-bottom-color: rgb(235, 235, 235); border-bottom-style: solid; border-width: 0px 0px 0.063rem; box-sizing: border-box; font-family: inherit; font-size: 0.933em; font-style: inherit; font-variant-caps: inherit; line-height: 20.99397850036621px; margin: 0px; padding: 0px 0px 0.5rem; vertical-align: baseline;\">\n<figure itemprop=\"image\" itemscope=\"\" itemtype=\"http:\/\/schema.org\/ImageObject\" style=\"border: 0px; box-sizing: border-box; font-family: inherit; font-size: inherit; font-style: inherit; font-variant-caps: inherit; line-height: inherit; margin: 0px 0px 0.313rem; padding: 0px; position: relative; vertical-align: baseline;\"><img loading=\"lazy\" decoding=\"async\" alt=\"Bruselas hace una dura autocr\u00edtica y presenta los planes de la UE \u2018posbrexit\u2019\" height=\"100\" itemprop=\"url\" src=\"http:\/\/ep01.epimg.net\/internacional\/imagenes\/2017\/03\/01\/actualidad\/1488375183_739612_1488377876_sumarioapoyo_normal.jpg\" srcset=\"http:\/\/ep01.epimg.net\/internacional\/imagenes\/2017\/03\/01\/actualidad\/1488375183_739612_1488377876_sumarioapoyo_normal_recorte1.jpg 280x, http:\/\/ep01.epimg.net\/internacional\/imagenes\/2017\/03\/01\/actualidad\/1488375183_739612_1488377876_sumarioapoyo_normal.jpg 140x\" style=\"border: 0px; box-sizing: border-box; display: block; font-family: inherit; font-size: inherit; font-style: inherit; font-variant-caps: inherit; height: auto; line-height: inherit; margin: 0px; max-width: 100%; padding: 0px; vertical-align: baseline;\" title=\"Bruselas hace una dura autocr\u00edtica y presenta los planes de la UE \u2018posbrexit\u2019\" width=\"140\" \/><\/figure>\n<p><span style=\"border: 0px; box-sizing: border-box; font-family: Majerit, serif; font-size: inherit; font-style: inherit; font-variant-caps: inherit; line-height: inherit; margin: 0px; padding: 0px; vertical-align: baseline;\"><a href=\"http:\/\/elpais.com\/economia\/2016\/11\/15\/actualidad\/1479243401_054408.html\" style=\"border-bottom-style: none; border-left-width: 0px; border-right-width: 0px; border-top-width: 0px; box-sizing: border-box; color: black; font-family: inherit; font-size: inherit; font-style: inherit; font-variant-caps: inherit; line-height: inherit; margin: 0px; padding: 0px; text-decoration: none; vertical-align: baseline;\">Bruselas redise\u00f1a la pol\u00edtica econ\u00f3mica y pide un est\u00edmulo de 50.000 millones<\/a><\/span><\/li>\n<li style=\"border-bottom-color: rgb(235, 235, 235); border-bottom-style: solid; border-width: 0px 0px 0.063rem; box-sizing: border-box; font-family: inherit; font-size: 0.933em; font-style: inherit; font-variant-caps: inherit; line-height: 20.99397850036621px; margin: 0px; padding: 0.5rem 0px; vertical-align: baseline;\"><span style=\"border: 0px; box-sizing: border-box; font-family: Majerit, serif; font-size: inherit; font-style: inherit; font-variant-caps: inherit; line-height: inherit; margin: 0px; padding: 0px; vertical-align: baseline;\"><a href=\"http:\/\/elpais.com\/internacional\/2016\/10\/20\/actualidad\/1476990700_847813.html\" style=\"border-bottom-style: none; border-left-width: 0px; border-right-width: 0px; border-top-width: 0px; box-sizing: border-box; color: black; font-family: inherit; font-size: inherit; font-style: inherit; font-variant-caps: inherit; line-height: inherit; margin: 0px; padding: 0px; text-decoration: none; vertical-align: baseline;\">La UE negocia contra el reloj para salvar su pol\u00edtica comercial<\/a><\/span><\/li>\n<\/ul>\n<\/div>\n<\/div>\n<\/div>\n<\/section>\n<div data-google-query-id=\"CJy04ZzltdICFQanUQodE5ILlQ\" style=\"border: 0px; box-sizing: border-box; font-family: inherit; font-size: inherit; font-style: inherit; font-variant-caps: inherit; height: 0px; line-height: inherit; margin: 0px; padding: 0px; vertical-align: baseline; width: 0px;\">\n<div style=\"border: 0pt none; box-sizing: border-box; font-family: inherit; font-size: inherit; font-style: inherit; font-variant-caps: inherit; line-height: inherit; margin: 0px; padding: 0px; vertical-align: baseline;\"><iframe data-integralas-id-9a5bbe90-1ac3-1e08-971e-40e028d931b1=\"\" frameborder=\"0\" height=\"1\" marginheight=\"0\" marginwidth=\"0\" name=\"google_ads_iframe_\/7811748\/elpais_web\/internacional\/intext_0\" scrolling=\"no\" style=\"border-width: 0px; box-sizing: border-box; display: block; font-family: inherit; font-size: inherit; font-style: inherit; font-variant-caps: inherit; line-height: inherit; margin: 0px auto; max-width: 100%; padding: 0px; vertical-align: bottom;\" title=\"3rd party ad content\" width=\"1\"><\/iframe><\/div>\n<\/div>\n<div style=\"border: 0px; box-sizing: border-box; font-family: inherit; font-size: inherit; font-style: inherit; font-variant-caps: inherit; line-height: inherit; margin-bottom: 2.188rem; padding: 0px; vertical-align: baseline;\">La UE \u201csigue teniendo un fuerte apoyo\u201d entre los europeos, \u201cpero ya no incondicional\u201d, reconoce el&nbsp;<em style=\"border: 0px; box-sizing: border-box; font-family: inherit; font-size: inherit; font-variant-caps: inherit; line-height: inherit; margin: 0px; padding: 0px; vertical-align: baseline;\">Libro blanco<\/em>&nbsp;antes de hacer una severa autocr\u00edtica sobre la forma en la que ha lidiado Europa con la Gran Recesi\u00f3n:&nbsp;<a href=\"http:\/\/economia.elpais.com\/economia\/2016\/11\/09\/actualidad\/1478721432_779104.html\" style=\"border-bottom-color: rgb(1, 108, 162); border-bottom-style: dotted; border-width: 0px 0px 0.063rem; box-sizing: border-box; color: #016ca2; font-family: inherit; font-size: inherit; font-style: inherit; font-variant-caps: inherit; line-height: inherit; margin: 0px; padding: 0px; text-decoration: none; vertical-align: baseline;\" target=\"_blank\" rel=\"noopener\">\u201cLa recuperaci\u00f3n est\u00e1 mal distribuida entre la sociedad y las regiones.<\/a>&nbsp;Solucionar el legado de la crisis, desde el paro de larga duraci\u00f3n a los altos niveles de deuda p\u00fablica y privada, sigue siendo una prioridad urgente\u201d, admite el Ejecutivo europeo casi 10 a\u00f1os despu\u00e9s de la quiebra de Lehman Brothers. Hasta el punto de que la resaca de la Gran Crisis, remata el texto, \u201cha sembrado dudas acerca de la econom\u00eda social de mercado\u201d, el modelo econ\u00f3mico del continente desde hace seis d\u00e9cadas.<\/div>\n<div style=\"border: 0px; box-sizing: border-box; font-family: inherit; font-size: inherit; font-style: inherit; font-variant-caps: inherit; line-height: inherit; margin-bottom: 2.188rem; padding: 0px; vertical-align: baseline;\">El diagn\u00f3stico, en fin, es demoledor, y en su aplastante sinceridad contrasta con la formidable autocomplacencia de los \u00faltimos tiempos. Pero ese sucinto resumen del estado de la cuesti\u00f3n es solo un pre\u00e1mbulo para presentar a los Estados miembros un men\u00fa de opciones acerca de hacia d\u00f3nde deber\u00eda ir la UE con motivo del&nbsp;<a href=\"http:\/\/elpais.com\/tag\/tratado_roma\/a\" style=\"border-bottom-color: rgb(1, 108, 162); border-bottom-style: dotted; border-width: 0px 0px 0.063rem; box-sizing: border-box; color: #016ca2; font-family: inherit; font-size: inherit; font-style: inherit; font-variant-caps: inherit; line-height: inherit; margin: 0px; padding: 0px; text-decoration: none; vertical-align: baseline;\" target=\"_blank\" rel=\"noopener\">60\u00ba aniversario del Tratado de Roma<\/a>, para el que faltan poco menos de tres semanas. El texto ofrece cinco escenarios posibles para ver con qu\u00e9 equipaje sale de \u00e9sta la nueva Europa sin Londres. A diferencia del m\u00edtico&nbsp;<em style=\"border: 0px; box-sizing: border-box; font-family: inherit; font-size: inherit; font-variant-caps: inherit; line-height: inherit; margin: 0px; padding: 0px; vertical-align: baseline;\">Libro blanco<\/em>&nbsp;de Delors, el equipo de Jean-Claude Juncker ha preferido no optar por ninguna de las v\u00edas, y limitarse a abrir un debate con el resto de instituciones y los jefes de Estado y de Gobierno para que los pol\u00edticos nacionales expresen sus preferencias, en un momento de formidable desconfianza entre unos y otros que impide pensar en grandes saltos adelante.<\/div>\n<section style=\"border: 0px; box-sizing: border-box; clear: both; float: left; font-family: inherit; font-size: inherit; font-style: inherit; font-variant-caps: inherit; line-height: inherit; margin: 0.5rem 1.875rem 1.563rem 0px; padding: 0px; vertical-align: baseline; width: 18.75rem;\"><a href=\"https:\/\/www.blogger.com\/null\" name=\"sumario_2\" style=\"border-bottom-color: rgb(1, 108, 162); border-bottom-style: dotted; border-width: 0px 0px 0.063rem; box-sizing: border-box; color: #016ca2; font-family: inherit; font-size: inherit; font-style: inherit; font-variant-caps: inherit; line-height: inherit; margin: 0px; padding: 0px; vertical-align: baseline;\"><\/a><\/p>\n<div style=\"border: 0px; box-sizing: border-box; font-family: inherit; font-size: inherit; font-style: inherit; font-variant-caps: inherit; line-height: inherit; margin: 0px; padding: 0px; vertical-align: baseline;\">\n<figure itemprop=\"image\" itemscope=\"\" itemtype=\"http:\/\/schema.org\/ImageObject\" style=\"border: 0px; box-sizing: border-box; font-family: inherit; font-size: inherit; font-style: inherit; font-variant-caps: inherit; line-height: inherit; margin: 0px 0px 0.938rem; padding: 0px; position: relative; vertical-align: baseline;\"><img loading=\"lazy\" decoding=\"async\" alt=\"El 'Libro blanco sobre el futuro de Europa'.\" height=\"252\" itemprop=\"url\" src=\"http:\/\/ep01.epimg.net\/internacional\/imagenes\/2017\/03\/01\/actualidad\/1488375183_739612_1488378833_sumario_normal.jpg\" srcset=\"http:\/\/ep01.epimg.net\/internacional\/imagenes\/2017\/03\/01\/actualidad\/1488375183_739612_1488378833_sumario_normal_recorte1.jpg 720x, http:\/\/ep01.epimg.net\/internacional\/imagenes\/2017\/03\/01\/actualidad\/1488375183_739612_1488378833_sumario_normal.jpg 360x\" style=\"border: 0px; box-sizing: border-box; display: block; font-family: inherit; font-size: inherit; font-style: inherit; font-variant-caps: inherit; height: auto; line-height: inherit; margin: 0px; max-width: 100%; padding: 0px; vertical-align: baseline;\" title=\"El 'Libro blanco sobre el futuro de Europa'.\" width=\"360\" \/><figcaption itemprop=\"caption\" style=\"border-bottom-color: rgb(208, 208, 208); border-bottom-style: dotted; border-width: 0px 0px 0.063rem; box-sizing: border-box; color: #646464; font-family: inherit; font-size: 0.764em; font-style: inherit; font-variant-caps: inherit; line-height: 14.03364086151123px; margin: 0px; padding: 0.313rem; text-align: right; vertical-align: baseline;\">El &#8216;Libro blanco sobre el futuro de Europa&#8217;.&nbsp;<span style=\"border: 0px; box-sizing: border-box; color: #111111; font-family: inherit; font-size: 0.846em; font-style: inherit; font-variant-caps: inherit; line-height: inherit; margin: 0px; padding: 0px; text-transform: uppercase; vertical-align: baseline;\"><span itemprop=\"author\" style=\"border: 0px; box-sizing: border-box; font-family: inherit; font-size: inherit; font-style: inherit; font-variant-caps: inherit; line-height: inherit; margin: 0px; padding: 0px; vertical-align: baseline;\">YVES HERMAN<\/span>&nbsp;<span itemprop=\"copyrightHolder\" style=\"border: 0px; box-sizing: border-box; font-family: inherit; font-size: inherit; font-style: inherit; font-variant-caps: inherit; line-height: inherit; margin: 0px; padding: 0px; vertical-align: baseline;\">REUTERS<\/span><\/span><\/figcaption><\/figure>\n<div style=\"border: 0px; box-sizing: border-box; font-family: inherit; font-size: 0.882em; font-style: inherit; font-variant-caps: inherit; line-height: 24.75174331665039px; margin: 0px; padding: 0px; vertical-align: baseline;\">\n<div style=\"border: 0px; box-sizing: border-box; font-family: inherit; font-size: inherit; font-style: inherit; font-variant-caps: inherit; line-height: 1.375rem; margin-bottom: 0.938rem; padding: 0px; vertical-align: baseline;\"><\/div>\n<\/div>\n<\/div>\n<\/section>\n<div style=\"border: 0px; box-sizing: border-box; font-family: inherit; font-size: inherit; font-style: inherit; font-variant-caps: inherit; line-height: inherit; margin-bottom: 2.188rem; padding: 0px; vertical-align: baseline;\">Juncker recoger\u00e1 todas las opiniones en el discurso sobre el Estado de la Uni\u00f3n, el pr\u00f3ximo septiembre en Estrasburgo, ya despu\u00e9s de las elecciones francesas y justo antes de las alemanas. Y los l\u00edderes europeos tendr\u00e1n la \u00faltima palabra en la cumbre de diciembre, con el panorama electoral de 2017 mucho m\u00e1s aclarado que ahora. El presidente comparece hoy ante el&nbsp;<a href=\"http:\/\/elpais.com\/tag\/parlamento_europeo\/a\" style=\"border-bottom-color: rgb(1, 108, 162); border-bottom-style: dotted; border-width: 0px 0px 0.063rem; box-sizing: border-box; color: #016ca2; font-family: inherit; font-size: inherit; font-style: inherit; font-variant-caps: inherit; line-height: inherit; margin: 0px; padding: 0px; text-decoration: none; vertical-align: baseline;\" target=\"_blank\" rel=\"noopener\">Parlamento Europeo<\/a>&nbsp;para exponer ese trabajo, pero ya ha apuntado que este \u201ces el inicio del proceso, no el final\u201d. Su equipo destaca que la aspiraci\u00f3n es que se convierta en \u00abel acta de nacimiento de la nueva UE a Veintisiete\u00bb, ya sin Reino Unido.<\/div>\n<div style=\"border: 0px; box-sizing: border-box; font-family: inherit; font-size: inherit; font-style: inherit; font-variant-caps: inherit; line-height: inherit; margin-bottom: 2.188rem; padding: 0px; vertical-align: baseline;\">El&nbsp;<em style=\"border: 0px; box-sizing: border-box; font-family: inherit; font-size: inherit; font-variant-caps: inherit; line-height: inherit; margin: 0px; padding: 0px; vertical-align: baseline;\">Libro Blanco<\/em>&nbsp;plantea cinco escenarios con una visi\u00f3n del futuro estado de la Uni\u00f3n en 2025, en funci\u00f3n de las opciones por las que se decante Europa. A grandes rasgos, son las siguientes.<\/div>\n<div style=\"border: 0px; box-sizing: border-box; font-family: inherit; font-size: inherit; font-style: inherit; font-variant-caps: inherit; line-height: inherit; margin-bottom: 2.188rem; padding: 0px; vertical-align: baseline;\"><strong style=\"border: 0px; box-sizing: border-box; font-family: inherit; font-size: inherit; font-style: inherit; font-variant-caps: inherit; line-height: inherit; margin: 0px; padding: 0px; vertical-align: baseline;\">1. Seguir igual.<\/strong>&nbsp;La UE a 27, de seguir por esa v\u00eda. se orientar\u00eda por la&nbsp;<a href=\"http:\/\/elpais.com\/elpais\/2016\/09\/16\/opinion\/1474050223_305414.html\" style=\"border-bottom-color: rgb(1, 108, 162); border-bottom-style: dotted; border-width: 0px 0px 0.063rem; box-sizing: border-box; color: #016ca2; font-family: inherit; font-size: inherit; font-style: inherit; font-variant-caps: inherit; line-height: inherit; margin: 0px; padding: 0px; text-decoration: none; vertical-align: baseline;\" target=\"_blank\" rel=\"noopener\">Declaraci\u00f3n de Bratislava,<\/a>&nbsp;adoptada en 2016: se tratar\u00eda de aplicar la actual agenda, con pasos adelante en los asuntos de seguridad y defensa. El propio Ejecutivo comunitario admite que la integridad de la UE podr\u00eda verse en entredicho. Un ejemplo: podr\u00edan producirse m\u00e1s controles de seguridad en las fronteras.<\/div>\n<div style=\"border: 0px; box-sizing: border-box; font-family: inherit; font-size: inherit; font-style: inherit; font-variant-caps: inherit; line-height: inherit; margin-bottom: 2.188rem; padding: 0px; vertical-align: baseline;\"><strong style=\"border: 0px; box-sizing: border-box; font-family: inherit; font-size: inherit; font-style: inherit; font-variant-caps: inherit; line-height: inherit; margin: 0px; padding: 0px; vertical-align: baseline;\">2. Solo mercado \u00fanico.<\/strong>&nbsp;Esa es la opci\u00f3n m\u00e1s minimalista del men\u00fa. Se basa en preservar las cuatro grandes libertades, y convertir\u00eda el&nbsp;<a href=\"http:\/\/elpais.com\/tag\/mercado_unico_europeo\/a\" style=\"border-bottom-color: rgb(1, 108, 162); border-bottom-style: dotted; border-width: 0px 0px 0.063rem; box-sizing: border-box; color: #016ca2; font-family: inherit; font-size: inherit; font-style: inherit; font-variant-caps: inherit; line-height: inherit; margin: 0px; padding: 0px; text-decoration: none; vertical-align: baseline;\" target=\"_blank\" rel=\"noopener\">mercado com\u00fan en la \u00fanica raz\u00f3n de ser de la UE,<\/a>&nbsp;eliminando regulaciones europeas en los \u00e1mbitos que no est\u00e9n estrictamente relacionados con el citado mercado \u00fanico: una especie de sue\u00f1o brit\u00e1nico hecho realidad, justo ahora que Reino Unido sale de la Uni\u00f3n. Bruselas admite que la cooperaci\u00f3n ser\u00eda limitada y la eurozona podr\u00eda convertirse en \u00abuna fuente de vulnerabilidad\u00bb. \u00abSe pondr\u00eda en riesgo la integridad de la moneda \u00fanica y su capacidad de responder a una nueva crisis financiera\u00bb, subraya el texto. Junto con el primer escenario, es el que parecen preferir varios socios del Este.<\/div>\n<div style=\"border: 0px; box-sizing: border-box; font-family: inherit; font-size: inherit; font-style: inherit; font-variant-caps: inherit; line-height: inherit; margin-bottom: 2.188rem; padding: 0px; vertical-align: baseline;\"><strong style=\"border: 0px; box-sizing: border-box; font-family: inherit; font-size: inherit; font-style: inherit; font-variant-caps: inherit; line-height: inherit; margin: 0px; padding: 0px; vertical-align: baseline;\">3. Quienes quieran hacer m\u00e1s, har\u00e1n m\u00e1s.<\/strong>&nbsp;La UE a 27 seguir\u00eda funcionando como hasta ahora, pero se incentivar\u00edan las&nbsp;<a href=\"http:\/\/internacional.elpais.com\/internacional\/2017\/01\/18\/actualidad\/1484768719_238537.html\" style=\"border-bottom-color: rgb(1, 108, 162); border-bottom-style: dotted; border-width: 0px 0px 0.063rem; box-sizing: border-box; color: #016ca2; font-family: inherit; font-size: inherit; font-style: inherit; font-variant-caps: inherit; line-height: inherit; margin: 0px; padding: 0px; text-decoration: none; vertical-align: baseline;\" target=\"_blank\" rel=\"noopener\">m\u00faltiples velocidades<\/a>&nbsp;en las agendas fundamentales, para evitar que los vetos impidan avanzar a quienes quieren hacerlo. Europa ya ha empezado a andar ese camino, con la reducci\u00f3n de las votaciones por unanimidad y el mayor papel de las cooperaciones reforzadas, que implican la posibilidad de seguir adelante con mayor\u00edas cualificadas, pero reducen el poder de veto. La Comisi\u00f3n destaca que esa v\u00eda permitir\u00eda avanzar en defensa, seguridad, uni\u00f3n fiscal &#8211;con una especie de Schengen fiscal&#8211; y asuntos sociales. Eso s\u00ed: admite que ese camino puede generar problemas de legitimidad democr\u00e1tica. Tanto la canciller Angela Merkel como el presidente franc\u00e9s, Fran\u00e7ois Hollande, han apoyado en las \u00faltimas semanas esa Europa de distintas velocidades.<\/div>\n<div style=\"border: 0px; box-sizing: border-box; font-family: inherit; font-size: inherit; font-style: inherit; font-variant-caps: inherit; line-height: inherit; margin-bottom: 2.188rem; padding: 0px; vertical-align: baseline;\"><strong style=\"border: 0px; box-sizing: border-box; font-family: inherit; font-size: inherit; font-style: inherit; font-variant-caps: inherit; line-height: inherit; margin: 0px; padding: 0px; vertical-align: baseline;\">4. Hacer menos pero de forma m\u00e1s eficiente.<\/strong>&nbsp;Se tratar\u00eda de decidir qu\u00e9 asuntos son claramente europeos e ir a fondo en esas agendas: dedicar todos los recursos de la Uni\u00f3n a un n\u00famero limitado de \u00e1reas y dejar de lado las pol\u00edticas que pueden hacerse mejor a nivel nacional, regional o local. Eso es, en parte, lo que ha tratado de hacer la Comisi\u00f3n Juncker, pese a que el&nbsp;<em style=\"border: 0px; box-sizing: border-box; font-family: inherit; font-size: inherit; font-variant-caps: inherit; line-height: inherit; margin: 0px; padding: 0px; vertical-align: baseline;\">Libro blanco<\/em>&nbsp;admite que los europeos ven la UE como un ente \u00abdemasiado distante o demasiado entrometido\u00bb. Junto con el tercer escenario es, a priori, el m\u00e1s realista; la v\u00eda que apoyan los Estados miembros m\u00e1s importantes. Holanda, en particular, ha dado sobradas muestras de preferir que la UE devuelva poderes a otros niveles de Gobierno.<\/div>\n<div style=\"border: 0px; box-sizing: border-box; font-family: inherit; font-size: inherit; font-style: inherit; font-variant-caps: inherit; line-height: inherit; margin-bottom: 2.188rem; padding: 0px; vertical-align: baseline;\"><strong style=\"border: 0px; box-sizing: border-box; font-family: inherit; font-size: inherit; font-style: inherit; font-variant-caps: inherit; line-height: inherit; margin: 0px; padding: 0px; vertical-align: baseline;\">5. El salto federal.<\/strong>&nbsp;La v\u00eda que defiende el liberal Guy Verhofstadt y con la que se present\u00f3 a las elecciones de 2014 Jean-Claude Juncker no tiene visos de prosperar: la policrisis de los \u00faltimos a\u00f1os ha hecho aflorar enormes diferencias entre los Estados miembros (N<a href=\"http:\/\/economia.elpais.com\/economia\/2017\/01\/12\/actualidad\/1484238658_721689.html\" style=\"border-bottom-color: rgb(1, 108, 162); border-bottom-style: dotted; border-width: 0px 0px 0.063rem; box-sizing: border-box; color: #016ca2; font-family: inherit; font-size: inherit; font-style: inherit; font-variant-caps: inherit; line-height: inherit; margin: 0px; padding: 0px; text-decoration: none; vertical-align: baseline;\" target=\"_blank\" rel=\"noopener\">orte-Sur en el caso de la crisis del euro<\/a>; Este-Oeste por los refugiados, por ejemplo). La Uni\u00f3n apuntar\u00eda de esa manera a una mayor armonizaci\u00f3n fiscal, social y financiera, con la posibilidad de poner en marcha una \u00abcapacidad financiera\u00bb a modo de est\u00edmulo contra los&nbsp;<em style=\"border: 0px; box-sizing: border-box; font-family: inherit; font-size: inherit; font-variant-caps: inherit; line-height: inherit; margin: 0px; padding: 0px; vertical-align: baseline;\">shocks<\/em>&nbsp;econ\u00f3micos. Permitir\u00eda crear una Uni\u00f3n Europea de la Defensa. Ese tipo de saltos federales fue siempre el sue\u00f1o de los padres fundadores de la UE, pero no parece factible ni con la mayor crisis en d\u00e9cadas: la propia Comisi\u00f3n admite el riesgo de \u00abperder a parte de la sociedad que cree que la UE carece de legitimidad o se ha hecho con demasiado poder procedente de los Estados naci\u00f3n\u00bb.<\/div>\n<\/div>\n<\/div>\n","protected":false},"excerpt":{"rendered":"<p>Bruselas hace una dura autocr\u00edtica y presenta los planes de la UE \u2018posbrexit\u2019 CLAUDI P\u00c9REZ&#8230;.<\/p>\n","protected":false},"author":2,"featured_media":0,"comment_status":"open","ping_status":"open","sticky":false,"template":"","format":"standard","meta":{"ngg_post_thumbnail":0,"footnotes":""},"categories":[1],"tags":[],"class_list":["post-50","post","type-post","status-publish","format-standard","hentry","category-hemeroteca"],"_links":{"self":[{"href":"https:\/\/aedecanarias.eu\/index.php?rest_route=\/wp\/v2\/posts\/50","targetHints":{"allow":["GET"]}}],"collection":[{"href":"https:\/\/aedecanarias.eu\/index.php?rest_route=\/wp\/v2\/posts"}],"about":[{"href":"https:\/\/aedecanarias.eu\/index.php?rest_route=\/wp\/v2\/types\/post"}],"author":[{"embeddable":true,"href":"https:\/\/aedecanarias.eu\/index.php?rest_route=\/wp\/v2\/users\/2"}],"replies":[{"embeddable":true,"href":"https:\/\/aedecanarias.eu\/index.php?rest_route=%2Fwp%2Fv2%2Fcomments&post=50"}],"version-history":[{"count":0,"href":"https:\/\/aedecanarias.eu\/index.php?rest_route=\/wp\/v2\/posts\/50\/revisions"}],"wp:attachment":[{"href":"https:\/\/aedecanarias.eu\/index.php?rest_route=%2Fwp%2Fv2%2Fmedia&parent=50"}],"wp:term":[{"taxonomy":"category","embeddable":true,"href":"https:\/\/aedecanarias.eu\/index.php?rest_route=%2Fwp%2Fv2%2Fcategories&post=50"},{"taxonomy":"post_tag","embeddable":true,"href":"https:\/\/aedecanarias.eu\/index.php?rest_route=%2Fwp%2Fv2%2Ftags&post=50"}],"curies":[{"name":"wp","href":"https:\/\/api.w.org\/{rel}","templated":true}]}}