{"id":317,"date":"2013-05-30T18:08:00","date_gmt":"2013-05-30T18:08:00","guid":{"rendered":"https:\/\/aedecanarias.eu\/cuatro-candidaturas-espanolas-optan-al-premio-ciudadano-europeo-2013-aede-canarias-lo-obtuvo-en-2008"},"modified":"2013-05-30T18:08:00","modified_gmt":"2013-05-30T18:08:00","slug":"cuatro-candidaturas-espanolas-optan-al-premio-ciudadano-europeo-2013-aede-canarias-lo-obtuvo-en-2008","status":"publish","type":"post","link":"https:\/\/aedecanarias.eu\/?p=317","title":{"rendered":"Cuatro candidaturas espa\u00f1olas optan al Premio Ciudadano Europeo 2013. Aede-Canarias lo obtuvo en 2008."},"content":{"rendered":"\n<div class=\"twitter-share\"><a href=\"https:\/\/twitter.com\/intent\/tweet?via=aedecanarias\" class=\"twitter-share-button\" data-size=\"large\">Twittear<\/a><\/div>\n<p><\/p>\n<div style=\"background-color: white; background-image: url(http:\/\/www.europarl.europa.eu\/website\/common\/img\/background\/body_bg_page.png); border: 0px; clear: both; color: #13334d; font-family: Arial, Helvetica, sans-serif; font-size: 10px; height: 81px; margin: -1px 0px 0px; padding: 0px; position: relative; vertical-align: baseline; z-index: 70;\">\n<div style=\"background-image: none; border: none; clear: both; color: inherit; float: left; font-family: inherit; font-size: 1em; font-style: inherit; height: auto; left: auto; margin: 0px; overflow: visible; padding: 12px 0px 0px; position: relative; vertical-align: baseline; width: auto;\">\n<h1 style=\"border: 0px; font-family: inherit; font-size: 1.5em; font-style: inherit; height: auto; left: 0px; line-height: 1em; margin: 0px 0px 8px; overflow: visible; padding: 0px; position: relative; vertical-align: baseline; width: auto;\"><span style=\"font-weight: normal;\">Cuatro candidaturas espa\u00f1olas optan al Premio Ciudadano Europeo 2013<\/span><\/h1>\n<p><span style=\"border: 0px; color: #006bcf; display: block; font-family: inherit; font-size: 1.2em; font-style: inherit; margin: 0px; padding: 0px; position: relative; vertical-align: baseline;\"><span style=\"border: 0px; font-family: inherit; font-style: inherit; font-weight: bold; margin: 0px; padding: 0px; vertical-align: baseline;\">Instituciones&nbsp;<\/span>\u2212 Espa\u00f1a &#8211;&nbsp;<span style=\"border: 0px; font-family: inherit; font-style: inherit; margin: 0px; padding: 0px; vertical-align: baseline;\">27-05-2013 &#8211; 17:04<\/span><\/span><\/div>\n<p><span style=\"background-image: none; border: none; clear: both; display: block; font-family: inherit; font-size: 1em; font-style: inherit; height: 1px; margin: -1px 0px 0px; overflow: hidden; padding: 0px; position: relative; vertical-align: baseline;\">&nbsp;<strong style=\"border: 0px; color: inherit; font-family: inherit; font-size: 1.2em; font-style: inherit; line-height: 1.6em; margin: 0px; outline: 0px; padding: 0px; vertical-align: baseline;\">Aspiran al galard\u00f3n del Parlamento Europeo la Plataforma de Afectados por la Hipoteca (PAH), la nadadora paral\u00edmpica Teresa Perales, la Real Academia de la Lengua Vasca (Euskaltzaindia) y la Federaci\u00f3n de Entidades Catalanas de Acci\u00f3n Social.<\/strong><\/span><\/div>\n<div style=\"background-color: white; border: 0px; clear: both; color: #363636; font-family: Arial, Helvetica, sans-serif; font-size: 10px; margin: -1px 0px 0px; padding: 0px; position: relative; vertical-align: baseline; z-index: 60;\">\n<div style=\"background-image: none; border: none; clear: both; color: inherit; font-family: inherit; font-size: 1em; font-style: inherit; height: auto; left: auto; margin: 1px 0px 0px; overflow: visible; padding: 0px; vertical-align: baseline; width: 600px;\">\n<div style=\"border: 0px; clear: both; font-family: inherit; font-size: 1em; font-style: inherit; margin: 0px; padding: 12px 0px 0px; position: relative; vertical-align: baseline;\">\n<div style=\"border: 0px; font-family: inherit; font-size: 1.2em; font-style: inherit; line-height: 1.6em; margin: 0px 0px 8px; padding: 0px; position: relative; top: -2px; vertical-align: baseline;\">\n<div style=\"border: 0px; font-family: inherit; font-style: inherit; padding: 0px; position: relative; vertical-align: baseline;\"><\/div>\n<div style=\"border: 0px; font-family: inherit; font-style: inherit; padding: 0px; position: relative; vertical-align: baseline;\">Cuatro candidaturas espa\u00f1olas han sido seleccionadas para optar al Premio Ciudadano Europeo 2013 que otorga el Parlamento Europeo. Tras la evaluaci\u00f3n por un jurado nacional -compuesto por los eurodiputados Teresa Jim\u00e9nez-Becerril (PPE), Carmen Romero (S&amp;D) e Izaskun Bilbao (ALDE)- las candidaturas de la Plataforma de Afectados por la Hipoteca, la Real Academia de la Lengua Vasca (Euskaltzaindia), la Federaci\u00f3n de Entidades Catalanas de Acci\u00f3n Social y la nadadora paral\u00edmpica Teresa Perales ser\u00e1n examinadas por un jurado europeo.<\/div>\n<p><a name='more'><\/a><\/p>\n<div style=\"border: 0px; font-family: inherit; font-style: inherit; padding: 0px; position: relative; vertical-align: baseline;\">Desde 2008, a\u00f1o en que le fu\u00e9 concedido dicho premio a la Asociaci\u00f3n Europea de Ense\u00f1antes &#8211; Secci\u00f3n Islas Canarias (AEDE_CANARIAS), la Euroc\u00e1mara concede el premio Ciudadano Europeo a personas u organizaciones excepcionales que luchen por los valores europeos, promuevan la integraci\u00f3n entre ciudadanos y los Estados miembros o faciliten la cooperaci\u00f3n transnacional en el seno de la Uni\u00f3n y d\u00eda a d\u00eda tratan de promover los valores de la Carta de Derechos Fundamentales de la Uni\u00f3n Europea.<\/div>\n<p><\/p>\n<div style=\"border: 0px; font-family: inherit; font-style: inherit; padding: 0px; position: relative; vertical-align: baseline;\">Los ganadores definitivos se conocer\u00e1n el pr\u00f3ximo mes de octubre y ser\u00e1n seleccionados entre medio centenar de candidatos procedentes de los Estados miembros de la UE.<\/div>\n<p><\/p>\n<div style=\"border: 0px; font-family: inherit; font-style: inherit; padding: 0px; position: relative; vertical-align: baseline;\"><strong style=\"border: 0px; font-family: inherit; font-style: inherit; margin: 0px; outline: 0px; padding: 0px; vertical-align: baseline;\">Teresa Perales<\/strong><\/div>\n<div style=\"border: 0px; font-family: inherit; font-style: inherit; padding: 0px; position: relative; vertical-align: baseline;\">Tras sufrir una neuropat\u00eda a los 19 a\u00f1os, perdi\u00f3 la movilidad en ambas piernas y tuvo que aprender a nadar de nuevo. El pasado verano en los Juegos Ol\u00edmpicos de Londres 2012 consigui\u00f3 seis medallas, logrando as\u00ed un r\u00e9cord hist\u00f3rico: 22 medallas paral\u00edmpicas en el total de su carrera, una cifra s\u00f3lo igualada por el nadador Michael Phelps. Ha participado y ganado metales en Sidney 2000, Atenas 2004, Pekin 2008 y Londres 2012. Entre los cuatro finalistas, Teresa Perales es la candidata espa\u00f1ola que ha obtenido mejor valoraci\u00f3n para el premio Ciudadano Europeo 2013.<\/div>\n<p><\/p>\n<div style=\"border: 0px; font-family: inherit; font-style: inherit; padding: 0px; position: relative; vertical-align: baseline;\"><strong style=\"border: 0px; font-family: inherit; font-style: inherit; margin: 0px; outline: 0px; padding: 0px; vertical-align: baseline;\">Plataforma de Afectados por la Hipoteca<\/strong><\/div>\n<div style=\"border: 0px; font-family: inherit; font-style: inherit; padding: 0px; position: relative; vertical-align: baseline;\">La Plataforma de Afectados por la Hipoteca (PAH) es un movimiento social por el derecho a la vivienda digna surgido en febrero de 2009 en el marco de la crisis inmobiliaria espa\u00f1ola. Agrupa a personas con dificultades para pagar la hipoteca o que se encuentran en proceso de ejecuci\u00f3n hipotecaria y personas solidarias con esta problem\u00e1tica.<\/div>\n<p><\/p>\n<div style=\"border: 0px; font-family: inherit; font-style: inherit; padding: 0px; position: relative; vertical-align: baseline;\"><strong style=\"border: 0px; font-family: inherit; font-style: inherit; margin: 0px; outline: 0px; padding: 0px; vertical-align: baseline;\">Euskaltzaindia<\/strong><\/div>\n<div style=\"border: 0px; font-family: inherit; font-style: inherit; padding: 0px; position: relative; vertical-align: baseline;\">La Real Academia de la Lengua Vasca &#8211; Euskaltzaindia es la Instituci\u00f3n Acad\u00e9mica oficial que vela por el euskera desde 1918. Su cometido es investigar y formular las leyes gramaticales de la lengua vasca, promover su uso o velar por los derechos de la lengua. Goza del reconocimiento oficial, con car\u00e1cter de Real Academia en Espa\u00f1a desde 1976 y como entidad de utilidad p\u00fablica en el \u00e1mbito de la Rep\u00fablica Francesa desde 1995.<\/div>\n<p><\/p>\n<div style=\"border: 0px; font-family: inherit; font-style: inherit; padding: 0px; position: relative; vertical-align: baseline;\"><strong style=\"border: 0px; font-family: inherit; font-style: inherit; margin: 0px; outline: 0px; padding: 0px; vertical-align: baseline;\">Federaci\u00f3n de Entidades Catalanas de Acci\u00f3n Social<\/strong><\/div>\n<div style=\"border: 0px; font-family: inherit; font-style: inherit; padding: 0px; position: relative; vertical-align: baseline;\">Trabajan de manera prioritaria con colectivos en situaci\u00f3n o riesgo de exclusi\u00f3n social. La atenci\u00f3n directa que prestan las organizaciones que forman parte de ECAS y la tarea de la propia federaci\u00f3n para vertebrar el sector se fundamentan en la lucha por la igualdad de oportunidades para toda la poblaci\u00f3n, as\u00ed como en la voluntad de transformar la sociedad para hacerla m\u00e1s justa e igualitaria.<\/div>\n<div><\/div>\n<\/div>\n<\/div>\n<\/div>\n<\/div>\n","protected":false},"excerpt":{"rendered":"<p>Cuatro candidaturas espa\u00f1olas optan al Premio Ciudadano Europeo 2013 Instituciones&nbsp;\u2212 Espa\u00f1a &#8211;&nbsp;27-05-2013 &#8211; 17:04 &nbsp;Aspiran&#8230;<\/p>\n","protected":false},"author":2,"featured_media":0,"comment_status":"open","ping_status":"open","sticky":false,"template":"","format":"standard","meta":{"ngg_post_thumbnail":0,"footnotes":""},"categories":[1],"tags":[],"class_list":["post-317","post","type-post","status-publish","format-standard","hentry","category-hemeroteca"],"_links":{"self":[{"href":"https:\/\/aedecanarias.eu\/index.php?rest_route=\/wp\/v2\/posts\/317","targetHints":{"allow":["GET"]}}],"collection":[{"href":"https:\/\/aedecanarias.eu\/index.php?rest_route=\/wp\/v2\/posts"}],"about":[{"href":"https:\/\/aedecanarias.eu\/index.php?rest_route=\/wp\/v2\/types\/post"}],"author":[{"embeddable":true,"href":"https:\/\/aedecanarias.eu\/index.php?rest_route=\/wp\/v2\/users\/2"}],"replies":[{"embeddable":true,"href":"https:\/\/aedecanarias.eu\/index.php?rest_route=%2Fwp%2Fv2%2Fcomments&post=317"}],"version-history":[{"count":0,"href":"https:\/\/aedecanarias.eu\/index.php?rest_route=\/wp\/v2\/posts\/317\/revisions"}],"wp:attachment":[{"href":"https:\/\/aedecanarias.eu\/index.php?rest_route=%2Fwp%2Fv2%2Fmedia&parent=317"}],"wp:term":[{"taxonomy":"category","embeddable":true,"href":"https:\/\/aedecanarias.eu\/index.php?rest_route=%2Fwp%2Fv2%2Fcategories&post=317"},{"taxonomy":"post_tag","embeddable":true,"href":"https:\/\/aedecanarias.eu\/index.php?rest_route=%2Fwp%2Fv2%2Ftags&post=317"}],"curies":[{"name":"wp","href":"https:\/\/api.w.org\/{rel}","templated":true}]}}