{"id":316,"date":"2013-06-02T18:40:00","date_gmt":"2013-06-02T18:40:00","guid":{"rendered":"https:\/\/aedecanarias.eu\/la-semana-europea-de-la-juventud-anima-a-los-jovenes-a-opinar-de-las-decisiones-que-les-afectan"},"modified":"2013-06-02T18:40:00","modified_gmt":"2013-06-02T18:40:00","slug":"la-semana-europea-de-la-juventud-anima-a-los-jovenes-a-opinar-de-las-decisiones-que-les-afectan","status":"publish","type":"post","link":"https:\/\/aedecanarias.eu\/?p=316","title":{"rendered":"La Semana Europea de la Juventud anima a los j\u00f3venes a opinar de las decisiones que les afectan"},"content":{"rendered":"\n<div class=\"twitter-share\"><a href=\"https:\/\/twitter.com\/intent\/tweet?via=aedecanarias\" class=\"twitter-share-button\" data-size=\"large\">Twittear<\/a><\/div>\n<p><\/p>\n<div style=\"background-color: white; border: 0px; color: #363636; font-family: Arial, Helvetica, sans-serif; font-size: 12px; line-height: 19px; padding: 0px; position: relative; vertical-align: baseline;\">\n<div style=\"clear: both; text-align: center;\"><a href=\"http:\/\/4.bp.blogspot.com\/-l1lkxISWrew\/UauRSBcScbI\/AAAAAAAAAGg\/aUrKyJYVpW0\/s1600\/20130531PHT10901_original.jpg\" style=\"clear: left; float: left; margin-bottom: 1em; margin-right: 1em;\"><img loading=\"lazy\" decoding=\"async\" border=\"0\" height=\"190\" src=\"http:\/\/4.bp.blogspot.com\/-l1lkxISWrew\/UauRSBcScbI\/AAAAAAAAAGg\/aUrKyJYVpW0\/s320\/20130531PHT10901_original.jpg\" width=\"320\" \/><\/a><\/div>\n<p><strong style=\"border: 0px; font-family: inherit; font-style: inherit; margin: 0px; outline: 0px; padding: 0px; vertical-align: baseline;\"><br \/>\u00bfC\u00f3mo se puede implicar a los j\u00f3venes en la pol\u00edtica cuando muchos de ellos est\u00e1n desmoralizados por el paro juvenil galopante en Europa? La Liga de J\u00f3venes Votantes quiere dar un vuelco a la situaci\u00f3n facilitando m\u00e1s informaci\u00f3n sobre las elecciones al Parlamento Europeo, y garantizando que los partidos pol\u00edticos y los candidatos presten atenci\u00f3n a las cuestiones que importan a los j\u00f3venes. Esta iniciativa se puso en marcha el 30 de mayo en el marco de la Semana Europea de la Juventud.<\/strong><\/div>\n<p><a name='more'><\/a><br style=\"background-color: white; color: #363636; font-family: Arial, Helvetica, sans-serif; font-size: 12px; line-height: 19px;\" \/><\/p>\n<div style=\"background-color: white; border: 0px; color: #363636; font-family: Arial, Helvetica, sans-serif; font-size: 12px; line-height: 19px; padding: 0px; position: relative; vertical-align: baseline;\">La Liga de J\u00f3venes Votantes comenz\u00f3 su andadura durante la YO!Fest: un evento de dos d\u00edas cuyos talleres y debates tienen lugar el 30 y 31 de mayo delante de la sede en Bruselas del Parlamento Europeo. El objetivo de este movimiento es aumentar la participaci\u00f3n de los j\u00f3venes en las elecciones europeas. La Liga de J\u00f3venes Votantes naci\u00f3 apadrinada por Herman Van Rompuy, Presidente del Consejo Europeo, y Jos\u00e9 Manuel Barroso, Presidente de la Comisi\u00f3n Europea.<\/div>\n<p><br style=\"background-color: white; color: #363636; font-family: Arial, Helvetica, sans-serif; font-size: 12px; line-height: 19px;\" \/><\/p>\n<div style=\"background-color: white; border: 0px; color: #363636; font-family: Arial, Helvetica, sans-serif; font-size: 12px; line-height: 19px; padding: 0px; position: relative; vertical-align: baseline;\">El Foro Europeo de la Juventud organiza cada a\u00f1o YO!Fest, que este a\u00f1o est\u00e1 dedicado al 25 aniversario de los programas europeos para la juventud. El Presidente del Parlamento Europeo, Martin Schulz, y la comisaria europea Androulla Vassiliou tienen previsto debatir este 31 de mayo con el p\u00fablico sobre los logros y el futuro de estos programas.<\/div>\n","protected":false},"excerpt":{"rendered":"<p>\u00bfC\u00f3mo se puede implicar a los j\u00f3venes en la pol\u00edtica cuando muchos de ellos est\u00e1n&#8230;<\/p>\n","protected":false},"author":2,"featured_media":0,"comment_status":"open","ping_status":"open","sticky":false,"template":"","format":"standard","meta":{"ngg_post_thumbnail":0,"footnotes":""},"categories":[1],"tags":[],"class_list":["post-316","post","type-post","status-publish","format-standard","hentry","category-hemeroteca"],"_links":{"self":[{"href":"https:\/\/aedecanarias.eu\/index.php?rest_route=\/wp\/v2\/posts\/316","targetHints":{"allow":["GET"]}}],"collection":[{"href":"https:\/\/aedecanarias.eu\/index.php?rest_route=\/wp\/v2\/posts"}],"about":[{"href":"https:\/\/aedecanarias.eu\/index.php?rest_route=\/wp\/v2\/types\/post"}],"author":[{"embeddable":true,"href":"https:\/\/aedecanarias.eu\/index.php?rest_route=\/wp\/v2\/users\/2"}],"replies":[{"embeddable":true,"href":"https:\/\/aedecanarias.eu\/index.php?rest_route=%2Fwp%2Fv2%2Fcomments&post=316"}],"version-history":[{"count":0,"href":"https:\/\/aedecanarias.eu\/index.php?rest_route=\/wp\/v2\/posts\/316\/revisions"}],"wp:attachment":[{"href":"https:\/\/aedecanarias.eu\/index.php?rest_route=%2Fwp%2Fv2%2Fmedia&parent=316"}],"wp:term":[{"taxonomy":"category","embeddable":true,"href":"https:\/\/aedecanarias.eu\/index.php?rest_route=%2Fwp%2Fv2%2Fcategories&post=316"},{"taxonomy":"post_tag","embeddable":true,"href":"https:\/\/aedecanarias.eu\/index.php?rest_route=%2Fwp%2Fv2%2Ftags&post=316"}],"curies":[{"name":"wp","href":"https:\/\/api.w.org\/{rel}","templated":true}]}}