{"id":314,"date":"2013-06-03T13:55:00","date_gmt":"2013-06-03T13:55:00","guid":{"rendered":"https:\/\/aedecanarias.eu\/esta-semana-en-el-pe-audiencia-del-comisario-de-consumidores-ciberataques-primavera-arabe"},"modified":"2013-06-03T13:55:00","modified_gmt":"2013-06-03T13:55:00","slug":"esta-semana-en-el-pe-audiencia-del-comisario-de-consumidores-ciberataques-primavera-arabe","status":"publish","type":"post","link":"https:\/\/aedecanarias.eu\/?p=314","title":{"rendered":"Esta semana en el PE: audiencia del comisario de consumidores, ciberataques, primavera \u00e1rabe&#8230;"},"content":{"rendered":"\n<div class=\"twitter-share\"><a href=\"https:\/\/twitter.com\/intent\/tweet?via=aedecanarias\" class=\"twitter-share-button\" data-size=\"large\">Twittear<\/a><\/div>\n<p><\/p>\n<div style=\"clear: both; text-align: center;\"><\/div>\n<div style=\"background-color: white; border: 0px; color: #363636; font-family: Arial, Helvetica, sans-serif; font-size: 12px; line-height: 19px; padding: 0px; position: relative; vertical-align: baseline;\"><strong style=\"border: 0px; font-family: inherit; font-style: inherit; margin: 0px; outline: 0px; padding: 0px; vertical-align: baseline;\">El croata Neven Mimica, propuesto para la cartera de Protecci\u00f3n de Consumidores de la Comisi\u00f3n Europea, comparece ante el Parlamento Europeo este martes. Los eurodiputados de las comisiones de Mercado Interior y Protecci\u00f3n del Consumidor evaluar\u00e1n sus competencias y sus prioridades. El jueves, la comisi\u00f3n de Libertades Civiles, Justicia y Asuntos de Interior vota una propuesta para penalizar la ciberdelincuencia. Y de martes a jueves, la Euroc\u00e1mara organiza un seminario sobre la Primavera \u00c1rabe.<\/strong><\/div>\n<p><a name='more'><\/a><br style=\"background-color: white; color: #363636; font-family: Arial, Helvetica, sans-serif; font-size: 12px; line-height: 19px;\" \/><\/p>\n<div style=\"background-color: white; border: 0px; color: #363636; font-family: Arial, Helvetica, sans-serif; font-size: 12px; line-height: 19px; padding: 0px; position: relative; vertical-align: baseline;\">Neven Mimica, comisario europeo propuesto para la cartera de Protecci\u00f3n de Consumidores, ser\u00e1 sometido a un interrogatorio este martes 4 de junio por parte de los eurodiputados de las comisiones de Mercado Interior y de Protecci\u00f3n del Consumidor. Mimica deber\u00e1 demostrar sus competencias generales, su compromiso con la Uni\u00f3n Europea y sus conocimientos sobre la cartera a la que aspira antes de que su nombramiento sea definitivo.<\/div>\n<p><br style=\"background-color: white; color: #363636; font-family: Arial, Helvetica, sans-serif; font-size: 12px; line-height: 19px;\" \/><\/p>\n<div style=\"background-color: white; border: 0px; color: #363636; font-family: Arial, Helvetica, sans-serif; font-size: 12px; line-height: 19px; padding: 0px; position: relative; vertical-align: baseline;\">La ciberdelincuencia ser\u00e1 el principal tema de la agenda del Parlamento Europeo este jueves 6 de junio. La comisi\u00f3n parlamentaria de Libertades Civiles, Justicia y Asuntos de Interior tiene previsto votar ese d\u00eda una propuesta legislativa para tipificar como delito en toda la UE los ciberataques contra sistemas inform\u00e1ticos y la distribuci\u00f3n de programas para perpetrarlos.<\/div>\n<p><br style=\"background-color: white; color: #363636; font-family: Arial, Helvetica, sans-serif; font-size: 12px; line-height: 19px;\" \/><\/p>\n<div style=\"background-color: white; border: 0px; color: #363636; font-family: Arial, Helvetica, sans-serif; font-size: 12px; line-height: 19px; padding: 0px; position: relative; vertical-align: baseline;\">Dos a\u00f1os han transcurrido desde el inicio de la Primavera \u00c1rabe, y la Euroc\u00e1mara organiza esta semana (del martes al jueves) un seminario para periodistas en el que se pasar\u00e1 revista a la evoluci\u00f3n de los acontecimientos y al papel desempe\u00f1ado por la Uni\u00f3n Europea.<\/div>\n<p><br style=\"background-color: white; color: #363636; font-family: Arial, Helvetica, sans-serif; font-size: 12px; line-height: 19px;\" \/><\/p>\n<div style=\"background-color: white; border: 0px; color: #363636; font-family: Arial, Helvetica, sans-serif; font-size: 12px; line-height: 19px; padding: 0px; position: relative; vertical-align: baseline;\"><strong style=\"border: 0px; font-family: inherit; font-style: inherit; margin: 0px; outline: 0px; padding: 0px; vertical-align: baseline;\">Debate con la OTAN<\/strong><\/div>\n<p><br style=\"background-color: white; color: #363636; font-family: Arial, Helvetica, sans-serif; font-size: 12px; line-height: 19px;\" \/><\/p>\n<div style=\"background-color: white; border: 0px; color: #363636; font-family: Arial, Helvetica, sans-serif; font-size: 12px; line-height: 19px; padding: 0px; position: relative; vertical-align: baseline;\">Este lunes 3 de junio, la subcomisi\u00f3n de Seguridad y Defensa del Parlamento Europeo mantiene un debate sobre los recursos y las capacidades militares de Europa. En la sesi\u00f3n participan Jean-Claude Arnould, directora ejecutiva de la Agencia Europa de Defensa, y el general Jean-Paul Palom\u00e9ros, comandante supremo aliado de Transformaci\u00f3n de la OTAN.<\/div>\n<p><br style=\"background-color: white; color: #363636; font-family: Arial, Helvetica, sans-serif; font-size: 12px; line-height: 19px;\" \/><\/p>\n<div style=\"background-color: white; border: 0px; color: #363636; font-family: Arial, Helvetica, sans-serif; font-size: 12px; line-height: 19px; padding: 0px; position: relative; vertical-align: baseline;\">Por otra parte, los cincuenta laureados del Premio Ciudadano Europeo 2013 ser\u00e1n elegidos por un jurado encabezado por la socialista griega Anni Podimata, vicepresidenta del Parlamento Europeo. Los ganadores recibir\u00e1n una medalla y ser\u00e1n invitados a acudir al acto de entrega el mes de octubre en Bruselas.<\/div>\n","protected":false},"excerpt":{"rendered":"<p>El croata Neven Mimica, propuesto para la cartera de Protecci\u00f3n de Consumidores de la Comisi\u00f3n&#8230;<\/p>\n","protected":false},"author":2,"featured_media":0,"comment_status":"open","ping_status":"open","sticky":false,"template":"","format":"standard","meta":{"ngg_post_thumbnail":0,"footnotes":""},"categories":[1],"tags":[],"class_list":["post-314","post","type-post","status-publish","format-standard","hentry","category-hemeroteca"],"_links":{"self":[{"href":"https:\/\/aedecanarias.eu\/index.php?rest_route=\/wp\/v2\/posts\/314","targetHints":{"allow":["GET"]}}],"collection":[{"href":"https:\/\/aedecanarias.eu\/index.php?rest_route=\/wp\/v2\/posts"}],"about":[{"href":"https:\/\/aedecanarias.eu\/index.php?rest_route=\/wp\/v2\/types\/post"}],"author":[{"embeddable":true,"href":"https:\/\/aedecanarias.eu\/index.php?rest_route=\/wp\/v2\/users\/2"}],"replies":[{"embeddable":true,"href":"https:\/\/aedecanarias.eu\/index.php?rest_route=%2Fwp%2Fv2%2Fcomments&post=314"}],"version-history":[{"count":0,"href":"https:\/\/aedecanarias.eu\/index.php?rest_route=\/wp\/v2\/posts\/314\/revisions"}],"wp:attachment":[{"href":"https:\/\/aedecanarias.eu\/index.php?rest_route=%2Fwp%2Fv2%2Fmedia&parent=314"}],"wp:term":[{"taxonomy":"category","embeddable":true,"href":"https:\/\/aedecanarias.eu\/index.php?rest_route=%2Fwp%2Fv2%2Fcategories&post=314"},{"taxonomy":"post_tag","embeddable":true,"href":"https:\/\/aedecanarias.eu\/index.php?rest_route=%2Fwp%2Fv2%2Ftags&post=314"}],"curies":[{"name":"wp","href":"https:\/\/api.w.org\/{rel}","templated":true}]}}