{"id":313,"date":"2013-06-04T08:33:00","date_gmt":"2013-06-04T08:33:00","guid":{"rendered":"https:\/\/aedecanarias.eu\/viajes-mas-seguros-y-con-garantias-2"},"modified":"2013-06-04T08:33:00","modified_gmt":"2013-06-04T08:33:00","slug":"viajes-mas-seguros-y-con-garantias-2","status":"publish","type":"post","link":"https:\/\/aedecanarias.eu\/?p=313","title":{"rendered":"Viajes m\u00e1s seguros y con garant\u00edas"},"content":{"rendered":"\n<div class=\"twitter-share\"><a href=\"https:\/\/twitter.com\/intent\/tweet?via=aedecanarias\" class=\"twitter-share-button\" data-size=\"large\">Twittear<\/a><\/div>\n<p><\/p>\n<div style=\"clear: both; text-align: center;\"><a href=\"http:\/\/2.bp.blogspot.com\/-LSnXHm8hne0\/Ua2mHw1fA8I\/AAAAAAAAAHI\/nwVyIvieWYA\/s1600\/20120423PHT43773_original.jpg\" style=\"clear: left; float: left; margin-bottom: 1em; margin-right: 1em;\"><img loading=\"lazy\" decoding=\"async\" border=\"0\" height=\"132\" src=\"http:\/\/2.bp.blogspot.com\/-LSnXHm8hne0\/Ua2mHw1fA8I\/AAAAAAAAAHI\/nwVyIvieWYA\/s200\/20120423PHT43773_original.jpg\" width=\"200\" \/><\/a><\/div>\n<div style=\"border-bottom-width: 0px; border-color: initial; border-left-width: 0px; border-right-width: 0px; border-style: initial; border-top-width: 0px; color: #363636; display: block; font-family: inherit; font-size: 12px; font-style: inherit; font-weight: inherit; line-height: 19px; margin-bottom: 0px; margin-left: 0px; margin-right: 0px; margin-top: 0px; padding-bottom: 0px; padding-left: 0px; padding-right: 0px; padding-top: 0px; position: relative; vertical-align: baseline;\"><strong style=\"border-bottom-width: 0px; border-color: initial; border-left-width: 0px; border-right-width: 0px; border-style: initial; border-top-width: 0px; font-family: inherit; font-style: inherit; margin-bottom: 0px; margin-left: 0px; margin-right: 0px; margin-top: 0px; outline-color: initial; outline-style: initial; outline-width: 0px; padding-bottom: 0px; padding-left: 0px; padding-right: 0px; padding-top: 0px; vertical-align: baseline;\">Reforzar los derechos de los pasajeros, aumentar la capacidad de los aeropuertos de Europa y la calidad de sus servicios, impulsar la competencia en el sector ferroviario e introducir nuevas reglas sobre las horas de vuelo de los pilotos ser\u00e1n tareas que mantendr\u00e1n a los eurodiputados m\u00e1s que ocupados hasta las elecciones de primavera del a\u00f1o que viene. Este dossier le detalla el trabajo de la Euroc\u00e1mara sobre el sector transportes.<\/strong><\/div>\n<p><span style=\"color: #363636; font-family: Arial, Helvetica, sans-serif; font-size: 12px; line-height: 19px;\"><span style=\"color: #363636; font-family: Arial, Helvetica, sans-serif; font-size: 12px; line-height: 19px;\"><br \/><\/span><a name='more'><\/a><\/span><\/p>\n<div style=\"border-bottom-width: 0px; border-color: initial; border-left-width: 0px; border-right-width: 0px; border-style: initial; border-top-width: 0px; color: #363636; display: block; font-family: inherit; font-size: 12px; font-style: inherit; font-weight: inherit; line-height: 19px; margin-bottom: 0px; margin-left: 0px; margin-right: 0px; margin-top: 0px; padding-bottom: 0px; padding-left: 0px; padding-right: 0px; padding-top: 0px; position: relative; vertical-align: baseline;\">Los eurodiputados trabajar\u00e1n durante los pr\u00f3ximos meses para mejorar la informaci\u00f3n sobre los vuelos retrasados, hacer que los tr\u00e1mites para presentar una queja sean m\u00e1s eficaces, elaborar reglas sobre el equipaje de mano y buscar soluciones para los pasajeros v\u00edctimas de la quiebra de una aerol\u00ednea. A trav\u00e9s de todas estas v\u00edas pretende el Parlamento Europeo reforzar los derechos de los pasajeros.<\/div>\n<p><span style=\"color: #363636; font-family: Arial, Helvetica, sans-serif; font-size: 12px; line-height: 19px;\"><br \/><\/span><\/p>\n<div style=\"border-bottom-width: 0px; border-color: initial; border-left-width: 0px; border-right-width: 0px; border-style: initial; border-top-width: 0px; color: #363636; display: block; font-family: inherit; font-size: 12px; font-style: inherit; font-weight: inherit; line-height: 19px; margin-bottom: 0px; margin-left: 0px; margin-right: 0px; margin-top: 0px; padding-bottom: 0px; padding-left: 0px; padding-right: 0px; padding-top: 0px; position: relative; vertical-align: baseline;\">Adem\u00e1s de los derechos de los pasajeros a\u00e9reos, los viajeros tambi\u00e9n se ver\u00e1n amparados cuando viajen en tren y barco y, a partir de marzo de 2013, en autob\u00fas.<\/div>\n<p><span style=\"color: #363636; font-family: Arial, Helvetica, sans-serif; font-size: 12px; line-height: 19px;\"><br \/><\/span><\/p>\n<div style=\"border-bottom-width: 0px; border-color: initial; border-left-width: 0px; border-right-width: 0px; border-style: initial; border-top-width: 0px; color: #363636; display: block; font-family: inherit; font-size: 12px; font-style: inherit; font-weight: inherit; line-height: 19px; margin-bottom: 0px; margin-left: 0px; margin-right: 0px; margin-top: 0px; padding-bottom: 0px; padding-left: 0px; padding-right: 0px; padding-top: 0px; position: relative; vertical-align: baseline;\">El pasado 12 de diciembre, el Parlamento aprob\u00f3 nuevas reglas para mejorar la protecci\u00f3n contra la contaminaci\u00f3n ac\u00fastica de la poblaci\u00f3n que reside en las cercan\u00edas de los aeropuertos. Tambi\u00e9n se adoptaron normas para repartir de manera m\u00e1s justa y flexible los derechos de aterrizaje y despegue entre las aerol\u00edneas. El 16 de abril, el pleno vot\u00f3 a favor de impulsar la competencia en los servicios de tierra de los principales aeropuertos.<\/div>\n<p><span style=\"color: #363636; font-family: Arial, Helvetica, sans-serif; font-size: 12px; line-height: 19px;\"><br \/><\/span><\/p>\n<div style=\"border-bottom-width: 0px; border-color: initial; border-left-width: 0px; border-right-width: 0px; border-style: initial; border-top-width: 0px; color: #363636; display: block; font-family: inherit; font-size: 12px; font-style: inherit; font-weight: inherit; line-height: 19px; margin-bottom: 0px; margin-left: 0px; margin-right: 0px; margin-top: 0px; padding-bottom: 0px; padding-left: 0px; padding-right: 0px; padding-top: 0px; position: relative; vertical-align: baseline;\"><strong style=\"border-bottom-width: 0px; border-color: initial; border-left-width: 0px; border-right-width: 0px; border-style: initial; border-top-width: 0px; font-family: inherit; font-style: inherit; margin-bottom: 0px; margin-left: 0px; margin-right: 0px; margin-top: 0px; outline-color: initial; outline-style: initial; outline-width: 0px; padding-bottom: 0px; padding-left: 0px; padding-right: 0px; padding-top: 0px; vertical-align: baseline;\">Descanso de los pilotos<\/strong><\/div>\n<p><span style=\"color: #363636; font-family: Arial, Helvetica, sans-serif; font-size: 12px; line-height: 19px;\"><br \/><\/span><\/p>\n<div style=\"border-bottom-width: 0px; border-color: initial; border-left-width: 0px; border-right-width: 0px; border-style: initial; border-top-width: 0px; color: #363636; display: block; font-family: inherit; font-size: 12px; font-style: inherit; font-weight: inherit; line-height: 19px; margin-bottom: 0px; margin-left: 0px; margin-right: 0px; margin-top: 0px; padding-bottom: 0px; padding-left: 0px; padding-right: 0px; padding-top: 0px; position: relative; vertical-align: baseline;\">Los eurodiputados tambi\u00e9n abordar\u00e1n una propuesta de la Comisi\u00f3n Europea para regular y reducir las horas de vuelo de los pilotos. El objetivo es garantizar que las condiciones laborales de los pilotos y su descanso as\u00ed como la seguridad de los pasajeros prima sobre las consideraciones empresariales.<\/div>\n<p><span style=\"color: #363636; font-family: Arial, Helvetica, sans-serif; font-size: 12px; line-height: 19px;\"><br \/><\/span><\/p>\n<div style=\"border-bottom-width: 0px; border-color: initial; border-left-width: 0px; border-right-width: 0px; border-style: initial; border-top-width: 0px; color: #363636; display: block; font-family: inherit; font-size: 12px; font-style: inherit; font-weight: inherit; line-height: 19px; margin-bottom: 0px; margin-left: 0px; margin-right: 0px; margin-top: 0px; padding-bottom: 0px; padding-left: 0px; padding-right: 0px; padding-top: 0px; position: relative; vertical-align: baseline;\">Los eurodiputados trabajan igualmente en un paquete legislativo sobre el transporte ferroviario, a trav\u00e9s del cual se deber\u00eda completar el mercado \u00fanico europeo del sector al armonizarse las normas t\u00e9cnicas, y dar a todos los operadores acceso a las redes nacionales en 2019. Otro objetivo es garantizar la completa interoperabilidad de una red verdaderamente europea supervisada por reguladores independientes<\/div>\n","protected":false},"excerpt":{"rendered":"<p>Reforzar los derechos de los pasajeros, aumentar la capacidad de los aeropuertos de Europa y&#8230;<\/p>\n","protected":false},"author":2,"featured_media":0,"comment_status":"open","ping_status":"open","sticky":false,"template":"","format":"standard","meta":{"ngg_post_thumbnail":0,"footnotes":""},"categories":[1],"tags":[],"class_list":["post-313","post","type-post","status-publish","format-standard","hentry","category-hemeroteca"],"_links":{"self":[{"href":"https:\/\/aedecanarias.eu\/index.php?rest_route=\/wp\/v2\/posts\/313","targetHints":{"allow":["GET"]}}],"collection":[{"href":"https:\/\/aedecanarias.eu\/index.php?rest_route=\/wp\/v2\/posts"}],"about":[{"href":"https:\/\/aedecanarias.eu\/index.php?rest_route=\/wp\/v2\/types\/post"}],"author":[{"embeddable":true,"href":"https:\/\/aedecanarias.eu\/index.php?rest_route=\/wp\/v2\/users\/2"}],"replies":[{"embeddable":true,"href":"https:\/\/aedecanarias.eu\/index.php?rest_route=%2Fwp%2Fv2%2Fcomments&post=313"}],"version-history":[{"count":0,"href":"https:\/\/aedecanarias.eu\/index.php?rest_route=\/wp\/v2\/posts\/313\/revisions"}],"wp:attachment":[{"href":"https:\/\/aedecanarias.eu\/index.php?rest_route=%2Fwp%2Fv2%2Fmedia&parent=313"}],"wp:term":[{"taxonomy":"category","embeddable":true,"href":"https:\/\/aedecanarias.eu\/index.php?rest_route=%2Fwp%2Fv2%2Fcategories&post=313"},{"taxonomy":"post_tag","embeddable":true,"href":"https:\/\/aedecanarias.eu\/index.php?rest_route=%2Fwp%2Fv2%2Ftags&post=313"}],"curies":[{"name":"wp","href":"https:\/\/api.w.org\/{rel}","templated":true}]}}