{"id":311,"date":"2013-06-05T13:39:00","date_gmt":"2013-06-05T13:39:00","guid":{"rendered":"https:\/\/aedecanarias.eu\/la-eurocamara-defiende-la-supervision-anual-de-las-leyes-de-prensa-nacionales"},"modified":"2013-06-05T13:39:00","modified_gmt":"2013-06-05T13:39:00","slug":"la-eurocamara-defiende-la-supervision-anual-de-las-leyes-de-prensa-nacionales","status":"publish","type":"post","link":"https:\/\/aedecanarias.eu\/?p=311","title":{"rendered":"La Euroc\u00e1mara defiende la supervisi\u00f3n anual de las leyes de prensa nacionales"},"content":{"rendered":"\n<div class=\"twitter-share\"><a href=\"https:\/\/twitter.com\/intent\/tweet?via=aedecanarias\" class=\"twitter-share-button\" data-size=\"large\">Twittear<\/a><\/div>\n<p><\/p>\n<div style=\"clear: both; text-align: center;\"><\/div>\n<div style=\"clear: both; text-align: center;\"><a href=\"http:\/\/2.bp.blogspot.com\/-EiTKtt-YUys\/Ua8-tfTgOMI\/AAAAAAAAAH0\/UwF-PAPbCXQ\/s1600\/AUSTRIA-PAPERS.jpg\" style=\"clear: left; float: left; margin-bottom: 1em; margin-right: 1em;\"><img loading=\"lazy\" decoding=\"async\" border=\"0\" height=\"200\" src=\"http:\/\/2.bp.blogspot.com\/-EiTKtt-YUys\/Ua8-tfTgOMI\/AAAAAAAAAH0\/UwF-PAPbCXQ\/s200\/AUSTRIA-PAPERS.jpg\" width=\"161\" \/><\/a><\/div>\n<div style=\"clear: both; text-align: center;\"><strong style=\"border: 0px; color: #363636; font-family: inherit; font-size: 12px; font-style: inherit; line-height: 19px; margin: 0px; outline: 0px; padding: 0px; text-align: -webkit-auto; vertical-align: baseline;\">El pleno del Parlamento Europeo ha aprobado este 21 de mayo de 2013 un informe en el que propone establecer un sistema de<\/strong><\/div>\n<div style=\"clear: both; text-align: justify;\"><strong style=\"border: 0px; color: #363636; font-family: inherit; font-size: 12px; font-style: inherit; line-height: 19px; margin: 0px; outline: 0px; padding: 0px; text-align: -webkit-auto; vertical-align: baseline;\"><\/strong><\/div>\n<div style=\"clear: both; text-align: center;\"><strong style=\"border: 0px; color: #363636; font-family: inherit; font-size: 12px; font-style: inherit; line-height: 19px; margin: 0px; outline: 0px; padding: 0px; text-align: -webkit-auto; vertical-align: baseline;\"><strong style=\"border: 0px; font-family: inherit; font-style: inherit; margin: 0px; outline: 0px; padding: 0px; text-align: -webkit-auto; vertical-align: baseline;\">control anual a nivel europeo sobre los cambios en las normas nacionales que regulan los medios de comunicaci\u00f3n. Adem\u00e1s, los diputados piden garantizar la independencia de los periodistas, estudiar el impacto de la crisis sobre las condiciones de trabajo en el sector y revisar la Directiva de Servicios Audiovisuales para preservar la libertad de prensa y el pluralismo.<\/strong><\/strong><\/div>\n<p><span style=\"background-color: white; color: #363636; font-family: Arial, Helvetica, sans-serif; font-size: 12px; line-height: 19px;\"><span style=\"background-color: white; color: #363636; font-family: Arial, Helvetica, sans-serif; font-size: 12px; line-height: 19px;\"><\/span><br \/><a name='more'><\/a><br \/><\/span><br \/>El informe de la liberal rumana Renate Weber, aprobado por 539 votos a favor, 70 en contra y 78 abstenciones, subraya la \u00abimportancia y urgencia de supervisar anualmente la libertad de los medios de comunicaci\u00f3n y el pluralismo en todos los Estados miembros, as\u00ed como de elaborar un informe anual sobre este asunto\u00bb.<br style=\"background-color: white; color: #363636; font-family: Arial, Helvetica, sans-serif; font-size: 12px; line-height: 19px;\" \/><\/p>\n<div style=\"background-color: white; border: 0px; color: #363636; font-family: Arial, Helvetica, sans-serif; font-size: 12px; line-height: 19px; padding: 0px; position: relative; vertical-align: baseline;\">La Comisi\u00f3n Europea, la Agencia de Derechos Fundamentales y&nbsp; el Centro para la Libertad y el Pluralismo en los Medios de Comunicaci\u00f3n del Instituto Universitario Europeo (IUE) deber\u00edan ser los encargados de asumir esta responsabilidad de control.<\/p>\n<p><strong style=\"border: 0px; font-family: inherit; font-style: inherit; margin: 0px; outline: 0px; padding: 0px; vertical-align: baseline;\">Protecci\u00f3n de los periodistas<\/strong><\/p>\n<p>El Parlamento Europeo exige garantizar la independencia de los periodistas, tanto frente a presiones internas de los editores o propietarios como a presiones externas de los grupos de presi\u00f3n pol\u00edticos o econ\u00f3micos o de otros grupos de inter\u00e9s. Seg\u00fan el texto aprobado, los c\u00f3digos de conducta son cruciales para garantizar la independencia de editores y redactores porque impiden que otros agentes influyan en el contenido de las noticias.<\/p>\n<p>Los eurodiputados tambi\u00e9n piden a la UE y a los Estados miembros que apoyen el periodismo de investigaci\u00f3n porque contribuye a controlar la democracia y a revelar irregularidades y delitos. Adem\u00e1s, recuerda que, a menudo, los periodistas que se dedican a la investigaci\u00f3n sufren amenazas y ataques f\u00edsicos.<\/p>\n<p>La Euroc\u00e1mara considera crucial promocionar la \u00e9tica period\u00edstica en la UE. En este sentido, los medios de comunicaci\u00f3n deber\u00edan desarrollar normas profesionales y c\u00f3digos \u00e9ticos que incluyan la obligaci\u00f3n de establecer la diferencia entre hechos y opiniones en la informaci\u00f3n, la necesidad de precisi\u00f3n, imparcialidad y objetividad, el respeto por la privacidad de las personas, la obligaci\u00f3n de corregir la desinformaci\u00f3n y el derecho de r\u00e9plica.<\/p>\n<p>Este marco deber\u00eda prever el establecimiento por parte del sector de los medios de comunicaci\u00f3n de una autoridad reguladora que funcione de forma independiente ante injerencias pol\u00edticas o de otro tipo, que pueda tratar las quejas sobre la prensa bas\u00e1ndose en las normas profesionales y los c\u00f3digos \u00e9ticos y que tenga autoridad para imponer sanciones adecuadas.<\/p>\n<p><strong style=\"border: 0px; font-family: inherit; font-style: inherit; margin: 0px; outline: 0px; padding: 0px; vertical-align: baseline;\">Condiciones de trabajo precarias<\/strong><\/p>\n<p>El PE pide a la Comisi\u00f3n que insta a la Comisi\u00f3n que lleve a cabo un estudio sobre los efectos de la crisis y el empleo precario en el sector period\u00edstico. En este sentido, se\u00f1ala que cada vez m\u00e1s periodistas se encuentran empleados sin garant\u00edas sociales adecuadas, y pide una mejora de las condiciones laborales en el sector.<\/p>\n<p>Igualmente, hace hincapi\u00e9 en que los Estados miembros deben velar por que las condiciones laborales de los periodistas cumplan las disposiciones de la Carta Social Europea y destaca la importancia de que los periodistas dispongan de convenios colectivos.<\/p>\n<p><strong style=\"border: 0px; font-family: inherit; font-style: inherit; margin: 0px; outline: 0px; padding: 0px; vertical-align: baseline;\">Revisi\u00f3n de la directiva de Servicios Audiovisuales<\/strong><\/div>\n<p><br style=\"background-color: white; color: #363636; font-family: Arial, Helvetica, sans-serif; font-size: 12px; line-height: 19px;\" \/><\/p>\n<div style=\"background-color: white; border: 0px; color: #363636; font-family: Arial, Helvetica, sans-serif; font-size: 12px; line-height: 19px; padding: 0px; position: relative; vertical-align: baseline;\">Los diputados proponen ampliar el \u00e1mbito de aplicaci\u00f3n de la Directiva de Servicios Audiovisuales para establecer unos est\u00e1ndares m\u00ednimos de protecci\u00f3n de los derechos fundamentales a la libertad de expresi\u00f3n e informaci\u00f3n, la libertad de prensa y al pluralismo informativo.<\/p>\n<p>La nueva directiva deber\u00eda incluir normas sobre transparencia y titularidad de los medios de comunicaci\u00f3n, concentraci\u00f3n de medios y conflictos de inter\u00e9s.<\/p>\n<p>Estas normas tambi\u00e9n deber\u00edan regular la provisi\u00f3n de informaci\u00f3n pol\u00edtica a trav\u00e9s de todos los medios de comunicaci\u00f3n audiovisual, as\u00ed como asegurar el pluralismo pol\u00edtico y la inclusi\u00f3n de diferentes opiniones y puntos de vista en un espacio informativo, \u00bb particularmente en \u00e9pocas de elecciones y referendos\u00bb, recalca el texto.<\/p>\n<p><strong style=\"border: 0px; font-family: inherit; font-style: inherit; margin: 0px; outline: 0px; padding: 0px; vertical-align: baseline;\">Independencia de los \u00f3rganos de direcci\u00f3n de medios p\u00fablicos<\/strong><\/p>\n<p>El informe establece que los cargos directivos de los medios de comunicaci\u00f3n p\u00fablicos, los consejos informativos y sus \u00f3rganos reguladores deben ser seleccionados bajo los principios de m\u00e9rito y experiencia, y no en virtud de criterios pol\u00edticos. El PE ha pedido tambi\u00e9n que los Estados miembros introduzcan garant\u00edas para salvaguardar la independencia de estos \u00f3rganos contra cualquier influencia pol\u00edtica.<\/p><\/div>\n","protected":false},"excerpt":{"rendered":"<p>El pleno del Parlamento Europeo ha aprobado este 21 de mayo de 2013 un informe&#8230;<\/p>\n","protected":false},"author":2,"featured_media":0,"comment_status":"open","ping_status":"open","sticky":false,"template":"","format":"standard","meta":{"ngg_post_thumbnail":0,"footnotes":""},"categories":[1],"tags":[],"class_list":["post-311","post","type-post","status-publish","format-standard","hentry","category-hemeroteca"],"_links":{"self":[{"href":"https:\/\/aedecanarias.eu\/index.php?rest_route=\/wp\/v2\/posts\/311","targetHints":{"allow":["GET"]}}],"collection":[{"href":"https:\/\/aedecanarias.eu\/index.php?rest_route=\/wp\/v2\/posts"}],"about":[{"href":"https:\/\/aedecanarias.eu\/index.php?rest_route=\/wp\/v2\/types\/post"}],"author":[{"embeddable":true,"href":"https:\/\/aedecanarias.eu\/index.php?rest_route=\/wp\/v2\/users\/2"}],"replies":[{"embeddable":true,"href":"https:\/\/aedecanarias.eu\/index.php?rest_route=%2Fwp%2Fv2%2Fcomments&post=311"}],"version-history":[{"count":0,"href":"https:\/\/aedecanarias.eu\/index.php?rest_route=\/wp\/v2\/posts\/311\/revisions"}],"wp:attachment":[{"href":"https:\/\/aedecanarias.eu\/index.php?rest_route=%2Fwp%2Fv2%2Fmedia&parent=311"}],"wp:term":[{"taxonomy":"category","embeddable":true,"href":"https:\/\/aedecanarias.eu\/index.php?rest_route=%2Fwp%2Fv2%2Fcategories&post=311"},{"taxonomy":"post_tag","embeddable":true,"href":"https:\/\/aedecanarias.eu\/index.php?rest_route=%2Fwp%2Fv2%2Ftags&post=311"}],"curies":[{"name":"wp","href":"https:\/\/api.w.org\/{rel}","templated":true}]}}