{"id":310,"date":"2013-06-06T15:07:00","date_gmt":"2013-06-06T15:07:00","guid":{"rendered":"https:\/\/aedecanarias.eu\/premio-ciudadano-europeo-2013-la-plataforma-de-afectados-por-la-hipoteca-y-la-real-academia-de-la-lengua-vasca"},"modified":"2013-06-06T15:07:00","modified_gmt":"2013-06-06T15:07:00","slug":"premio-ciudadano-europeo-2013-la-plataforma-de-afectados-por-la-hipoteca-y-la-real-academia-de-la-lengua-vasca","status":"publish","type":"post","link":"https:\/\/aedecanarias.eu\/?p=310","title":{"rendered":"Premio Ciudadano Europeo 2013 :La Plataforma de Afectados por la Hipoteca y la Real Academia de la Lengua Vasca"},"content":{"rendered":"\n<div class=\"twitter-share\"><a href=\"https:\/\/twitter.com\/intent\/tweet?via=aedecanarias\" class=\"twitter-share-button\" data-size=\"large\">Twittear<\/a><\/div>\n<div style=\"clear: both; text-align: center;\"><a href=\"http:\/\/2.bp.blogspot.com\/-1fVp0EE99-A\/UbClWYnD5HI\/AAAAAAAAAIE\/A3K3eUl0nRc\/s1600\/premio-ciudadano.jpg.png\" style=\"clear: left; float: left; margin-bottom: 1em; margin-right: 1em;\"><img loading=\"lazy\" decoding=\"async\" border=\"0\" height=\"200\" src=\"http:\/\/2.bp.blogspot.com\/-1fVp0EE99-A\/UbClWYnD5HI\/AAAAAAAAAIE\/A3K3eUl0nRc\/s200\/premio-ciudadano.jpg.png\" width=\"199\" \/><\/a><\/div>\n<p><span style=\"color: blue;\">Aede-Canarias obtuvo este premio en su primera edici\u00f3n en 2008.<\/span><br style=\"background-color: white; color: #333333; font-family: Verdana, Arial, Helvetica, sans-serif; font-size: 11px; line-height: 15px; text-align: justify;\" \/><span style=\"background-color: white; color: #333333; font-family: Verdana, Arial, Helvetica, sans-serif; font-size: 11px; line-height: 15px; text-align: justify;\">La Plataforma de Afectados por la Hipoteca (PAH) y Euskaltzaindia &#8211; Real Academia de la Lengua Vasca &#8211; han sido galardonadas con el Premio Ciudadano Europeo 2013 que otorga el Parlamento Europeo anualmente. El jurado ha escogido sus candidaturas junto a otras 41, procedentes de un total de 21 pa\u00edses europeos. El premio se entregar\u00e1 en una ceremonia que se celebrar\u00e1 el 16 y 17 de Octubre en la sede del Parlamento Europeo en Bruselas.<\/span><br \/><span style=\"background-color: white; color: #333333; font-family: Verdana, Arial, Helvetica, sans-serif; font-size: 11px; line-height: 15px; text-align: justify;\">La Euroc\u00e1mara concede el premio Ciudadano Europeo desde 2008 \u00aba personas u organizaciones excepcionales que luchen por los valores europeos, promuevan la integraci\u00f3n entre ciudadanos y los Estados miembros o faciliten la cooperaci\u00f3n transnacional en el seno de la Uni\u00f3n, y a los que d\u00eda a d\u00eda tratan de promover los valores de la Carta de Derechos Fundamentales de la UE\u00bb.<\/span><br \/><a name='more'><\/a><br style=\"background-color: white; color: #333333; font-family: Verdana, Arial, Helvetica, sans-serif; font-size: 11px; line-height: 15px; text-align: justify;\" \/><span style=\"background-color: white; color: #333333; font-family: Verdana, Arial, Helvetica, sans-serif; font-size: 11px; line-height: 15px; text-align: justify;\">La candidatura de la PAH hab\u00eda sido presentada por los eurodiputados Ra\u00fcl Romeva (Verdes\/ALE), Ana Miranda (Verdes\/ALE) y Willy Meyer (GUE\/NGL). La eurodiputada liberal Izaskun Bilbao (ALDE) defendi\u00f3 la candidatura de Euskaltzaindia para el premio.<\/span><br style=\"background-color: white; color: #333333; font-family: Verdana, Arial, Helvetica, sans-serif; font-size: 11px; line-height: 15px; text-align: justify;\" \/><br style=\"background-color: white; color: #333333; font-family: Verdana, Arial, Helvetica, sans-serif; font-size: 11px; line-height: 15px; text-align: justify;\" \/><span style=\"background-color: white; color: #333333; font-family: Verdana, Arial, Helvetica, sans-serif; font-size: 11px; line-height: 15px; text-align: justify;\">Listado total de galardonados con el Premio Ciudadano Europeo 2013<\/span><br style=\"background-color: white; color: #333333; font-family: Verdana, Arial, Helvetica, sans-serif; font-size: 11px; line-height: 15px; text-align: justify;\" \/><br style=\"background-color: white; color: #333333; font-family: Verdana, Arial, Helvetica, sans-serif; font-size: 11px; line-height: 15px; text-align: justify;\" \/><span style=\"background-color: white; color: #333333; font-family: Verdana, Arial, Helvetica, sans-serif; font-size: 11px; line-height: 15px; text-align: justify;\">Austria Mag.a (FH) Ursula Kapfenberger-Poindl, DI Hermann Hansy, Karl G Becker, DI Reinhard M. Weitzer, DI Andreas Wei\u00df<\/span><br style=\"background-color: white; color: #333333; font-family: Verdana, Arial, Helvetica, sans-serif; font-size: 11px; line-height: 15px; text-align: justify;\" \/><span style=\"background-color: white; color: #333333; font-family: Verdana, Arial, Helvetica, sans-serif; font-size: 11px; line-height: 15px; text-align: justify;\">Austria ZZI &#8211; Centre for Contemporary Initiatives, Austria<\/span><br style=\"background-color: white; color: #333333; font-family: Verdana, Arial, Helvetica, sans-serif; font-size: 11px; line-height: 15px; text-align: justify;\" \/><span style=\"background-color: white; color: #333333; font-family: Verdana, Arial, Helvetica, sans-serif; font-size: 11px; line-height: 15px; text-align: justify;\">B\u00e9lgica Via Euregio<\/span><br style=\"background-color: white; color: #333333; font-family: Verdana, Arial, Helvetica, sans-serif; font-size: 11px; line-height: 15px; text-align: justify;\" \/><span style=\"background-color: white; color: #333333; font-family: Verdana, Arial, Helvetica, sans-serif; font-size: 11px; line-height: 15px; text-align: justify;\">B\u00e9lgica European Women&#8217;s Lobby<\/span><br style=\"background-color: white; color: #333333; font-family: Verdana, Arial, Helvetica, sans-serif; font-size: 11px; line-height: 15px; text-align: justify;\" \/><span style=\"background-color: white; color: #333333; font-family: Verdana, Arial, Helvetica, sans-serif; font-size: 11px; line-height: 15px; text-align: justify;\">Bulgaria Valeri Nisimov Petrov<\/span><br style=\"background-color: white; color: #333333; font-family: Verdana, Arial, Helvetica, sans-serif; font-size: 11px; line-height: 15px; text-align: justify;\" \/><span style=\"background-color: white; color: #333333; font-family: Verdana, Arial, Helvetica, sans-serif; font-size: 11px; line-height: 15px; text-align: justify;\">Bulgaria Dr Milen Vrabevski, Chairman of the Bulgarian Memorial<\/span><br style=\"background-color: white; color: #333333; font-family: Verdana, Arial, Helvetica, sans-serif; font-size: 11px; line-height: 15px; text-align: justify;\" \/><span style=\"background-color: white; color: #333333; font-family: Verdana, Arial, Helvetica, sans-serif; font-size: 11px; line-height: 15px; text-align: justify;\">Chipre Mehmet Emin Eminoglu &amp; Andria Kyprianou<\/span><br style=\"background-color: white; color: #333333; font-family: Verdana, Arial, Helvetica, sans-serif; font-size: 11px; line-height: 15px; text-align: justify;\" \/><span style=\"background-color: white; color: #333333; font-family: Verdana, Arial, Helvetica, sans-serif; font-size: 11px; line-height: 15px; text-align: justify;\">Estonia Urmo K\u00fcbar\/EMSL, director<\/span><br style=\"background-color: white; color: #333333; font-family: Verdana, Arial, Helvetica, sans-serif; font-size: 11px; line-height: 15px; text-align: justify;\" \/><span style=\"background-color: white; color: #333333; font-family: Verdana, Arial, Helvetica, sans-serif; font-size: 11px; line-height: 15px; text-align: justify;\">Finlandia Top of Form &#8211; Kuorevesi Nys\u00e4 Youth Association &#8211; Bottom of Form<\/span><br style=\"background-color: white; color: #333333; font-family: Verdana, Arial, Helvetica, sans-serif; font-size: 11px; line-height: 15px; text-align: justify;\" \/><span style=\"background-color: white; color: #333333; font-family: Verdana, Arial, Helvetica, sans-serif; font-size: 11px; line-height: 15px; text-align: justify;\">Finlandia Heikki Huttunen\/Finnish Ecumenical Council<\/span><br style=\"background-color: white; color: #333333; font-family: Verdana, Arial, Helvetica, sans-serif; font-size: 11px; line-height: 15px; text-align: justify;\" \/><span style=\"background-color: white; color: #333333; font-family: Verdana, Arial, Helvetica, sans-serif; font-size: 11px; line-height: 15px; text-align: justify;\">Francia&nbsp;&nbsp; Elke Jeanrond-Premauer<\/span><br style=\"background-color: white; color: #333333; font-family: Verdana, Arial, Helvetica, sans-serif; font-size: 11px; line-height: 15px; text-align: justify;\" \/><span style=\"background-color: white; color: #333333; font-family: Verdana, Arial, Helvetica, sans-serif; font-size: 11px; line-height: 15px; text-align: justify;\">Francia&nbsp;&nbsp; Working Together (repr\u00e9sent\u00e9e par M. Laurent Rouillon)<\/span><br style=\"background-color: white; color: #333333; font-family: Verdana, Arial, Helvetica, sans-serif; font-size: 11px; line-height: 15px; text-align: justify;\" \/><span style=\"background-color: white; color: #333333; font-family: Verdana, Arial, Helvetica, sans-serif; font-size: 11px; line-height: 15px; text-align: justify;\">Francia Vents et mar\u00e9es Association<\/span><br style=\"background-color: white; color: #333333; font-family: Verdana, Arial, Helvetica, sans-serif; font-size: 11px; line-height: 15px; text-align: justify;\" \/><span style=\"background-color: white; color: #333333; font-family: Verdana, Arial, Helvetica, sans-serif; font-size: 11px; line-height: 15px; text-align: justify;\">Alemania streetfootballworld gGmbH<\/span><br style=\"background-color: white; color: #333333; font-family: Verdana, Arial, Helvetica, sans-serif; font-size: 11px; line-height: 15px; text-align: justify;\" \/><span style=\"background-color: white; color: #333333; font-family: Verdana, Arial, Helvetica, sans-serif; font-size: 11px; line-height: 15px; text-align: justify;\">Alemania Junge Europ\u00e4ische Bewegung<\/span><br style=\"background-color: white; color: #333333; font-family: Verdana, Arial, Helvetica, sans-serif; font-size: 11px; line-height: 15px; text-align: justify;\" \/><span style=\"background-color: white; color: #333333; font-family: Verdana, Arial, Helvetica, sans-serif; font-size: 11px; line-height: 15px; text-align: justify;\">Alemania Matthias Z\u00fcrl<\/span><br style=\"background-color: white; color: #333333; font-family: Verdana, Arial, Helvetica, sans-serif; font-size: 11px; line-height: 15px; text-align: justify;\" \/><span style=\"background-color: white; color: #333333; font-family: Verdana, Arial, Helvetica, sans-serif; font-size: 11px; line-height: 15px; text-align: justify;\">Alemania Dr. Klaus Wilkens<\/span><br style=\"background-color: white; color: #333333; font-family: Verdana, Arial, Helvetica, sans-serif; font-size: 11px; line-height: 15px; text-align: justify;\" \/><span style=\"background-color: white; color: #333333; font-family: Verdana, Arial, Helvetica, sans-serif; font-size: 11px; line-height: 15px; text-align: justify;\">Alemania Hans Zohren<\/span><br style=\"background-color: white; color: #333333; font-family: Verdana, Arial, Helvetica, sans-serif; font-size: 11px; line-height: 15px; text-align: justify;\" \/><span style=\"background-color: white; color: #333333; font-family: Verdana, Arial, Helvetica, sans-serif; font-size: 11px; line-height: 15px; text-align: justify;\">Grecia National Emergency Centre (EKAV), Crete<\/span><br style=\"background-color: white; color: #333333; font-family: Verdana, Arial, Helvetica, sans-serif; font-size: 11px; line-height: 15px; text-align: justify;\" \/><span style=\"background-color: white; color: #333333; font-family: Verdana, Arial, Helvetica, sans-serif; font-size: 11px; line-height: 15px; text-align: justify;\">Grecia Youthnet Hellas<\/span><br style=\"background-color: white; color: #333333; font-family: Verdana, Arial, Helvetica, sans-serif; font-size: 11px; line-height: 15px; text-align: justify;\" \/><span style=\"background-color: white; color: #333333; font-family: Verdana, Arial, Helvetica, sans-serif; font-size: 11px; line-height: 15px; text-align: justify;\">Hungr\u00eda G\u00e1bor Farkas<\/span><br style=\"background-color: white; color: #333333; font-family: Verdana, Arial, Helvetica, sans-serif; font-size: 11px; line-height: 15px; text-align: justify;\" \/><span style=\"background-color: white; color: #333333; font-family: Verdana, Arial, Helvetica, sans-serif; font-size: 11px; line-height: 15px; text-align: justify;\">Hungria&nbsp;&nbsp; Raoul Wallenberg Association<\/span><br style=\"background-color: white; color: #333333; font-family: Verdana, Arial, Helvetica, sans-serif; font-size: 11px; line-height: 15px; text-align: justify;\" \/><span style=\"background-color: white; color: #333333; font-family: Verdana, Arial, Helvetica, sans-serif; font-size: 11px; line-height: 15px; text-align: justify;\">Irlanda Gaelic Athletic Association<\/span><br style=\"background-color: white; color: #333333; font-family: Verdana, Arial, Helvetica, sans-serif; font-size: 11px; line-height: 15px; text-align: justify;\" \/><span style=\"background-color: white; color: #333333; font-family: Verdana, Arial, Helvetica, sans-serif; font-size: 11px; line-height: 15px; text-align: justify;\">Italia&nbsp;&nbsp;&nbsp;&nbsp;Street Lawyers ONLUS<\/span><br style=\"background-color: white; color: #333333; font-family: Verdana, Arial, Helvetica, sans-serif; font-size: 11px; line-height: 15px; text-align: justify;\" \/><span style=\"background-color: white; color: #333333; font-family: Verdana, Arial, Helvetica, sans-serif; font-size: 11px; line-height: 15px; text-align: justify;\">Italia Daniel Vogelmann<\/span><br style=\"background-color: white; color: #333333; font-family: Verdana, Arial, Helvetica, sans-serif; font-size: 11px; line-height: 15px; text-align: justify;\" \/><span style=\"background-color: white; color: #333333; font-family: Verdana, Arial, Helvetica, sans-serif; font-size: 11px; line-height: 15px; text-align: justify;\">Italia Eugenia Bonetti, Chairperson of the &#8216;Slaves No More &#8216;, missionary for the Consolata Missionaries institution, Coordinator of the USMI&nbsp;&nbsp;&nbsp;&nbsp;<\/span><br style=\"background-color: white; color: #333333; font-family: Verdana, Arial, Helvetica, sans-serif; font-size: 11px; line-height: 15px; text-align: justify;\" \/><span style=\"background-color: white; color: #333333; font-family: Verdana, Arial, Helvetica, sans-serif; font-size: 11px; line-height: 15px; text-align: justify;\">&nbsp;&nbsp;&nbsp;&nbsp;&nbsp;&nbsp;&nbsp;&nbsp;&nbsp;&nbsp;Counter-trafficking Office for Women and Children<\/span><br style=\"background-color: white; color: #333333; font-family: Verdana, Arial, Helvetica, sans-serif; font-size: 11px; line-height: 15px; text-align: justify;\" \/><span style=\"background-color: white; color: #333333; font-family: Verdana, Arial, Helvetica, sans-serif; font-size: 11px; line-height: 15px; text-align: justify;\">Latvia Biruta Egl\u012bte<\/span><br style=\"background-color: white; color: #333333; font-family: Verdana, Arial, Helvetica, sans-serif; font-size: 11px; line-height: 15px; text-align: justify;\" \/><span style=\"background-color: white; color: #333333; font-family: Verdana, Arial, Helvetica, sans-serif; font-size: 11px; line-height: 15px; text-align: justify;\">Malta Puttinu Cares Children`s Cancer Support Group<\/span><br style=\"background-color: white; color: #333333; font-family: Verdana, Arial, Helvetica, sans-serif; font-size: 11px; line-height: 15px; text-align: justify;\" \/><span style=\"background-color: white; color: #333333; font-family: Verdana, Arial, Helvetica, sans-serif; font-size: 11px; line-height: 15px; text-align: justify;\">P.Bajos Euregio school: learning a neighbouring language by means of &#8211; and for the purpose of &#8211; exchanges<\/span><br style=\"background-color: white; color: #333333; font-family: Verdana, Arial, Helvetica, sans-serif; font-size: 11px; line-height: 15px; text-align: justify;\" \/><span style=\"background-color: white; color: #333333; font-family: Verdana, Arial, Helvetica, sans-serif; font-size: 11px; line-height: 15px; text-align: justify;\">Polonia&nbsp;&nbsp; Jacek Glomb<\/span><br style=\"background-color: white; color: #333333; font-family: Verdana, Arial, Helvetica, sans-serif; font-size: 11px; line-height: 15px; text-align: justify;\" \/><span style=\"background-color: white; color: #333333; font-family: Verdana, Arial, Helvetica, sans-serif; font-size: 11px; line-height: 15px; text-align: justify;\">Polonia Teatr Arka<\/span><br style=\"background-color: white; color: #333333; font-family: Verdana, Arial, Helvetica, sans-serif; font-size: 11px; line-height: 15px; text-align: justify;\" \/><span style=\"background-color: white; color: #333333; font-family: Verdana, Arial, Helvetica, sans-serif; font-size: 11px; line-height: 15px; text-align: justify;\">Polonia The &#8216;Grodzka Gate &#8211; NN Theatre&#8217; Centre<\/span><br style=\"background-color: white; color: #333333; font-family: Verdana, Arial, Helvetica, sans-serif; font-size: 11px; line-height: 15px; text-align: justify;\" \/><span style=\"background-color: white; color: #333333; font-family: Verdana, Arial, Helvetica, sans-serif; font-size: 11px; line-height: 15px; text-align: justify;\">Polonia Alicja Kobus<\/span><br style=\"background-color: white; color: #333333; font-family: Verdana, Arial, Helvetica, sans-serif; font-size: 11px; line-height: 15px; text-align: justify;\" \/><span style=\"background-color: white; color: #333333; font-family: Verdana, Arial, Helvetica, sans-serif; font-size: 11px; line-height: 15px; text-align: justify;\">Ruman\u00eda&nbsp;&nbsp; Ioana Avadani<\/span><br style=\"background-color: white; color: #333333; font-family: Verdana, Arial, Helvetica, sans-serif; font-size: 11px; line-height: 15px; text-align: justify;\" \/><span style=\"background-color: white; color: #333333; font-family: Verdana, Arial, Helvetica, sans-serif; font-size: 11px; line-height: 15px; text-align: justify;\">Ruman\u00eda Valeriu Nicolae<\/span><br style=\"background-color: white; color: #333333; font-family: Verdana, Arial, Helvetica, sans-serif; font-size: 11px; line-height: 15px; text-align: justify;\" \/><span style=\"background-color: white; color: #333333; font-family: Verdana, Arial, Helvetica, sans-serif; font-size: 11px; line-height: 15px; text-align: justify;\">Ruman\u00eda Nistor Elena<\/span><br style=\"background-color: white; color: #333333; font-family: Verdana, Arial, Helvetica, sans-serif; font-size: 11px; line-height: 15px; text-align: justify;\" \/><span style=\"background-color: white; color: #333333; font-family: Verdana, Arial, Helvetica, sans-serif; font-size: 11px; line-height: 15px; text-align: justify;\">Eslovenia Boris Pahor<\/span><br style=\"background-color: white; color: #333333; font-family: Verdana, Arial, Helvetica, sans-serif; font-size: 11px; line-height: 15px; text-align: justify;\" \/><span style=\"background-color: white; color: #333333; font-family: Verdana, Arial, Helvetica, sans-serif; font-size: 11px; line-height: 15px; text-align: justify;\">Espa\u00f1a Plataforma Afectados por la Hipoteca<\/span><br style=\"background-color: white; color: #333333; font-family: Verdana, Arial, Helvetica, sans-serif; font-size: 11px; line-height: 15px; text-align: justify;\" \/><span style=\"background-color: white; color: #333333; font-family: Verdana, Arial, Helvetica, sans-serif; font-size: 11px; line-height: 15px; text-align: justify;\">Espa\u00f1a Real Academia de la Lengua Vasca &#8211; Euskaltzaindia<\/span><br style=\"background-color: white; color: #333333; font-family: Verdana, Arial, Helvetica, sans-serif; font-size: 11px; line-height: 15px; text-align: justify;\" \/><span style=\"background-color: white; color: #333333; font-family: Verdana, Arial, Helvetica, sans-serif; font-size: 11px; line-height: 15px; text-align: justify;\">Suecia&nbsp;&nbsp;&nbsp;&nbsp;Hela Sverige ska leva<\/span><br style=\"background-color: white; color: #333333; font-family: Verdana, Arial, Helvetica, sans-serif; font-size: 11px; line-height: 15px; text-align: justify;\" \/><span style=\"background-color: white; color: #333333; font-family: Verdana, Arial, Helvetica, sans-serif; font-size: 11px; line-height: 15px; text-align: justify;\">UK The AIRE Centre<\/span><br style=\"background-color: white; color: #333333; font-family: Verdana, Arial, Helvetica, sans-serif; font-size: 11px; line-height: 15px; text-align: justify;\" \/><span style=\"background-color: white; color: #333333; font-family: Verdana, Arial, Helvetica, sans-serif; font-size: 11px; line-height: 15px; text-align: justify;\">UK Professor Richard Demarco<\/span><br style=\"background-color: white; color: #333333; font-family: Verdana, Arial, Helvetica, sans-serif; font-size: 11px; line-height: 15px; text-align: justify;\" \/><span style=\"background-color: white; color: #333333; font-family: Verdana, Arial, Helvetica, sans-serif; font-size: 11px; line-height: 15px; text-align: justify;\">UK Children&#8217;s International Summer Villages (CISV International)<\/span><br style=\"background-color: white; color: #333333; font-family: Verdana, Arial, Helvetica, sans-serif; font-size: 11px; line-height: 15px; text-align: justify;\" \/><br style=\"background-color: white; color: #333333; font-family: Verdana, Arial, Helvetica, sans-serif; font-size: 11px; line-height: 15px; text-align: justify;\" \/><span style=\"background-color: white; color: #333333; font-family: Verdana, Arial, Helvetica, sans-serif; font-size: 11px; line-height: 15px; text-align: justify;\">Miembros del Jurado&nbsp;<\/span><br style=\"background-color: white; color: #333333; font-family: Verdana, Arial, Helvetica, sans-serif; font-size: 11px; line-height: 15px; text-align: justify;\" \/><br style=\"background-color: white; color: #333333; font-family: Verdana, Arial, Helvetica, sans-serif; font-size: 11px; line-height: 15px; text-align: justify;\" \/><span style=\"background-color: white; color: #333333; font-family: Verdana, Arial, Helvetica, sans-serif; font-size: 11px; line-height: 15px; text-align: justify;\">En esta edici\u00f3n del Premio Ciudadano, el jurado estaba compuesto por los&nbsp;&nbsp;Vicepresidentes del Parlamento Europeo Anni Podimata y Othmar Karas; los expresidentes de la Euroc\u00e1mara Hans-Gert P\u00f6ttering y Enrique Bar\u00f3n Crespo; y el Presidente del Foro Europeo de la Juventud, Peter Matjasic.&nbsp;<\/span><\/p>\n","protected":false},"excerpt":{"rendered":"<p>Aede-Canarias obtuvo este premio en su primera edici\u00f3n en 2008.La Plataforma de Afectados por la&#8230;<\/p>\n","protected":false},"author":2,"featured_media":0,"comment_status":"open","ping_status":"open","sticky":false,"template":"","format":"standard","meta":{"ngg_post_thumbnail":0,"footnotes":""},"categories":[1],"tags":[],"class_list":["post-310","post","type-post","status-publish","format-standard","hentry","category-hemeroteca"],"_links":{"self":[{"href":"https:\/\/aedecanarias.eu\/index.php?rest_route=\/wp\/v2\/posts\/310","targetHints":{"allow":["GET"]}}],"collection":[{"href":"https:\/\/aedecanarias.eu\/index.php?rest_route=\/wp\/v2\/posts"}],"about":[{"href":"https:\/\/aedecanarias.eu\/index.php?rest_route=\/wp\/v2\/types\/post"}],"author":[{"embeddable":true,"href":"https:\/\/aedecanarias.eu\/index.php?rest_route=\/wp\/v2\/users\/2"}],"replies":[{"embeddable":true,"href":"https:\/\/aedecanarias.eu\/index.php?rest_route=%2Fwp%2Fv2%2Fcomments&post=310"}],"version-history":[{"count":0,"href":"https:\/\/aedecanarias.eu\/index.php?rest_route=\/wp\/v2\/posts\/310\/revisions"}],"wp:attachment":[{"href":"https:\/\/aedecanarias.eu\/index.php?rest_route=%2Fwp%2Fv2%2Fmedia&parent=310"}],"wp:term":[{"taxonomy":"category","embeddable":true,"href":"https:\/\/aedecanarias.eu\/index.php?rest_route=%2Fwp%2Fv2%2Fcategories&post=310"},{"taxonomy":"post_tag","embeddable":true,"href":"https:\/\/aedecanarias.eu\/index.php?rest_route=%2Fwp%2Fv2%2Ftags&post=310"}],"curies":[{"name":"wp","href":"https:\/\/api.w.org\/{rel}","templated":true}]}}