{"id":308,"date":"2013-06-09T09:17:00","date_gmt":"2013-06-09T09:17:00","guid":{"rendered":"https:\/\/aedecanarias.eu\/concluye-el-concurso-euroscola-2013-mas-de-400-jovenes-espanoles-viajaran-este-ano-a-estrasburgo-para-conocer-el-parlamento-europeo"},"modified":"2013-06-09T09:17:00","modified_gmt":"2013-06-09T09:17:00","slug":"concluye-el-concurso-euroscola-2013-mas-de-400-jovenes-espanoles-viajaran-este-ano-a-estrasburgo-para-conocer-el-parlamento-europeo","status":"publish","type":"post","link":"https:\/\/aedecanarias.eu\/?p=308","title":{"rendered":"Concluye el Concurso EUROSCOLA 2013: M\u00e1s de 400 j\u00f3venes espa\u00f1oles viajar\u00e1n este a\u00f1o a Estrasburgo para conocer el Parlamento Europeo"},"content":{"rendered":"\n<div class=\"twitter-share\"><a href=\"https:\/\/twitter.com\/intent\/tweet?via=aedecanarias\" class=\"twitter-share-button\" data-size=\"large\">Twittear<\/a><\/div>\n<div style=\"clear: both; text-align: center;\"><a href=\"http:\/\/3.bp.blogspot.com\/-Nb7IxRSnzAg\/UbRG_2i0obI\/AAAAAAAAAIU\/y-Hc3tVT0ws\/s1600\/euroscola-095-peq.jpg\" style=\"clear: left; float: left; margin-bottom: 1em; margin-right: 1em;\"><img loading=\"lazy\" decoding=\"async\" border=\"0\" height=\"129\" src=\"http:\/\/3.bp.blogspot.com\/-Nb7IxRSnzAg\/UbRG_2i0obI\/AAAAAAAAAIU\/y-Hc3tVT0ws\/s200\/euroscola-095-peq.jpg\" width=\"200\" \/><\/a><\/div>\n<p><span style=\"background-color: white;\"><span style=\"color: #333333; font-family: Verdana, Arial, Helvetica, sans-serif; font-size: 11px; line-height: 14px; text-align: justify;\">10 equipos&nbsp;&nbsp;-formados cada uno de ellos por 10 alumnos y un profesor-&nbsp;&nbsp;ganadores del Concurso EUROSCOLA 2013, junto con otros compa\u00f1eros de su centro escolar a los que podr\u00e1n invitar,&nbsp;&nbsp;participar\u00e1n en el Programa EUROSCOLA del Parlamento Europeo en Estrasburgo<\/span><br style=\"color: #333333; font-family: Verdana, Arial, Helvetica, sans-serif; font-size: 11px; line-height: 14px; text-align: justify;\" \/><br style=\"color: #333333; font-family: Verdana, Arial, Helvetica, sans-serif; font-size: 11px; line-height: 14px; text-align: justify;\" \/><span style=\"color: #333333; font-family: Verdana, Arial, Helvetica, sans-serif; font-size: 11px; line-height: 14px; text-align: justify;\">Este a\u00f1o el Parlamento Europeo concede adem\u00e1s&nbsp;&nbsp;9 premios \u00abextra\u00bb para los 9 equipos que ocupan el primer lugar en la clasificaci\u00f3n del resto de CCAA.<\/span><\/span><br \/><span style=\"background-color: #d6cebe; color: #333333; font-family: Verdana, Arial, Helvetica, sans-serif; font-size: 11px; line-height: 14px; text-align: justify;\"><br \/><\/span><span style=\"background-color: #d6cebe; color: #333333; font-family: Verdana, Arial, Helvetica, sans-serif; font-size: 11px; line-height: 14px; text-align: justify;\"><br \/><\/span><span style=\"background-color: #d6cebe; color: #333333; font-family: Verdana, Arial, Helvetica, sans-serif; font-size: 11px; line-height: 14px; text-align: justify;\"><\/span><br \/><a name='more'><\/a><\/p>\n<p><span style=\"background-color: white; color: #333333; font-family: Verdana, Arial, Helvetica, sans-serif; font-size: 11px; line-height: 14px; text-align: justify;\">Miles de j\u00f3venes espa\u00f1oles han participado, entre el 18 de marzo y el 13 de mayo, en la XIX edici\u00f3n del Concurso Euroscola.<\/span><br style=\"background-color: white; color: #333333; font-family: Verdana, Arial, Helvetica, sans-serif; font-size: 11px; line-height: 14px; text-align: justify;\" \/><br style=\"background-color: white; color: #333333; font-family: Verdana, Arial, Helvetica, sans-serif; font-size: 11px; line-height: 14px; text-align: justify;\" \/><span style=\"background-color: white; color: #333333; font-family: Verdana, Arial, Helvetica, sans-serif; font-size: 11px; line-height: 14px; text-align: justify;\">Diecinueve equipos espa\u00f1oles han sido los ganadores de la d\u00e9cimo-novena edici\u00f3n del Concurso Euroscola, que este a\u00f1o se ha desarrollado bajo el lema \u00abA\u00f1o Europeo de la Ciudadan\u00eda\u00bb. Los j\u00f3venes ganadores viajar\u00e1n a Estrasburgo para conocer la Sede del Parlamento Europeo y para participar, el pr\u00f3ximo curso escolar, con j\u00f3venes de todos los pa\u00edses de la Uni\u00f3n Europea, en una jornada de simulaci\u00f3n del Parlamento Europeo para j\u00f3venes. Para ello recibir\u00e1n una ayuda de viaje concedida por el Parlamento Europeo.<\/span><br style=\"background-color: white; color: #333333; font-family: Verdana, Arial, Helvetica, sans-serif; font-size: 11px; line-height: 14px; text-align: justify;\" \/><br style=\"background-color: white; color: #333333; font-family: Verdana, Arial, Helvetica, sans-serif; font-size: 11px; line-height: 14px; text-align: justify;\" \/><span style=\"background-color: white; color: #333333; font-family: Verdana, Arial, Helvetica, sans-serif; font-size: 11px; line-height: 14px; text-align: justify;\">Los 10 centros escolares ganadores son:<\/span><br style=\"background-color: white; color: #333333; font-family: Verdana, Arial, Helvetica, sans-serif; font-size: 11px; line-height: 14px; text-align: justify;\" \/><br style=\"background-color: white; color: #333333; font-family: Verdana, Arial, Helvetica, sans-serif; font-size: 11px; line-height: 14px; text-align: justify;\" \/><span style=\"background-color: white; color: #333333; font-family: Verdana, Arial, Helvetica, sans-serif; font-size: 11px; line-height: 14px; text-align: justify;\">\u2022 Andaluc\u00eda: Colegio Compa\u00f1\u00eda de Mar\u00eda (Almer\u00eda)<\/span><br style=\"background-color: white; color: #333333; font-family: Verdana, Arial, Helvetica, sans-serif; font-size: 11px; line-height: 14px; text-align: justify;\" \/><span style=\"background-color: white; color: #333333; font-family: Verdana, Arial, Helvetica, sans-serif; font-size: 11px; line-height: 14px; text-align: justify;\">\u2022 Canarias: IES Pablo Montesino (Las Palmas)<\/span><br style=\"background-color: white; color: #333333; font-family: Verdana, Arial, Helvetica, sans-serif; font-size: 11px; line-height: 14px; text-align: justify;\" \/><span style=\"background-color: white; color: #333333; font-family: Verdana, Arial, Helvetica, sans-serif; font-size: 11px; line-height: 14px; text-align: justify;\">\u2022 Cantabria: Colegio Nuestra Se\u00f1ora de la Paz ( Torrelavega )<\/span><br style=\"background-color: white; color: #333333; font-family: Verdana, Arial, Helvetica, sans-serif; font-size: 11px; line-height: 14px; text-align: justify;\" \/><span style=\"background-color: white; color: #333333; font-family: Verdana, Arial, Helvetica, sans-serif; font-size: 11px; line-height: 14px; text-align: justify;\">\u2022 Castilla-La Mancha: Colegio Nuestra Se\u00f1ora del Prado (Ciudad Real)<\/span><br style=\"background-color: white; color: #333333; font-family: Verdana, Arial, Helvetica, sans-serif; font-size: 11px; line-height: 14px; text-align: justify;\" \/><span style=\"background-color: white; color: #333333; font-family: Verdana, Arial, Helvetica, sans-serif; font-size: 11px; line-height: 14px; text-align: justify;\">\u2022 Catalu\u00f1a: Col.legi Sant Josep (Villafranca del Pened\u00e9s- Barcelona)<\/span><br style=\"background-color: white; color: #333333; font-family: Verdana, Arial, Helvetica, sans-serif; font-size: 11px; line-height: 14px; text-align: justify;\" \/><span style=\"background-color: white; color: #333333; font-family: Verdana, Arial, Helvetica, sans-serif; font-size: 11px; line-height: 14px; text-align: justify;\">\u2022 Extremadura: IES S\u00e1inz de Buruaga (M\u00e9rida)&nbsp;<\/span><br style=\"background-color: white; color: #333333; font-family: Verdana, Arial, Helvetica, sans-serif; font-size: 11px; line-height: 14px; text-align: justify;\" \/><span style=\"background-color: white; color: #333333; font-family: Verdana, Arial, Helvetica, sans-serif; font-size: 11px; line-height: 14px; text-align: justify;\">\u2022 Galicia: IES Praia Barra\u00f1a (Boiro-Coru\u00f1a)<\/span><br style=\"background-color: white; color: #333333; font-family: Verdana, Arial, Helvetica, sans-serif; font-size: 11px; line-height: 14px; text-align: justify;\" \/><span style=\"background-color: white; color: #333333; font-family: Verdana, Arial, Helvetica, sans-serif; font-size: 11px; line-height: 14px; text-align: justify;\">\u2022 Madrid: IES Palas Atenea (Torrej\u00f3n de Ardoz)<\/span><br style=\"background-color: white; color: #333333; font-family: Verdana, Arial, Helvetica, sans-serif; font-size: 11px; line-height: 14px; text-align: justify;\" \/><span style=\"background-color: white; color: #333333; font-family: Verdana, Arial, Helvetica, sans-serif; font-size: 11px; line-height: 14px; text-align: justify;\">\u2022 Melilla: IES Rusadir<\/span><br style=\"background-color: white; color: #333333; font-family: Verdana, Arial, Helvetica, sans-serif; font-size: 11px; line-height: 14px; text-align: justify;\" \/><span style=\"background-color: white; color: #333333; font-family: Verdana, Arial, Helvetica, sans-serif; font-size: 11px; line-height: 14px; text-align: justify;\">\u2022 Extremadura: IES Albalat (Navalmoral de la Mata) Ganador de la versi\u00f3n del concurso en ingl\u00e9s<\/span><br style=\"background-color: white; color: #333333; font-family: Verdana, Arial, Helvetica, sans-serif; font-size: 11px; line-height: 14px; text-align: justify;\" \/><br style=\"background-color: white; color: #333333; font-family: Verdana, Arial, Helvetica, sans-serif; font-size: 11px; line-height: 14px; text-align: justify;\" \/><span style=\"background-color: white; color: #333333; font-family: Verdana, Arial, Helvetica, sans-serif; font-size: 11px; line-height: 14px; text-align: justify;\">Los 9 centros escolares \u00abfinalistas\u00bb son:<\/span><br style=\"background-color: white; color: #333333; font-family: Verdana, Arial, Helvetica, sans-serif; font-size: 11px; line-height: 14px; text-align: justify;\" \/><br style=\"background-color: white; color: #333333; font-family: Verdana, Arial, Helvetica, sans-serif; font-size: 11px; line-height: 14px; text-align: justify;\" \/><span style=\"background-color: white; color: #333333; font-family: Verdana, Arial, Helvetica, sans-serif; font-size: 11px; line-height: 14px; text-align: justify;\">\u2022 Arag\u00f3n: Colegio Santa Rosa-Altoarag\u00f3n (Huesca)<\/span><br style=\"background-color: white; color: #333333; font-family: Verdana, Arial, Helvetica, sans-serif; font-size: 11px; line-height: 14px; text-align: justify;\" \/><span style=\"background-color: white; color: #333333; font-family: Verdana, Arial, Helvetica, sans-serif; font-size: 11px; line-height: 14px; text-align: justify;\">\u2022 Asturias: Colegio Coraz\u00f3n de Mar\u00eda (Gij\u00f3n)<\/span><br style=\"background-color: white; color: #333333; font-family: Verdana, Arial, Helvetica, sans-serif; font-size: 11px; line-height: 14px; text-align: justify;\" \/><span style=\"background-color: white; color: #333333; font-family: Verdana, Arial, Helvetica, sans-serif; font-size: 11px; line-height: 14px; text-align: justify;\">\u2022 Castilla y Le\u00f3n: Colegio Sagrados Corazones (Miranda de Ebro. Burgos)<\/span><br style=\"background-color: white; color: #333333; font-family: Verdana, Arial, Helvetica, sans-serif; font-size: 11px; line-height: 14px; text-align: justify;\" \/><span style=\"background-color: white; color: #333333; font-family: Verdana, Arial, Helvetica, sans-serif; font-size: 11px; line-height: 14px; text-align: justify;\">\u2022 La Rioja: Colegio Santa Mar\u00eda Marianistas (Logro\u00f1o)<\/span><br style=\"background-color: white; color: #333333; font-family: Verdana, Arial, Helvetica, sans-serif; font-size: 11px; line-height: 14px; text-align: justify;\" \/><span style=\"background-color: white; color: #333333; font-family: Verdana, Arial, Helvetica, sans-serif; font-size: 11px; line-height: 14px; text-align: justify;\">\u2022 Murcia: Centro Educativo Los Olivos (Molina de Segura)<\/span><br style=\"background-color: white; color: #333333; font-family: Verdana, Arial, Helvetica, sans-serif; font-size: 11px; line-height: 14px; text-align: justify;\" \/><span style=\"background-color: white; color: #333333; font-family: Verdana, Arial, Helvetica, sans-serif; font-size: 11px; line-height: 14px; text-align: justify;\">\u2022 Navarra: IES Reyno de Navarra (Azagra)<\/span><br style=\"background-color: white; color: #333333; font-family: Verdana, Arial, Helvetica, sans-serif; font-size: 11px; line-height: 14px; text-align: justify;\" \/><span style=\"background-color: white; color: #333333; font-family: Verdana, Arial, Helvetica, sans-serif; font-size: 11px; line-height: 14px; text-align: justify;\">\u2022 Pa\u00eds Vasco: Colegio San Jos\u00e9-Maristak (Durango.Vizcaya)<\/span><br style=\"background-color: white; color: #333333; font-family: Verdana, Arial, Helvetica, sans-serif; font-size: 11px; line-height: 14px; text-align: justify;\" \/><span style=\"background-color: white; color: #333333; font-family: Verdana, Arial, Helvetica, sans-serif; font-size: 11px; line-height: 14px; text-align: justify;\">\u2022 Comunidad Valenciana: IES Jorge Juan (Alicante)<\/span><br style=\"background-color: white; color: #333333; font-family: Verdana, Arial, Helvetica, sans-serif; font-size: 11px; line-height: 14px; text-align: justify;\" \/><span style=\"background-color: white; color: #333333; font-family: Verdana, Arial, Helvetica, sans-serif; font-size: 11px; line-height: 14px; text-align: justify;\">\u2022 Ceuta: IES Clara Campoamor<\/span><br style=\"background-color: white; color: #333333; font-family: Verdana, Arial, Helvetica, sans-serif; font-size: 11px; line-height: 14px; text-align: justify;\" \/><br style=\"background-color: white; color: #333333; font-family: Verdana, Arial, Helvetica, sans-serif; font-size: 11px; line-height: 14px; text-align: justify;\" \/><span style=\"background-color: white; color: #333333; font-family: Verdana, Arial, Helvetica, sans-serif; font-size: 11px; line-height: 14px; text-align: justify;\">Otros Premios:<\/span><br style=\"background-color: white; color: #333333; font-family: Verdana, Arial, Helvetica, sans-serif; font-size: 11px; line-height: 14px; text-align: justify;\" \/><br style=\"background-color: white; color: #333333; font-family: Verdana, Arial, Helvetica, sans-serif; font-size: 11px; line-height: 14px; text-align: justify;\" \/><span style=\"background-color: white; color: #333333; font-family: Verdana, Arial, Helvetica, sans-serif; font-size: 11px; line-height: 14px; text-align: justify;\">La Representaci\u00f3n en Espa\u00f1a de la Comisi\u00f3n Europea, la Secretar\u00eda de Estado para la UE (Ministerio de AAEE y Cooperaci\u00f3n), la Embajada de Irlanda (actual Presidencia de la UE), el INJUVE, el Organismo Aut\u00f3nomo de Programas Educativos Europeos (OAPEE), el Consejo de la Juventud de Espa\u00f1a, la Plataforma del Voluntariado de Espa\u00f1a,&nbsp;&nbsp;C\u00e1ritas, y algunas CCAA -Organismos de Juventud y de Educaci\u00f3n- entregar\u00e1n premios a los equipos mejor clasificados.&nbsp;<\/span><br style=\"background-color: white; color: #333333; font-family: Verdana, Arial, Helvetica, sans-serif; font-size: 11px; line-height: 14px; text-align: justify;\" \/><br style=\"background-color: white; color: #333333; font-family: Verdana, Arial, Helvetica, sans-serif; font-size: 11px; line-height: 14px; text-align: justify;\" \/><span style=\"background-color: white; color: #333333; font-family: Verdana, Arial, Helvetica, sans-serif; font-size: 11px; line-height: 14px; text-align: justify;\">Todos los premios pueden consultarse en la p\u00e1gina web&nbsp;<\/span><a href=\"http:\/\/www.euro-scola.com\/\" style=\"background-color: white; font-family: Verdana, Arial, Helvetica, sans-serif; font-size: 11px; line-height: 14px; text-align: justify;\">www.euro-scola.com<\/a><span style=\"background-color: white; color: #333333; font-family: Verdana, Arial, Helvetica, sans-serif; font-size: 11px; line-height: 14px; text-align: justify;\">&nbsp;<\/span><br style=\"background-color: white; color: #333333; font-family: Verdana, Arial, Helvetica, sans-serif; font-size: 11px; line-height: 14px; text-align: justify;\" \/><br style=\"background-color: white; color: #333333; font-family: Verdana, Arial, Helvetica, sans-serif; font-size: 11px; line-height: 14px; text-align: justify;\" \/><span style=\"background-color: white; color: #333333; font-family: Verdana, Arial, Helvetica, sans-serif; font-size: 11px; line-height: 14px; text-align: justify;\">Este a\u00f1o han participado un total de 485 equipos, de los cuales llegaron a la final&nbsp;&nbsp;220. Cada equipo est\u00e1 compuesto por 10 alumnos y un profesor responsable del mismo.<\/span><br style=\"background-color: white; color: #333333; font-family: Verdana, Arial, Helvetica, sans-serif; font-size: 11px; line-height: 14px; text-align: justify;\" \/><\/p>\n","protected":false},"excerpt":{"rendered":"<p>10 equipos&nbsp;&nbsp;-formados cada uno de ellos por 10 alumnos y un profesor-&nbsp;&nbsp;ganadores del Concurso EUROSCOLA&#8230;<\/p>\n","protected":false},"author":2,"featured_media":0,"comment_status":"open","ping_status":"open","sticky":false,"template":"","format":"standard","meta":{"ngg_post_thumbnail":0,"footnotes":""},"categories":[1],"tags":[],"class_list":["post-308","post","type-post","status-publish","format-standard","hentry","category-hemeroteca"],"_links":{"self":[{"href":"https:\/\/aedecanarias.eu\/index.php?rest_route=\/wp\/v2\/posts\/308","targetHints":{"allow":["GET"]}}],"collection":[{"href":"https:\/\/aedecanarias.eu\/index.php?rest_route=\/wp\/v2\/posts"}],"about":[{"href":"https:\/\/aedecanarias.eu\/index.php?rest_route=\/wp\/v2\/types\/post"}],"author":[{"embeddable":true,"href":"https:\/\/aedecanarias.eu\/index.php?rest_route=\/wp\/v2\/users\/2"}],"replies":[{"embeddable":true,"href":"https:\/\/aedecanarias.eu\/index.php?rest_route=%2Fwp%2Fv2%2Fcomments&post=308"}],"version-history":[{"count":0,"href":"https:\/\/aedecanarias.eu\/index.php?rest_route=\/wp\/v2\/posts\/308\/revisions"}],"wp:attachment":[{"href":"https:\/\/aedecanarias.eu\/index.php?rest_route=%2Fwp%2Fv2%2Fmedia&parent=308"}],"wp:term":[{"taxonomy":"category","embeddable":true,"href":"https:\/\/aedecanarias.eu\/index.php?rest_route=%2Fwp%2Fv2%2Fcategories&post=308"},{"taxonomy":"post_tag","embeddable":true,"href":"https:\/\/aedecanarias.eu\/index.php?rest_route=%2Fwp%2Fv2%2Ftags&post=308"}],"curies":[{"name":"wp","href":"https:\/\/api.w.org\/{rel}","templated":true}]}}