{"id":307,"date":"2013-06-09T23:32:00","date_gmt":"2013-06-09T23:32:00","guid":{"rendered":"https:\/\/aedecanarias.eu\/el-servicio-canario-de-empleo-busca-340-parados-con-alto-nivel-de-ingles-para-dar-clases-en-verano"},"modified":"2013-06-09T23:32:00","modified_gmt":"2013-06-09T23:32:00","slug":"el-servicio-canario-de-empleo-busca-340-parados-con-alto-nivel-de-ingles-para-dar-clases-en-verano","status":"publish","type":"post","link":"https:\/\/aedecanarias.eu\/?p=307","title":{"rendered":"El Servicio Canario de Empleo busca 340 parados con alto nivel de ingl\u00e9s para dar clases en verano"},"content":{"rendered":"\n<div class=\"twitter-share\"><a href=\"https:\/\/twitter.com\/intent\/tweet?via=aedecanarias\" class=\"twitter-share-button\" data-size=\"large\">Twittear<\/a><\/div>\n<p><\/p>\n<div style=\"clear: both; text-align: center;\"><a href=\"http:\/\/3.bp.blogspot.com\/-1LrLgmog2GE\/UbUQLMOyXrI\/AAAAAAAAAIk\/aTNm7WgyMww\/s1600\/empleo-busca.jpg\" style=\"clear: left; float: left; margin-bottom: 1em; margin-right: 1em;\"><img loading=\"lazy\" decoding=\"async\" border=\"0\" height=\"115\" src=\"http:\/\/3.bp.blogspot.com\/-1LrLgmog2GE\/UbUQLMOyXrI\/AAAAAAAAAIk\/aTNm7WgyMww\/s200\/empleo-busca.jpg\" width=\"200\" \/><\/a><\/div>\n<div style=\"background-color: white; color: #555555; font-family: Arial, Helvetica, sans-serif; font-size: 17px; line-height: 21px; margin-bottom: 15px; padding: 0px; text-align: left;\">Una oportunidad laboral. Empieza la b\u00fasqueda de desempleados que impartan clases de ingl\u00e9s en verano. El Servicio Canario de Empleo (SCE) rastrea en su base de datos para localizar a m\u00e1s de 340 personas con un alto nivel en este idioma. Ser\u00e1n contratados como monitores para el taller de inmersi\u00f3n ling\u00fc\u00edstica que el Gobierno regional pondr\u00e1 en marcha en julio y agosto en los colegios. Una actividad dirigida especialmente a ni\u00f1os de familias golpeadas por la crisis y que almorzar\u00e1n despu\u00e9s en los comedores escolares.<\/div>\n<div style=\"background-color: white; color: #555555; font-family: Arial, Helvetica, sans-serif; font-size: 17px; line-height: 21px; margin-bottom: 15px; padding: 0px; text-align: left;\"><span style=\"font-size: 14px; font-weight: bold; line-height: 18px;\">Haridian Mederos. La Provincia Diario de Las Palmas.<\/span><\/div>\n<div style=\"background-color: white; color: #555555; font-family: Arial, Helvetica, sans-serif; font-size: 17px; line-height: 21px; margin-bottom: 15px; padding: 0px; text-align: left;\"><span style=\"font-size: 14px; font-weight: bold; line-height: 18px;\"><\/span><\/div>\n<p><a name='more'><\/a><\/p>\n<div style=\"background-color: white; color: #555555; font-family: Arial, Helvetica, sans-serif; font-size: 17px; line-height: 21px; margin-bottom: 15px; padding: 0px; text-align: left;\">El organismo dependiente del Gobierno auton\u00f3mico tiene ahora como m\u00e1xima prioridad el fichaje de este personal, que debe estar inscrito como demandante de empleo en las oficinas del Archipi\u00e9lago y tiene que acreditar la competencia ling\u00fc\u00edstica y pedag\u00f3gica necesaria para ense\u00f1ar ingl\u00e9s.<\/div>\n<div style=\"background-color: white; color: #555555; font-family: Arial, Helvetica, sans-serif; font-size: 17px; line-height: 21px; margin-bottom: 15px; padding: 0px; text-align: left;\">El SCE prev\u00e9 ocupar entre 321 y 328 monitores y otros 22 coordinadores. Esta entidad formalizar\u00e1 una encomienda de gesti\u00f3n con la Fundaci\u00f3n Canaria para el Fomento del Trabajo (Funcatra), que se encargar\u00e1 del proceso de selecci\u00f3n. La agencia de colocaci\u00f3n ofrecer\u00e1 los candidatos m\u00e1s adecuados al perfil solicitado.<\/div>\n<div style=\"background-color: white; color: #555555; font-family: Arial, Helvetica, sans-serif; font-size: 17px; line-height: 21px; margin-bottom: 15px; padding: 0px; text-align: left;\">La preselecci\u00f3n de aspirantes se efect\u00faa a trav\u00e9s de los sondeos en el sistema inform\u00e1tico de Intermediaci\u00f3n del SCE. En primer lugar, se sondear\u00e1 a todos los maestros de cualquier especialidad con nivel de ingl\u00e9s alto, dando prioridad en los escrutinios iniciales a los maestros de la especialidad de lenguas extranjeras (Ingl\u00e9s) y a los demandantes de primer empleo.<\/div>\n<div style=\"background-color: white; color: #555555; font-family: Arial, Helvetica, sans-serif; font-size: 17px; line-height: 21px; margin-bottom: 15px; padding: 0px; text-align: left;\">A continuaci\u00f3n, se indagar\u00e1 entre los titulados universitarios con dominio de este idioma. Posteriormente, se buscar\u00e1 entre aquellos que no hayan trabajado nunca y que hayan solicitado ejercer como monitores, incluyendo animadores socioculturales y comunitarios; o bien formadores ocupacionales, entre ellos profesores de idiomas en Secundaria.<\/div>\n<div style=\"background-color: white; color: #555555; font-family: Arial, Helvetica, sans-serif; font-size: 17px; line-height: 21px; margin-bottom: 15px; padding: 0px; text-align: left;\">Si tras la batida no se halla a suficientes personas, se realizar\u00eda otro estudio donde s\u00f3lo cambiar\u00eda el nivel formativo pas\u00e1ndolo a Bachiller. Si aun as\u00ed no hay candidatos disponibles, se modificar\u00eda el nivel de idioma, de superior o avanzado a un nivel medio.<\/div>\n<div style=\"background-color: white; color: #555555; font-family: Arial, Helvetica, sans-serif; font-size: 17px; line-height: 21px; margin-bottom: 15px; padding: 0px; text-align: left;\">Pero esta tarea para encontrar a desocupados con pericia en el manejo del ingl\u00e9s no est\u00e1 siendo f\u00e1cil de momento. Empleo detecta dificultades para lograr monitores -sobre todo en las islas perif\u00e9ricas- que re\u00fanan el perfil id\u00f3neo. Este inconveniente obliga a bajar los requisitos hasta pedir como m\u00ednimo un B2 o cursos que acrediten la destreza en el habla inglesa, ya que se pretende que los ni\u00f1os practiquen esta lengua durante dos horas diarias de forma l\u00fadica.<\/div>\n<div style=\"background-color: white; color: #555555; font-family: Arial, Helvetica, sans-serif; font-size: 17px; line-height: 21px; margin-bottom: 15px; padding: 0px; text-align: left;\">Y eso a pesar de que el Archipi\u00e9lago alcanza el r\u00e9cord hist\u00f3rico de paro registrado. La \u00faltima Encuesta de Poblaci\u00f3n Activa revela 385.600 desempleados en las Islas, de los que 61.800 son menores de 25 a\u00f1os. Canarias arrastra una tasa de paro juvenil del 69,18%.<\/div>\n<div style=\"background-color: white; color: #555555; font-family: Arial, Helvetica, sans-serif; font-size: 17px; line-height: 21px; margin-bottom: 15px; padding: 0px; text-align: left;\">En cualquier caso, desde el Servicio Canario de Empleo se hace un llamamiento a los interesados para que actualicen y modifiquen sus curr\u00edculos respecto a las titulaciones, ocupaciones e idiomas exigidos en la oferta de empleo.<\/div>\n<div style=\"background-color: white; color: #555555; font-family: Arial, Helvetica, sans-serif; font-size: 17px; line-height: 21px; margin-bottom: 15px; padding: 0px; text-align: left;\">Aquellos candidatos que resulten elegido ser\u00e1n contratados a jornada parcial durante dos meses y un d\u00eda. Trabajar\u00e1n desde el 28 de junio, d\u00eda en que asistir\u00e1n a una jornada formativa de cinco horas en las instalaciones de Funcatra, impartida por personal de Educaci\u00f3n, que dirige el consejero Jos\u00e9 Miguel P\u00e9rez. El 1 de julio se incorporar\u00e1n al centro de cabecera asignado y los contratos finalizar\u00e1n el 31 de agosto. A\u00fan no est\u00e1 claro cu\u00e1l ser\u00e1 el sueldo que percibir\u00e1n.<\/div>\n<div style=\"background-color: white; color: #555555; font-family: Arial, Helvetica, sans-serif; font-size: 17px; line-height: 21px; margin-bottom: 15px; padding: 0px; text-align: left;\">Esta actuaci\u00f3n se desarrollar\u00e1 en paralelo a la apertura de los comedores escolares para garantizar al menos una comida al d\u00eda a los ni\u00f1os de familias desfavorecidas y se encuadra en la Estrategia contra la Pobreza y la Exclusi\u00f3n Social.<\/div>\n","protected":false},"excerpt":{"rendered":"<p>Una oportunidad laboral. Empieza la b\u00fasqueda de desempleados que impartan clases de ingl\u00e9s en verano&#8230;.<\/p>\n","protected":false},"author":2,"featured_media":0,"comment_status":"open","ping_status":"open","sticky":false,"template":"","format":"standard","meta":{"ngg_post_thumbnail":0,"footnotes":""},"categories":[1],"tags":[],"class_list":["post-307","post","type-post","status-publish","format-standard","hentry","category-hemeroteca"],"_links":{"self":[{"href":"https:\/\/aedecanarias.eu\/index.php?rest_route=\/wp\/v2\/posts\/307","targetHints":{"allow":["GET"]}}],"collection":[{"href":"https:\/\/aedecanarias.eu\/index.php?rest_route=\/wp\/v2\/posts"}],"about":[{"href":"https:\/\/aedecanarias.eu\/index.php?rest_route=\/wp\/v2\/types\/post"}],"author":[{"embeddable":true,"href":"https:\/\/aedecanarias.eu\/index.php?rest_route=\/wp\/v2\/users\/2"}],"replies":[{"embeddable":true,"href":"https:\/\/aedecanarias.eu\/index.php?rest_route=%2Fwp%2Fv2%2Fcomments&post=307"}],"version-history":[{"count":0,"href":"https:\/\/aedecanarias.eu\/index.php?rest_route=\/wp\/v2\/posts\/307\/revisions"}],"wp:attachment":[{"href":"https:\/\/aedecanarias.eu\/index.php?rest_route=%2Fwp%2Fv2%2Fmedia&parent=307"}],"wp:term":[{"taxonomy":"category","embeddable":true,"href":"https:\/\/aedecanarias.eu\/index.php?rest_route=%2Fwp%2Fv2%2Fcategories&post=307"},{"taxonomy":"post_tag","embeddable":true,"href":"https:\/\/aedecanarias.eu\/index.php?rest_route=%2Fwp%2Fv2%2Ftags&post=307"}],"curies":[{"name":"wp","href":"https:\/\/api.w.org\/{rel}","templated":true}]}}