{"id":305,"date":"2013-06-12T19:54:00","date_gmt":"2013-06-12T19:54:00","guid":{"rendered":"https:\/\/aedecanarias.eu\/el-primer-pacto-rajoy-rubalcaba-se-centra-en-empleo-joven-y-ayudas-europeas"},"modified":"2013-06-12T19:54:00","modified_gmt":"2013-06-12T19:54:00","slug":"el-primer-pacto-rajoy-rubalcaba-se-centra-en-empleo-joven-y-ayudas-europeas","status":"publish","type":"post","link":"https:\/\/aedecanarias.eu\/?p=305","title":{"rendered":"El primer pacto Rajoy-Rubalcaba se centra en empleo joven y ayudas europeas"},"content":{"rendered":"\n<div class=\"twitter-share\"><a href=\"https:\/\/twitter.com\/intent\/tweet?via=aedecanarias\" class=\"twitter-share-button\" data-size=\"large\">Twittear<\/a><\/div>\n<p><\/p>\n<div style=\"background-color: white;\">\n<div>\n<div>\n<h2 style=\"background-color: transparent; background-image: url(http:\/\/ep01.epimg.net\/iconos\/v1.x\/v1.0\/varios\/cuadrado_subtitulo.png); background-position: 0px 7px; background-repeat: no-repeat no-repeat; color: #333333; font-family: Arial, Helvetica, Garuda, sans-serif; font-size: 12px; font-weight: normal; line-height: 19px; margin: 0px 0px 1px 15px; padding: 0px 0px 0px 13px;\">CiU, PNV y UPyD son proclives al acuerdo, aunque critican c\u00f3mo se negocia<\/h2>\n<h2 style=\"background-color: transparent; background-image: url(http:\/\/ep01.epimg.net\/iconos\/v1.x\/v1.0\/varios\/cuadrado_subtitulo.png); background-position: 0px 7px; background-repeat: no-repeat no-repeat; color: #333333; font-family: Arial, Helvetica, Garuda, sans-serif; font-size: 12px; font-weight: normal; line-height: 19px; margin: 0px 0px 1px 15px; padding: 0px 0px 0px 13px;\">El presidente y el l\u00edder del PSOE hablan por telef\u00f3no y citan para hoy a los grupos<\/h2>\n<h2 style=\"background-color: transparent; background-image: url(http:\/\/ep01.epimg.net\/iconos\/v1.x\/v1.0\/varios\/cuadrado_subtitulo.png); background-position: 0px 7px; background-repeat: no-repeat no-repeat; color: #333333; font-family: Arial, Helvetica, Garuda, sans-serif; font-size: 12px; font-weight: normal; line-height: 19px; margin: 0px 0px 1px 15px; padding: 0px 0px 0px 13px;\">IU y Grupo Mixto se excluyen del acuerdo<\/h2>\n<h2 style=\"background-color: transparent; background-image: url(http:\/\/ep01.epimg.net\/iconos\/v1.x\/v1.0\/varios\/cuadrado_subtitulo.png); background-position: 0px 7px; background-repeat: no-repeat no-repeat; color: #333333; font-family: Arial, Helvetica, Garuda, sans-serif; font-size: 12px; font-weight: normal; line-height: 19px; margin: 0px 0px 1px 15px; padding: 0px 0px 0px 13px;\">El texto se centra en uni\u00f3n bancaria, medidas contra el paro juvenil y facilitar el cr\u00e9dito a pymes<\/h2>\n<\/div>\n<\/div>\n<div style=\"margin: 0px 0px 0px 15px;\">\n<ul style=\"margin: 0px; padding: 0px;\">\n<li style=\"background-color: transparent; background-image: url(http:\/\/ep01.epimg.net\/iconos\/v1.x\/v1.0\/varios\/cuadrado_subtitulo.png); background-position: 0px 7px; background-repeat: no-repeat no-repeat; color: #333333; font-family: Arial, Helvetica, Garuda, sans-serif; font-size: 12px; line-height: 19px; list-style-type: none; margin: 0px 0px 1px; padding: 0px 0px 0px 13px;\"><a href=\"http:\/\/ep00.epimg.net\/descargables\/2013\/06\/12\/d95e8dffb347cab22bdab8f8effcd74a.docx\" style=\"color: #ff4d00; outline: none; text-decoration: none;\"><span style=\"background-color: transparent; background-image: url(http:\/\/ep01.epimg.net\/iconos\/v1.x\/v1.0\/varios\/icono_descargar_portada.png); background-position: 0px 3px; background-repeat: no-repeat no-repeat; color: #333333; font-family: Tahoma, Arial, Helvetica, Garuda, sans-serif; font-size: 11px; font-weight: bold; line-height: 14px; margin-right: 2px; padding-left: 15px;\">DESCARGABLE<\/span>&nbsp;<strong>Borrador del acuerdo que maneja el Gobierno<\/strong><\/a><\/li>\n<li style=\"background-color: transparent; background-image: url(http:\/\/ep01.epimg.net\/iconos\/v1.x\/v1.0\/varios\/cuadrado_subtitulo.png); background-position: 0px 7px; background-repeat: no-repeat no-repeat; color: #333333; font-family: Arial, Helvetica, Garuda, sans-serif; font-size: 12px; line-height: 19px; list-style-type: none; margin: 0px 0px 1px; padding: 0px 0px 0px 13px;\"><strong style=\"color: #ff4d00; outline: none; text-decoration: none;\"><a href=\"http:\/\/ep00.epimg.net\/descargables\/2013\/06\/12\/260c1ae5a82b94149132a43a4533ec73.docx\" style=\"color: #ff4d00; outline: none; text-decoration: none;\">Borrados del acuerdo que maneja el PSOE<\/a><\/strong><\/li>\n<\/ul>\n<div><span style=\"color: blue; font-family: Arial, Helvetica, Garuda, sans-serif;\"><span style=\"font-size: 12px; line-height: 19px;\"><b>El Pa\u00eds. 12\/06\/2013<\/b><\/span><\/span><\/div>\n<div><span style=\"color: blue; font-family: Arial, Helvetica, Garuda, sans-serif;\"><span style=\"font-size: 12px; line-height: 19px;\"><b><a name='more'><\/a><br \/><\/b><\/span><\/span><\/div>\n<\/div>\n<\/div>\n<div style=\"background-color: white; margin: 0px 0px 40px 100px; min-height: 650px; overflow: visible; padding: 20px 0px 0px; width: 460px;\">\n<div>\n<div style=\"font-family: Arial, Helvetica, Garuda, sans-serif; font-size: 14px; line-height: 20px; margin-bottom: 15px; text-align: justify;\">Ser\u00e1 un pacto de m\u00ednimos y hasta de generalidades, pero ser\u00e1 el primero de la legislatura, participar\u00e1n casi todos los grupos del Congreso y, adem\u00e1s, ser\u00e1 solemnizado con una fotograf\u00eda.&nbsp;<a href=\"http:\/\/politica.elpais.com\/politica\/2013\/06\/11\/actualidad\/1370977207_727135.html\" style=\"border-bottom-color: rgb(255, 77, 0); border-bottom-style: dotted; border-bottom-width: 1px; color: #ff4d00; outline: none; padding: 2px 0px 1px; text-decoration: none;\">El acuerdo sobre la Uni\u00f3n Europa,<\/a>&nbsp;seguro y pr\u00f3ximo, ha servido ya para crear un clima pol\u00edtico distinto. Tanto que, por ejemplo, el presidente del Gobierno,&nbsp;<a href=\"http:\/\/elpais.com\/tag\/mariano_rajoy\/a\/\" style=\"border-bottom-color: rgb(255, 77, 0); border-bottom-style: dotted; border-bottom-width: 1px; color: #ff4d00; outline: none; padding: 2px 0px 1px; text-decoration: none;\">Mariano Rajoy,<\/a>&nbsp;y el l\u00edder de la oposici\u00f3n,&nbsp;<a href=\"http:\/\/elpais.com\/tag\/alfredo_perez_rubalcaba\/a\/\" style=\"border-bottom-color: rgb(255, 77, 0); border-bottom-style: dotted; border-bottom-width: 1px; color: #ff4d00; outline: none; padding: 2px 0px 1px; text-decoration: none;\">Alfredo P\u00e9rez Rubalcaba,<\/a>&nbsp;<a href=\"http:\/\/politica.elpais.com\/politica\/2013\/06\/12\/actualidad\/1371019242_561113.html\" style=\"border-bottom-color: rgb(255, 77, 0); border-bottom-style: dotted; border-bottom-width: 1px; color: #ff4d00; outline: none; padding: 2px 0px 1px; text-decoration: none;\">convirtieron este mi\u00e9rcoles la sesi\u00f3n de control en el Congreso en un intercambio amable de frases<\/a>&nbsp;que ni siquiera lleg\u00f3 a debate. Hasta diez veces en dos minutos repitieron expresiones como \u201ccoincido con usted\u201d o \u201cestoy de acuerdo con usted\u201d.<\/div>\n<div style=\"font-family: Arial, Helvetica, Garuda, sans-serif; font-size: 14px; line-height: 20px; margin-bottom: 15px; text-align: justify;\">Los dos hablaron por tel\u00e9fono luego de manera extensa y pactaron las l\u00edneas generales del acuerdo. Este incluye la puesta en marcha cuanto antes del plan europeo de empleo juvenil, la aprobaci\u00f3n de medidas para la econom\u00eda real \u2014en especial una l\u00ednea de cr\u00e9dito para Pymes del Banco Europeo de Inversiones (BEI)\u2014 y medidas de crecimiento e inversiones europeas con cargo a los fondos comunitarios. La iniciativa, consensuada por Rajoy y Rubalcaba, contempla tambi\u00e9n la uni\u00f3n bancaria y avances en el mercado interior europeo.<\/div>\n<div style=\"font-family: Arial, Helvetica, Garuda, sans-serif; font-size: 14px; line-height: 20px; margin-bottom: 15px; text-align: justify;\">Los l\u00edderes de los partidos mayoritarios est\u00e1n estrat\u00e9gicamente interesados en el pacto. Entienden que el acuerdo beneficiar\u00e1 sus expectativas electorales en un momento de gran desgaste entre sus votantes y tambi\u00e9n esperan reforzar la posici\u00f3n negociadora de Espa\u00f1a ante la UE, ante la premiosidad con que, a su juicio, act\u00faa Bruselas. Para eso, los dos han encapsulado este asunto evitando vincular el pacto a otros temas m\u00e1s delicados como el de las pensiones y llevan semanas apaciguando el clima pol\u00edtico en el Parlamento, en respuesta a la abrumadora mayor\u00eda que en las encuestas exigen acuerdos entre los dos grandes partidos.<\/div>\n<div style=\"font-family: Arial, Helvetica, Garuda, sans-serif; font-size: 14px; line-height: 20px; margin-bottom: 15px; text-align: justify;\">Hoy mismo los portavoces de los grupos del Congreso se reunir\u00e1n con los del PP y PSOE,&nbsp;<a href=\"http:\/\/elpais.com\/tag\/alfonso_alonso\/a\/\" style=\"border-bottom-color: rgb(255, 77, 0); border-bottom-style: dotted; border-bottom-width: 1px; color: #ff4d00; outline: none; padding: 2px 0px 1px; text-decoration: none;\">Alfonso Alonso<\/a>&nbsp;y<a href=\"http:\/\/elpais.com\/tag\/maria_soraya_rodriguez_ramos\/a\/\" style=\"border-bottom-color: rgb(255, 77, 0); border-bottom-style: dotted; border-bottom-width: 1px; color: #ff4d00; outline: none; padding: 2px 0px 1px; text-decoration: none;\">Soraya Rodr\u00edguez,<\/a>&nbsp;respectivamente, para perfilar el texto que debatir\u00e1n y aprobar\u00e1n en el pleno del d\u00eda 25 de junio, dos d\u00edas antes de la Cumbre Europea que el Gobierno y la oposici\u00f3n consideran fundamental para salir de la crisis. Estar\u00e1n todos, salvo el de IU,&nbsp;<a href=\"http:\/\/elpais.com\/tag\/cayo_lara\/a\/\" style=\"border-bottom-color: rgb(255, 77, 0); border-bottom-style: dotted; border-bottom-width: 1px; color: #ff4d00; outline: none; padding: 2px 0px 1px; text-decoration: none;\">Cayo Lara,<\/a>&nbsp;y casi todos los de Mixto, que se han excluido del acuerdo.<\/div>\n<div style=\"font-family: Arial, Helvetica, Garuda, sans-serif; font-size: 14px; line-height: 20px; margin-bottom: 15px; text-align: justify;\">En principio, CiU, PNV y UPyD est\u00e1n dispuestos a apoyar la iniciativa que se prev\u00e9 presentar antes del viernes para que la califique la mesa del Congreso el pr\u00f3ximo martes y se vote como proposici\u00f3n no de ley en el pleno del 25. Sin embargo, los tres partidos no han ocultado su molestia por la forma en que se elabora la iniciativa. Han pedido participar activamente en su redacci\u00f3n y creen que, en cambio, Gobierno y PSOE cocinan un texto para el que luego solo piden adhesiones.<\/div>\n<div style=\"font-family: Arial, Helvetica, Garuda, sans-serif; font-size: 14px; line-height: 20px; margin-bottom: 15px; text-align: justify;\">Esas objeciones y el avance de discrepancias sobre el fondo hacen que IU y el Mixto se hayan excluido de la reuni\u00f3n. Seg\u00fan Jos\u00e9 Luis Centella (IU), es \u201cel pacto del bipartidismo impuesto por los hombres de negro\u201d.<\/div>\n<div style=\"font-family: Arial, Helvetica, Garuda, sans-serif; font-size: 14px; line-height: 20px; margin-bottom: 15px; text-align: justify;\">El secretario de Estado de la UE,&nbsp;<a href=\"http:\/\/elpais.com\/tag\/inigo_mendez_de_vigo\/a\/\" style=\"border-bottom-color: rgb(255, 77, 0); border-bottom-style: dotted; border-bottom-width: 1px; color: #ff4d00; outline: none; padding: 2px 0px 1px; text-decoration: none;\">\u00cd\u00f1igo M\u00e9ndez de Vigo<\/a>, y el diputado del PSOE&nbsp;<a href=\"http:\/\/elpais.com\/tag\/juan_moscoso\/a\/\" style=\"border-bottom-color: rgb(255, 77, 0); border-bottom-style: dotted; border-bottom-width: 1px; color: #ff4d00; outline: none; padding: 2px 0px 1px; text-decoration: none;\">Juan Mocoso<\/a>&nbsp;han intercambiado ya papeles que remitieron este mi\u00e9rcoles a los grupos para redactar hoy el texto de la proposici\u00f3n no de ley. Habr\u00e1 una apelaci\u00f3n ret\u00f3rica a la necesidad de incrementar la integraci\u00f3n europea y a c\u00f3mo las soluciones para la crisis deben venir desde Bruselas. Parte de la discusi\u00f3n es c\u00f3mo hacer referencia a las reformas o recortes que ya se han realizado en Espa\u00f1a y que deber\u00edan tener un reconocimiento en la UE en forma de medidas de est\u00edmulo de la econom\u00eda. Sobre medidas concretas, se hablar\u00e1 de las tres que est\u00e1n previstas en el orden del d\u00eda del Consejo Europeo: el impulso de la uni\u00f3n bancaria, medidas en favor de las peque\u00f1as y medianas empresas y un plan de empleo juvenil.<\/div>\n<div style=\"font-family: Arial, Helvetica, Garuda, sans-serif; font-size: 14px; line-height: 20px; margin-bottom: 15px; text-align: justify;\">Los dos parten del diagn\u00f3stico com\u00fan de que hay un cambio en Europa desde la estricta pol\u00edtica de austeridad a la de ayuda al crecimiento y una exigencia de incrementar y acelerar los ritmos.<\/div>\n<div style=\"font-family: Arial, Helvetica, Garuda, sans-serif; font-size: 14px; line-height: 20px; margin-bottom: 15px; text-align: justify;\">\u201cEl Consejo Europeo aprob\u00f3 el pacto por el crecimiento y el empleo. En este a\u00f1o no ha habido crecimiento sino recesi\u00f3n, no ha habido empleo sino desempleo, y seguramente esa es la raz\u00f3n por la que la derecha europea ha empezado a cambiar su pol\u00edtica econ\u00f3mica\u201d, le dijo Rubalcaba a Rajoy en el pleno.<\/div>\n<div style=\"font-family: Arial, Helvetica, Garuda, sans-serif; font-size: 14px; line-height: 20px; margin-bottom: 15px; text-align: justify;\">\u201cHoy, el m\u00e1s importante, como usted dec\u00eda, es el crecimiento econ\u00f3mico y resolver los problemas de empleo juvenil y cr\u00e9dito para las peque\u00f1as y medianas empresas\u201d, respondi\u00f3 el presidente del Ejecutivo.<\/div>\n<div style=\"font-family: Arial, Helvetica, Garuda, sans-serif; font-size: 14px; line-height: 20px; margin-bottom: 15px; text-align: justify;\"><b style=\"color: blue; font-size: 12px; line-height: 19px; text-align: -webkit-auto;\">El Pa\u00eds. 12\/06\/2013<\/b><\/div>\n<\/div>\n<\/div>\n","protected":false},"excerpt":{"rendered":"<p>CiU, PNV y UPyD son proclives al acuerdo, aunque critican c\u00f3mo se negocia El presidente&#8230;<\/p>\n","protected":false},"author":2,"featured_media":0,"comment_status":"open","ping_status":"open","sticky":false,"template":"","format":"standard","meta":{"ngg_post_thumbnail":0,"footnotes":""},"categories":[1],"tags":[],"class_list":["post-305","post","type-post","status-publish","format-standard","hentry","category-hemeroteca"],"_links":{"self":[{"href":"https:\/\/aedecanarias.eu\/index.php?rest_route=\/wp\/v2\/posts\/305","targetHints":{"allow":["GET"]}}],"collection":[{"href":"https:\/\/aedecanarias.eu\/index.php?rest_route=\/wp\/v2\/posts"}],"about":[{"href":"https:\/\/aedecanarias.eu\/index.php?rest_route=\/wp\/v2\/types\/post"}],"author":[{"embeddable":true,"href":"https:\/\/aedecanarias.eu\/index.php?rest_route=\/wp\/v2\/users\/2"}],"replies":[{"embeddable":true,"href":"https:\/\/aedecanarias.eu\/index.php?rest_route=%2Fwp%2Fv2%2Fcomments&post=305"}],"version-history":[{"count":0,"href":"https:\/\/aedecanarias.eu\/index.php?rest_route=\/wp\/v2\/posts\/305\/revisions"}],"wp:attachment":[{"href":"https:\/\/aedecanarias.eu\/index.php?rest_route=%2Fwp%2Fv2%2Fmedia&parent=305"}],"wp:term":[{"taxonomy":"category","embeddable":true,"href":"https:\/\/aedecanarias.eu\/index.php?rest_route=%2Fwp%2Fv2%2Fcategories&post=305"},{"taxonomy":"post_tag","embeddable":true,"href":"https:\/\/aedecanarias.eu\/index.php?rest_route=%2Fwp%2Fv2%2Ftags&post=305"}],"curies":[{"name":"wp","href":"https:\/\/api.w.org\/{rel}","templated":true}]}}