{"id":303,"date":"2013-06-18T21:55:00","date_gmt":"2013-06-18T21:55:00","guid":{"rendered":"https:\/\/aedecanarias.eu\/el-pe-aprueba-nuevas-normas-sobre-etiquetado-y-composicion-de-alimentos-infantiles"},"modified":"2013-06-18T21:55:00","modified_gmt":"2013-06-18T21:55:00","slug":"el-pe-aprueba-nuevas-normas-sobre-etiquetado-y-composicion-de-alimentos-infantiles","status":"publish","type":"post","link":"https:\/\/aedecanarias.eu\/?p=303","title":{"rendered":"El PE aprueba nuevas normas sobre etiquetado y composici\u00f3n de alimentos infantiles"},"content":{"rendered":"\n<div class=\"twitter-share\"><a href=\"https:\/\/twitter.com\/intent\/tweet?via=aedecanarias\" class=\"twitter-share-button\" data-size=\"large\">Twittear<\/a><\/div>\n<p><\/p>\n<div style=\"clear: both; text-align: center;\"><\/div>\n<div style=\"clear: both; text-align: center;\"><a href=\"http:\/\/1.bp.blogspot.com\/-qAKcBCQIKdE\/UcDWyTbTKFI\/AAAAAAAAAJI\/mlKs-CmtcqU\/s1600\/20130607PHT11348_original.jpg\" style=\"margin-left: 1em; margin-right: 1em;\"><img loading=\"lazy\" decoding=\"async\" border=\"0\" height=\"200\" src=\"http:\/\/1.bp.blogspot.com\/-qAKcBCQIKdE\/UcDWyTbTKFI\/AAAAAAAAAJI\/mlKs-CmtcqU\/s200\/20130607PHT11348_original.jpg\" width=\"150\" \/><\/a><\/div>\n<div style=\"background-color: white; border: 0px; color: #363636; font-family: Arial, Helvetica, sans-serif; font-size: 14px; line-height: 23px; padding: 0px; position: relative; vertical-align: baseline;\"><strong style=\"border: 0px; font-family: inherit; font-style: inherit; margin: 0px; outline: 0px; padding: 0px; vertical-align: baseline;\">La Euroc\u00e1mara ha aprobado el 11 de junio una nueva normativa sobre el etiquetado y la composici\u00f3n de las leches para beb\u00e9s y los alimentos diet\u00e9ticos y de uso m\u00e9dico. El objetivo de esta normativa es reforzar la protecci\u00f3n de los consumidores y facilitar la distinci\u00f3n entre los alimentos de consumo generalizado y aquellos para grupos espec\u00edficos. Seg\u00fan la nueva legislaci\u00f3n, pactada por representantes del Parlamento y del Consejo, los preparados para lactantes no podr\u00e1n incluir im\u00e1genes de ni\u00f1os.<\/strong><\/div>\n<p><a name='more'><\/a><br style=\"background-color: white; color: #363636; font-family: Arial, Helvetica, sans-serif; font-size: 14px; line-height: 23px;\" \/><\/p>\n<div style=\"background-color: white; border: 0px; color: #363636; font-family: Arial, Helvetica, sans-serif; font-size: 14px; line-height: 23px; padding: 0px; position: relative; vertical-align: baseline;\">El nuevo texto incluye una lista detallada de sustancias que pueden a\u00f1adirse a estos productos, como vitaminas y minerales.La nueva legislaci\u00f3n, aprobada en una votaci\u00f3n a mano alzada, simplifica y clarifica las normas sobre el etiquetado y la composici\u00f3n de los preparados para lactantes y de la leche de continuaci\u00f3n (para beb\u00e9s de entre seis y diez meses), alimentos procesados a base de cereal, y aquellos de uso m\u00e9dico, as\u00ed como los sustitutivos de la dieta completa para el control del peso.<\/div>\n<p><br style=\"background-color: white; color: #363636; font-family: Arial, Helvetica, sans-serif; font-size: 14px; line-height: 23px;\" \/><br style=\"background-color: white; color: #363636; font-family: Arial, Helvetica, sans-serif; font-size: 14px; line-height: 23px;\" \/><\/p>\n<div style=\"background-color: white; border: 0px; color: #363636; font-family: Arial, Helvetica, sans-serif; font-size: 14px; line-height: 23px; padding: 0px; position: relative; vertical-align: baseline;\">La ponente de este asunto, la liberal belga Fr\u00e9d\u00e9rique Ries, ha declarado despu\u00e9s del voto que \u00bb los ni\u00f1os, los j\u00f3venes y los enfermos tienen necesidades espec\u00edficas y nuestra obligaci\u00f3n como legisladores es ser estrictos con las normas que rigen el etiquetado y la composici\u00f3n de los preparados alimenticios especiales\u00bb. Adem\u00e1s, ha a\u00f1adido que \u00abes importante establecer un orden en esta jungla que es el mercado de la alimentaci\u00f3n. Es necesario acabar con el concepto de alimentos diet\u00e9ticos, cuyo significado queda deformado continuamente por las estrategias de marketing\u00bb.<\/div>\n<p><br style=\"background-color: white; color: #363636; font-family: Arial, Helvetica, sans-serif; font-size: 14px; line-height: 23px;\" \/><\/p>\n<div style=\"background-color: white; border: 0px; color: #363636; font-family: Arial, Helvetica, sans-serif; font-size: 14px; line-height: 23px; padding: 0px; position: relative; vertical-align: baseline;\"><strong style=\"border: 0px; font-family: inherit; font-style: inherit; margin: 0px; outline: 0px; padding: 0px; vertical-align: baseline;\">Leches infantiles<\/strong><\/div>\n<p><br style=\"background-color: white; color: #363636; font-family: Arial, Helvetica, sans-serif; font-size: 14px; line-height: 23px;\" \/><\/p>\n<div style=\"background-color: white; border: 0px; color: #363636; font-family: Arial, Helvetica, sans-serif; font-size: 14px; line-height: 23px; padding: 0px; position: relative; vertical-align: baseline;\">El etiquetado y la publicidad de los preparados para lactantes, as\u00ed como el etiquetado de la leche de continuaci\u00f3n, no podr\u00e1n incluir fotograf\u00edas de ni\u00f1os, u otras im\u00e1genes o textos, con el fin de fomentar la alimentaci\u00f3n con leche materna en los primeros meses de vida y evitar una versi\u00f3n idealizada de estos productos. No obstante, s\u00ed se permitir\u00e1n las ilustraciones explicativas sobre la preparaci\u00f3n de estos productos.<\/div>\n<p><br style=\"background-color: white; color: #363636; font-family: Arial, Helvetica, sans-serif; font-size: 14px; line-height: 23px;\" \/><\/p>\n<div style=\"background-color: white; border: 0px; color: #363636; font-family: Arial, Helvetica, sans-serif; font-size: 14px; line-height: 23px; padding: 0px; position: relative; vertical-align: baseline;\">Seg\u00fan la nueva norma, la Comisi\u00f3n evaluar\u00e1 si los productos que favorecen el crecimiento realmente tienen los beneficios nutricionales que se les atribuyen. Adem\u00e1s, estudiar\u00e1 la necesidad de presentar legislaci\u00f3n espec\u00edfica sobre los alimentos especiales para deportistas.<\/div>\n","protected":false},"excerpt":{"rendered":"<p>La Euroc\u00e1mara ha aprobado el 11 de junio una nueva normativa sobre el etiquetado y&#8230;<\/p>\n","protected":false},"author":2,"featured_media":0,"comment_status":"open","ping_status":"open","sticky":false,"template":"","format":"standard","meta":{"ngg_post_thumbnail":0,"footnotes":""},"categories":[1],"tags":[],"class_list":["post-303","post","type-post","status-publish","format-standard","hentry","category-hemeroteca"],"_links":{"self":[{"href":"https:\/\/aedecanarias.eu\/index.php?rest_route=\/wp\/v2\/posts\/303","targetHints":{"allow":["GET"]}}],"collection":[{"href":"https:\/\/aedecanarias.eu\/index.php?rest_route=\/wp\/v2\/posts"}],"about":[{"href":"https:\/\/aedecanarias.eu\/index.php?rest_route=\/wp\/v2\/types\/post"}],"author":[{"embeddable":true,"href":"https:\/\/aedecanarias.eu\/index.php?rest_route=\/wp\/v2\/users\/2"}],"replies":[{"embeddable":true,"href":"https:\/\/aedecanarias.eu\/index.php?rest_route=%2Fwp%2Fv2%2Fcomments&post=303"}],"version-history":[{"count":0,"href":"https:\/\/aedecanarias.eu\/index.php?rest_route=\/wp\/v2\/posts\/303\/revisions"}],"wp:attachment":[{"href":"https:\/\/aedecanarias.eu\/index.php?rest_route=%2Fwp%2Fv2%2Fmedia&parent=303"}],"wp:term":[{"taxonomy":"category","embeddable":true,"href":"https:\/\/aedecanarias.eu\/index.php?rest_route=%2Fwp%2Fv2%2Fcategories&post=303"},{"taxonomy":"post_tag","embeddable":true,"href":"https:\/\/aedecanarias.eu\/index.php?rest_route=%2Fwp%2Fv2%2Ftags&post=303"}],"curies":[{"name":"wp","href":"https:\/\/api.w.org\/{rel}","templated":true}]}}