{"id":3029,"date":"2022-09-20T16:49:32","date_gmt":"2022-09-20T15:49:32","guid":{"rendered":"https:\/\/aedecanarias.eu\/?p=3029"},"modified":"2022-09-20T16:52:12","modified_gmt":"2022-09-20T15:52:12","slug":"hungria-ya-no-puede-considerarse-una-democracia-plena-segun-el-parlamento","status":"publish","type":"post","link":"https:\/\/aedecanarias.eu\/?p=3029","title":{"rendered":"Hungr\u00eda ya no puede considerarse una democracia plena, seg\u00fan el Parlamento"},"content":{"rendered":"\n<div class=\"twitter-share\"><a href=\"https:\/\/twitter.com\/intent\/tweet?via=aedecanarias\" class=\"twitter-share-button\" data-size=\"large\">Twittear<\/a><\/div>\n\n<ul class=\"wp-block-list\"><li>La situaci\u00f3n se ha deteriorado tanto que Hungr\u00eda se ha convertido en una \u00abautocracia electoral\u00bb<\/li><li>La inacci\u00f3n de la UE ha exacerbado el retroceso; Hungr\u00eda no debe recibir fondos de recuperaci\u00f3n si no cumple las recomendaciones de la UE y sentencias judiciales<\/li><li>Si el Consejo sigue sin avanzar en el procedimiento bajo el Art\u00edculo 7 estar\u00e1 vulnerando la legislaci\u00f3n sobre Estado de derecho<\/li><\/ul>\n\n\n\n<p>El Parlamento condena los \u00abesfuerzos deliberados y sist\u00e9micos del Gobierno h\u00fangaro\u00bb para socavar los valores comunes europeos y reclama resultados en el procedimiento del Art\u00edculo 7.<\/p>\n\n\n\n<p>La falta de una acci\u00f3n decidida por parte de la UE ha contribuido, seg\u00fan los eurodiputados, a la aparici\u00f3n de un \u00abr\u00e9gimen h\u00edbrido de autocracia electoral\u00bb, es decir un sistema constitucional en el que se celebran elecciones, pero que no respeta las normas y est\u00e1ndares democr\u00e1ticos.<\/p>\n\n\n\n<p>El informe aprobado el jueves, con 433 votos a favor, 123 en contra y 28 abstenciones, usa como base el&nbsp;<a href=\"https:\/\/www.europarl.europa.eu\/doceo\/document\/TA-8-2018-0340_ES.html\" target=\"_blank\" rel=\"noreferrer noopener\">adoptado por la C\u00e1mara en 2018<\/a>&nbsp;que supuso la activaci\u00f3n del procedimiento bajo el Art\u00edculo 7 para evaluar la evoluci\u00f3n en los&nbsp;<a href=\"https:\/\/www.europarl.europa.eu\/news\/es\/press-room\/20180906IPR12104\/estado-de-derecho-en-hungria-el-parlamento-pide-a-la-ue-que-actue\" target=\"_blank\" rel=\"noreferrer noopener\">doce \u00e1mbitos que m\u00e1s preocupan a los eurodiputados<\/a>. As\u00ed, demuestra c\u00f3mo los valores recogidos en el&nbsp;<a href=\"https:\/\/eur-lex.europa.eu\/legal-content\/ES\/TXT\/?uri=CELEX:12012M002\" target=\"_blank\" rel=\"noreferrer noopener\">Art\u00edculo 2 del Tratado<\/a>, incluidos la democracia y los derechos fundamentales, han empeorado en los \u00faltimos cuatro a\u00f1os, debido a los \u00abesfuerzos deliberados y sist\u00e9micos del Gobierno h\u00fangaro\u00bb, y la situaci\u00f3n se ha agravado por la inacci\u00f3n de la UE.<\/p>\n\n\n\n<p><strong>Las instituciones de la UE deben actuar y tambi\u00e9n han de rendir cuentas<\/strong><\/p>\n\n\n\n<p>El Parlamento lamenta la incapacidad del Consejo para frenar el retroceso democr\u00e1tico. Los eurodiputados enfatizan que el&nbsp;<a href=\"https:\/\/eur-lex.europa.eu\/legal-content\/ES\/TXT\/?uri=CELEX:12012M007\" target=\"_blank\" rel=\"noreferrer noopener\">Art\u00edculo 7(1)<\/a>&nbsp;no requiere unanimidad entre los Estados miembros para identificar un riesgo claro de violaci\u00f3n grave de los valores comunes, ni tampoco conlleva emitir recomendaciones ni plazos. Se\u00f1alan que continuar retrasando la adopci\u00f3n de pasos adicionales en el Art\u00edculo 7 para proteger los valores de la UE en Hungr\u00eda supondr\u00eda una vulneraci\u00f3n del principio del Estado de derecho por el propio Consejo.<\/p>\n\n\n\n<p>El pleno insta a la Comisi\u00f3n a utilizar todas las herramientas a su disposici\u00f3n y, en particular, el&nbsp;<a href=\"https:\/\/www.europarl.europa.eu\/news\/en\/press-room\/20220304IPR24802\/rule-of-law-conditionality-commission-must-immediately-initiate-proceedings\" target=\"_blank\" rel=\"noreferrer noopener\">reglamento sobre condicionalidad del presupuesto<\/a>. En un momento en que los valores de la UE est\u00e1n especialmente amenazados por la guerra de Rusia contra Ucrania y las acciones de Mosc\u00fa contra la Uni\u00f3n, tambi\u00e9n pide a la Comisi\u00f3n:<\/p>\n\n\n\n<ul class=\"wp-block-list\"><li><a href=\"https:\/\/www.europarl.europa.eu\/news\/en\/press-room\/20211001IPR14015\/hungary-and-poland-plans-should-be-approved-only-if-concerns-are-addressed\" target=\"_blank\" rel=\"noreferrer noopener\">no aprobar el plan de recuperaci\u00f3n de Hungr\u00eda<\/a>&nbsp;hasta que el pa\u00eds cumpla plenamente todas las recomendaciones del Semestre Europeo y aplique todas las sentencias relevantes del Tribunal de Justicia de la UE y del Tribunal de Derechos Humanos.<\/li><li>excluir de financiaci\u00f3n los programas de cohesi\u00f3n que contribuyan al mal uso de los fondos de la UE o a vulneraciones del Estado de derecho, y<\/li><li>aplicar el Reglamento de Disposiciones Comunes y el Reglamento Financiero de manera m\u00e1s rigurosa para evitar un uso indebido de los fondos comunitarios por razones pol\u00edticas.<\/li><\/ul>\n\n\n\n<p><strong>Independencia de la judicatura, corrupci\u00f3n y libertades fundamentales, entre las mayores inquietudes del PE<\/strong><\/p>\n\n\n\n<p>Cuatro a\u00f1os despu\u00e9s del informe que dio inicio al procedimiento por el Art\u00edculo 7, los eurodiputados siguen preocupados sobre numerosas cuestiones relativas a la democracia y los derechos fundamentales en Hungr\u00eda. Entre las principales \u00e1reas que generan inquietud figuran el funcionamiento de los sistemas constitucional y electoral, la independencia de la judicatura, la corrupci\u00f3n y los conflictos de inter\u00e9s y la libertad de expresi\u00f3n, incluido el pluralismo informativo. La libertad acad\u00e9mica, de religi\u00f3n y de asociaci\u00f3n, el derecho a la igualdad de trato, incluidos los derechos de las personas LGBTIQ, los derechos de las minor\u00edas, as\u00ed como los de los migrantes, solicitantes de asilo y refugiados, tambi\u00e9n son \u00e1reas problem\u00e1ticas.<\/p>\n\n\n\n<p><strong>Declaraci\u00f3n de la ponente<\/strong><\/p>\n\n\n\n<p><a rel=\"noreferrer noopener\" href=\"https:\/\/www.europarl.europa.eu\/meps\/en\/197531\/GWENDOLINE_DELBOS-CORFIELD\/home#detailedcardmep\" target=\"_blank\">Gwendoline Delbos-Corfield (Greens\/EFA, Francia)<\/a>, ponente del Parlamento sobre la situaci\u00f3n en Hungr\u00eda, se\u00f1al\u00f3: \u00abLas conclusiones de este informe son claras e irrevocables: Hungr\u00eda no es una democracia. Era m\u00e1s urgente que nunca para el Parlamento adoptar esta posici\u00f3n, dado el ritmo alarmante al que se deteriora el Estado de derecho en Hungr\u00eda. Adem\u00e1s de constatar la estrategia hacia la autocracia de Fidesz, la gran mayor\u00eda de eurodiputados que apoya esta posici\u00f3n no tiene precedentes. Esto debe servir de llamada de atenci\u00f3n para el Consejo y la Comisi\u00f3n\u00bb.<\/p>\n\n\n\n<p>Informaci\u00f3n: Parlamento Europeo.<\/p>\n","protected":false},"excerpt":{"rendered":"<p>La situaci\u00f3n se ha deteriorado tanto que Hungr\u00eda se ha convertido en una \u00abautocracia electoral\u00bb&#8230;<\/p>\n","protected":false},"author":3,"featured_media":3030,"comment_status":"closed","ping_status":"closed","sticky":false,"template":"","format":"standard","meta":{"ngg_post_thumbnail":0,"footnotes":""},"categories":[8],"tags":[],"class_list":["post-3029","post","type-post","status-publish","format-standard","has-post-thumbnail","hentry","category-espana"],"_links":{"self":[{"href":"https:\/\/aedecanarias.eu\/index.php?rest_route=\/wp\/v2\/posts\/3029","targetHints":{"allow":["GET"]}}],"collection":[{"href":"https:\/\/aedecanarias.eu\/index.php?rest_route=\/wp\/v2\/posts"}],"about":[{"href":"https:\/\/aedecanarias.eu\/index.php?rest_route=\/wp\/v2\/types\/post"}],"author":[{"embeddable":true,"href":"https:\/\/aedecanarias.eu\/index.php?rest_route=\/wp\/v2\/users\/3"}],"replies":[{"embeddable":true,"href":"https:\/\/aedecanarias.eu\/index.php?rest_route=%2Fwp%2Fv2%2Fcomments&post=3029"}],"version-history":[{"count":2,"href":"https:\/\/aedecanarias.eu\/index.php?rest_route=\/wp\/v2\/posts\/3029\/revisions"}],"predecessor-version":[{"id":3034,"href":"https:\/\/aedecanarias.eu\/index.php?rest_route=\/wp\/v2\/posts\/3029\/revisions\/3034"}],"wp:featuredmedia":[{"embeddable":true,"href":"https:\/\/aedecanarias.eu\/index.php?rest_route=\/wp\/v2\/media\/3030"}],"wp:attachment":[{"href":"https:\/\/aedecanarias.eu\/index.php?rest_route=%2Fwp%2Fv2%2Fmedia&parent=3029"}],"wp:term":[{"taxonomy":"category","embeddable":true,"href":"https:\/\/aedecanarias.eu\/index.php?rest_route=%2Fwp%2Fv2%2Fcategories&post=3029"},{"taxonomy":"post_tag","embeddable":true,"href":"https:\/\/aedecanarias.eu\/index.php?rest_route=%2Fwp%2Fv2%2Ftags&post=3029"}],"curies":[{"name":"wp","href":"https:\/\/api.w.org\/{rel}","templated":true}]}}