{"id":3017,"date":"2022-07-15T00:27:51","date_gmt":"2022-07-14T23:27:51","guid":{"rendered":"https:\/\/aedecanarias.eu\/?p=3017"},"modified":"2022-07-15T00:29:25","modified_gmt":"2022-07-14T23:29:25","slug":"el-gobierno-espanol-dara-una-ayuda-extra-de-100-euros-mensuales-a-los-estudiantes-con-beca","status":"publish","type":"post","link":"https:\/\/aedecanarias.eu\/?p=3017","title":{"rendered":"El Gobierno espa\u00f1ol dar\u00e1 una ayuda extra de 100 euros mensuales a los estudiantes con beca"},"content":{"rendered":"\n<div class=\"twitter-share\"><a href=\"https:\/\/twitter.com\/intent\/tweet?via=aedecanarias\" class=\"twitter-share-button\" data-size=\"large\">Twittear<\/a><\/div>\n\n<p>Los alumnos y alumnas que obtengan una beca para cursar sus estudios el pr\u00f3ximo curso 2022-2023 recibir\u00e1n una ayuda complementaria de 100 euros mensuales. <\/p>\n\n\n\n<p>Para ello, el Gobierno incrementar\u00e1 en 400 millones de euros el presupuesto destinado a becas en 2022, tal y como ha anunciado el presidente Pedro S\u00e1nchez en el debate sobre el estado de la naci\u00f3n.<\/p>\n\n\n\n<p>\u00abEl objetivo de esta nueva ayuda es el de seguir aumentando las cuant\u00edas para mejorar la equidad e inclusividad de nuestro sistema y para evitar que ning\u00fan alumno abandone sus estudios por razones econ\u00f3micas\u00bb, ha explicado el presidente del Gobierno. \u00abNadie tiene que dejar sus estudios por problemas econ\u00f3micos en nuestro pa\u00eds\u00bb, ha a\u00f1adido.<\/p>\n\n\n\n<p>Las ayudas ir\u00e1n a parar a j\u00f3venes estudiantes de Bachillerato, Formaci\u00f3n Profesional y universitarios, que se prev\u00e9 que alcancen el mill\u00f3n el pr\u00f3ximo curso. De hecho, esta convocatoria ha batido el r\u00e9cord de solicitudes con m\u00e1s de 1,36 millones, 136.000 m\u00e1s que en la anterior. Para cubrir estas necesidades, el Gobierno ha destinado este a\u00f1o 2.134 millones de euros a las becas -tambi\u00e9n cifra r\u00e9cord- a los que habr\u00e1 que sumar los 400 millones anunciados hoy.<\/p>\n\n\n\n<p>Este incremento presupuestario de m\u00e1s del 45% en los \u00faltimos cuatro a\u00f1os responde a la apuesta del Gobierno por mejorar la equidad del sistema educativo, proteger el derecho a la educaci\u00f3n de todos y garantizar que las becas llegan a las familias y los estudiantes que las necesitan.<\/p>\n\n\n\n<p><strong>Programaci\u00f3n en las escuelas a partir del pr\u00f3ximo curso<\/strong><\/p>\n\n\n\n<p>Durante su intervenci\u00f3n en el Congreso, el presidente del Gobierno ha anunciado la puesta en marcha de un plan para reforzar la competencia digital de los alumnos y alumnas de Infantil, Primaria y ESO, que comenzar\u00e1 a implantarse en el curso 2022-2023. El objetivo es que todos los estudiantes \u00abaprendan los conceptos b\u00e1sicos de la programaci\u00f3n inform\u00e1tica y del pensamiento computacional, en l\u00ednea con lo que se est\u00e1 realizando en muchos de los pa\u00edses de nuestro entorno\u00bb, ha se\u00f1alado Pedro S\u00e1nchez.<\/p>\n\n\n\n<p>El Plan C\u00f3digo Escuela 4.0, que supondr\u00e1 una inversi\u00f3n de 356 millones de euros en los pr\u00f3ximos dos a\u00f1os, va dirigido a los cerca de 5.900.000 alumnos y alumnas de Infantil (segundo ciclo), Primaria y Secundaria de los centros sostenidos por fondos p\u00fablicos.<\/p>\n\n\n\n<p>Entre las actuaciones que incluye el plan est\u00e1 la formaci\u00f3n de los docentes, mediante programas espec\u00edficos y la introducci\u00f3n en los Grados de Magisterio de contenidos de programaci\u00f3n, pensamiento computacional y rob\u00f3tica. Este objetivo forma parte tambi\u00e9n del Plan de Recuperaci\u00f3n, Transformaci\u00f3n y Resiliencia y prev\u00e9 la formaci\u00f3n de 567.000 profesores de aqu\u00ed a 2024, para lo cual se van a invertir 284,7 millones de euros.<\/p>\n\n\n\n<p>Este plan incluye adem\u00e1s la creaci\u00f3n de la figura del auxiliar de programaci\u00f3n, que asistir\u00e1 a los profesores en clase hasta que estos se hayan formado adecuadamente. Tambi\u00e9n se les dotar\u00e1 del equipamiento necesario y se desarrollar\u00e1n materiales did\u00e1cticos, gu\u00edas y recursos educativos espec\u00edficos.<\/p>\n\n\n\n<p>El Instituto Nacional de Tecnolog\u00edas Educativas y Formaci\u00f3n del Profesorado (INTEF), dependiente del Ministerio de Educaci\u00f3n y Formaci\u00f3n Profesional, gestionar\u00e1 el proyecto en colaboraci\u00f3n con las comunidades aut\u00f3nomas.<\/p>\n","protected":false},"excerpt":{"rendered":"<p>Los alumnos y alumnas que obtengan una beca para cursar sus estudios el pr\u00f3ximo curso&#8230;<\/p>\n","protected":false},"author":1,"featured_media":3021,"comment_status":"closed","ping_status":"closed","sticky":false,"template":"","format":"standard","meta":{"ngg_post_thumbnail":0,"footnotes":""},"categories":[8],"tags":[],"class_list":["post-3017","post","type-post","status-publish","format-standard","has-post-thumbnail","hentry","category-espana"],"_links":{"self":[{"href":"https:\/\/aedecanarias.eu\/index.php?rest_route=\/wp\/v2\/posts\/3017","targetHints":{"allow":["GET"]}}],"collection":[{"href":"https:\/\/aedecanarias.eu\/index.php?rest_route=\/wp\/v2\/posts"}],"about":[{"href":"https:\/\/aedecanarias.eu\/index.php?rest_route=\/wp\/v2\/types\/post"}],"author":[{"embeddable":true,"href":"https:\/\/aedecanarias.eu\/index.php?rest_route=\/wp\/v2\/users\/1"}],"replies":[{"embeddable":true,"href":"https:\/\/aedecanarias.eu\/index.php?rest_route=%2Fwp%2Fv2%2Fcomments&post=3017"}],"version-history":[{"count":5,"href":"https:\/\/aedecanarias.eu\/index.php?rest_route=\/wp\/v2\/posts\/3017\/revisions"}],"predecessor-version":[{"id":3023,"href":"https:\/\/aedecanarias.eu\/index.php?rest_route=\/wp\/v2\/posts\/3017\/revisions\/3023"}],"wp:featuredmedia":[{"embeddable":true,"href":"https:\/\/aedecanarias.eu\/index.php?rest_route=\/wp\/v2\/media\/3021"}],"wp:attachment":[{"href":"https:\/\/aedecanarias.eu\/index.php?rest_route=%2Fwp%2Fv2%2Fmedia&parent=3017"}],"wp:term":[{"taxonomy":"category","embeddable":true,"href":"https:\/\/aedecanarias.eu\/index.php?rest_route=%2Fwp%2Fv2%2Fcategories&post=3017"},{"taxonomy":"post_tag","embeddable":true,"href":"https:\/\/aedecanarias.eu\/index.php?rest_route=%2Fwp%2Fv2%2Ftags&post=3017"}],"curies":[{"name":"wp","href":"https:\/\/api.w.org\/{rel}","templated":true}]}}