{"id":301,"date":"2013-06-19T20:00:00","date_gmt":"2013-06-19T20:00:00","guid":{"rendered":"https:\/\/aedecanarias.eu\/wert-acepta-revisar-el-decreto-que-endurece-el-acceso-a-las-becas"},"modified":"2013-06-19T20:00:00","modified_gmt":"2013-06-19T20:00:00","slug":"wert-acepta-revisar-el-decreto-que-endurece-el-acceso-a-las-becas","status":"publish","type":"post","link":"https:\/\/aedecanarias.eu\/?p=301","title":{"rendered":"Wert acepta revisar el decreto que endurece el acceso a las becas"},"content":{"rendered":"\n<div class=\"twitter-share\"><a href=\"https:\/\/twitter.com\/intent\/tweet?via=aedecanarias\" class=\"twitter-share-button\" data-size=\"large\">Twittear<\/a><\/div>\n<p><\/p>\n<div style=\"background-color: white;\">\n<div>\n<div style=\"clear: both; text-align: center;\"><a href=\"http:\/\/1.bp.blogspot.com\/-W0WCz5EU7IM\/UcIM9akqDeI\/AAAAAAAAAJo\/RtlbsGFPBRM\/s1600\/1371653741_669717_1371668159_noticia_normal.jpg\" style=\"clear: left; float: left; margin-bottom: 1em; margin-right: 1em;\"><img loading=\"lazy\" decoding=\"async\" border=\"0\" height=\"171\" src=\"http:\/\/1.bp.blogspot.com\/-W0WCz5EU7IM\/UcIM9akqDeI\/AAAAAAAAAJo\/RtlbsGFPBRM\/s320\/1371653741_669717_1371668159_noticia_normal.jpg\" width=\"320\" \/><\/a><\/div>\n<h1 style=\"font-family: Georgia, 'Times New Roman', Times, serif; font-size: 32px; font-weight: normal; letter-spacing: -1px; line-height: 41px; margin: -3px 0px 10px;\"><\/h1>\n<div>\n<h2 style=\"background-color: transparent; background-image: url(http:\/\/ep01.epimg.net\/iconos\/v1.x\/v1.0\/varios\/cuadrado_subtitulo.png); background-position: 0px 7px; background-repeat: no-repeat no-repeat; color: #333333; font-family: Arial, Helvetica, Garuda, sans-serif; font-size: 12px; font-weight: normal; line-height: 19px; margin: 0px 0px 1px 15px; padding: 0px 0px 0px 13px;\">La presi\u00f3n de las autonom\u00edas consigue que Educaci\u00f3n se replantee el nuevo sistema de ayudas acad\u00e9micas<\/h2>\n<\/div>\n<\/div>\n<div style=\"margin: 0px 0px 0px 15px;\"><\/div>\n<\/div>\n<div style=\"background-color: white; border-bottom-color: rgb(221, 221, 221); border-bottom-style: solid; border-bottom-width: 1px; border-top-color: rgb(221, 221, 221); border-top-style: solid; border-top-width: 1px; color: #757575; font-family: Tahoma, Arial, Helvetica, Garuda, sans-serif; font-size: 11px; line-height: 18px; margin: 15px 0px 0px; padding: 4px 0px 3px 5px;\">\n<div style=\"clear: both; text-align: center;\"><\/div>\n<p><span style=\"color: black; float: left; font-weight: bold; width: 500px;\"><span style=\"border-right-color: rgb(117, 117, 117); border-right-style: solid; border-right-width: 1px; margin: 0px 5px 0px 0px; padding: 0px 5px 0px 0px; text-transform: uppercase;\">EL PA\u00cdS.-&nbsp;<a href=\"http:\/\/sociedad.elpais.com\/autor\/elisa_silio\/a\/\" rel=\"author\" style=\"border-bottom-color: rgb(102, 102, 102); border-bottom-style: dotted; border-bottom-width: 1px; color: black; outline: none; text-decoration: none;\" title=\"Ver todas las noticias de Elisa Sili\u00f3\">ELISA SILI\u00d3<\/a>&nbsp;<\/span><span style=\"border-left-width: 0px; border-right-color: rgb(117, 117, 117); border-right-style: solid; border-right-width: 1px; margin: 0px 5px 0px 0px; padding: 0px 5px 0px 0px;\">Madrid&nbsp;<\/span><a href=\"http:\/\/sociedad.elpais.com\/tag\/fecha\/20130619\" style=\"color: black; font-family: Arial, Helvetica, Garuda, sans-serif; font-weight: normal; outline: none; text-decoration: none;\" title=\"Ver todas las noticias de esta fecha\"><span style=\"color: black; font-family: Arial, Helvetica, Garuda, sans-serif; font-weight: normal; outline: none; text-decoration: none;\"><span style=\"font-weight: normal;\">19 JUN 2013 &#8211; 16:55<\/span><\/span><span style=\"color: black; font-family: Arial, Helvetica, Garuda, sans-serif; font-weight: normal; outline: none; text-decoration: none;\"><span style=\"font-weight: normal;\">&nbsp;<\/span><\/span><abbr style=\"color: black; font-family: Arial, Helvetica, Garuda, sans-serif; font-weight: normal; outline: none; text-decoration: none;\" title=\"Central European Time\">CET<\/abbr><\/a><\/span><span style=\"color: black; float: left; font-weight: bold; text-align: justify; width: 500px;\"><a href=\"http:\/\/elpais.com\/tag\/jose_ignacio_wert\/a\/\" style=\"border-bottom-color: rgb(0, 154, 149); border-bottom-style: dotted; border-bottom-width: 1px; color: #009a95; font-family: Arial, Helvetica, Garuda, sans-serif; font-size: 14px; line-height: 20px; outline: none; padding: 2px 0px 1px; text-decoration: none;\">Ignacio Wert<\/a><span style=\"font-family: Arial, Helvetica, Garuda, sans-serif; font-size: 14px; line-height: 20px;\">, va a reconsiderar el n\u00facleo central del nuevo reglamento de becas. Lo ha decidido tras<\/span><span style=\"font-family: Arial, Helvetica, Garuda, sans-serif; font-size: 14px; line-height: 20px;\">&nbsp;<\/span><a href=\"http:\/\/sociedad.elpais.com\/sociedad\/2013\/06\/18\/actualidad\/1371575379_132740.html\" style=\"border-bottom-color: rgb(0, 154, 149); border-bottom-style: dotted; border-bottom-width: 1px; color: #009a95; font-family: Arial, Helvetica, Garuda, sans-serif; font-size: 14px; line-height: 20px; outline: none; padding: 2px 0px 1px; text-decoration: none;\">las quejas del Consejo Escolar del Estado<\/a><span style=\"font-family: Arial, Helvetica, Garuda, sans-serif; font-size: 14px; line-height: 20px;\">&nbsp;<\/span><span style=\"font-family: Arial, Helvetica, Garuda, sans-serif; font-size: 14px; line-height: 20px;\">y de los propios consejeros populares que le han dado mayoritariamente la espalda, eso s\u00ed disfraz\u00e1ndolo con cantos a la exigencia de excelencia a largo plazo, en la reuni\u00f3n que est\u00e1 teniendo lugar en su ministerio. Todos concluyen que en un contexto de alto paro juvenil y abandono escolar no se puede elevar las exigencias acad\u00e9micas en las ense\u00f1anzas postobligatorias (que se pretende que alcancen hasta el seis en el acceso al bachillerato, al 5,5 en FP y el 6,5 para matricularse en la Universidad) pues fomentan la desigualdad entre los alumnos. \u201cQueremos volver a la casilla de salida. Que un chico sin dinero con un cinco pueda seguir estudiando, como le ocurre al de una familia adinerada\u201d, ha declarado Mar Moreno, consejera andaluza. \u201cLos escasos apoyos y la fuerte contestaci\u00f3n social, el ministro va a revisar los requisitos y se ha comprometido a enviar un nuevo borrador\u201d, ha relatado Moreno. Juan Jos\u00e9 Mateos, de Castilla y Le\u00f3n, no era tan preciso: \u201cNo sabemos en qu\u00e9 consiste la flexibilidad de lo que nos ha dicho\u201d.<\/span><\/span><span style=\"color: black; float: left; font-weight: bold; text-align: justify; width: 500px;\"><span style=\"font-family: Arial, Helvetica, Garuda, sans-serif; font-size: 14px; line-height: 20px;\"><a name='more'><\/a><br \/><\/span><\/span><span style=\"color: black; float: left; font-weight: bold; text-align: justify; width: 500px;\"><\/p>\n<div style=\"font-family: Arial, Helvetica, Garuda, sans-serif; font-size: 14px; font-weight: normal; line-height: 20px; margin-bottom: 15px; text-align: -webkit-auto;\">No han hablado todas las comunidades porque en medio de las intervenciones Wert ha anunciado su predisposici\u00f3n a reconsiderar el decreto. \u201cEra un sentir general. No hace falta que nos repitamos. Somos gente educada\u201d, ha afirmado.<\/div>\n<div style=\"font-family: Arial, Helvetica, Garuda, sans-serif; font-size: 14px; font-weight: normal; line-height: 20px; margin-bottom: 15px; text-align: -webkit-auto;\">Casi todas las comunidades gobernadas por el<a href=\"http:\/\/politica.elpais.com\/tag\/pp_partido_popular\/a\/\" style=\"border-bottom-color: rgb(0, 154, 149); border-bottom-style: dotted; border-bottom-width: 1px; color: #009a95; outline: none; padding: 2px 0px 1px; text-decoration: none;\">Partido Popular<\/a>&nbsp;han cerrado filas en torno al ministro de Educaci\u00f3n, Jos\u00e9 Ignacio Wert, en la reuni\u00f3n sectorial que se ha celebrado en Madrid con todos los consejeros auton\u00f3micos de educaci\u00f3n para debatir el Real Decreto sobre becas para el pr\u00f3ximo curso. Castilla y Le\u00f3n y Extremadura, sin embargo, se han desmarcado de la postura del ministro de su partido y han mostrado su desacuerdo con el sistema propuesto por Wert.<\/div>\n<div style=\"display: inline; float: right; font-family: Times; font-size: medium; font-weight: normal; line-height: normal; margin: 0px 0px 30px 15px; text-align: -webkit-auto; width: 200px;\"><a href=\"http:\/\/aede-canarias.blogspot.com\/\" name=\"sumario_1\" style=\"color: #009a95; outline: none;\"><\/a><\/p>\n<div style=\"font-family: Georgia, 'Times New Roman', Times, serif; font-size: 20px; letter-spacing: -1px; line-height: 28px;\">El Consejo Escolar e incluso consejeros de Educaci\u00f3n de su partido le han dado la espalda<\/div>\n<\/div>\n<div style=\"font-family: Arial, Helvetica, Garuda, sans-serif; font-size: 14px; font-weight: normal; line-height: 20px; margin-bottom: 15px; text-align: -webkit-auto;\">Juan Jos\u00e9 Mateos, consejero de Castilla y Le\u00f3n, ha anunciado esta ma\u00f1ana en rueda de prensa en Valladolid que su regi\u00f3n va a defender que las notas no sean un criterio tan determinante para la concesi\u00f3n de becas, porque podr\u00eda dejar fuera a alumnos con grandes dificultades econ\u00f3micas. De esta forma la Junta pretende \u201cdefender la equidad\u201d aunque se apueste por la excelencia.<\/div>\n<div style=\"font-family: Arial, Helvetica, Garuda, sans-serif; font-size: 14px; font-weight: normal; line-height: 20px; margin-bottom: 15px; text-align: -webkit-auto;\">Extremadura, por su parte, tambi\u00e9n se ha mostrado durante la reuni\u00f3n contraria a la propuesta de Wert. Trinidad Nogales, la consejera de Educaci\u00f3n, ha pedido que se \u00abrebajen las exigencias acad\u00e9micas de forma transitoria\u00bb para conceder una beca, teniendo en cuenta el alto nivel de paro juvenil y de abandono escolar que sufre su regi\u00f3n.<\/div>\n<div style=\"font-family: Arial, Helvetica, Garuda, sans-serif; font-size: 14px; font-weight: normal; line-height: 20px; margin-bottom: 15px; text-align: -webkit-auto;\">La consejera catalana de Educaci\u00f3n,&nbsp;<a href=\"http:\/\/elpais.com\/tag\/irene_rigau_oliver\/a\/\" style=\"border-bottom-color: rgb(0, 154, 149); border-bottom-style: dotted; border-bottom-width: 1px; color: #009a95; outline: none; padding: 2px 0px 1px; text-decoration: none;\">Irene Rigau,<\/a>ha advertido este mi\u00e9rcoles antes de entrar en la reuni\u00f3n de que la aplicaci\u00f3n del real decreto por el que el Ministerio fija los requisitos para optar a becas el pr\u00f3ximo curso supondr\u00eda en Catalu\u00f1a la p\u00e9rdida del 52 o 53 % de becados, que ahora disfrutan de ayudas al estudio en Bachillerato y FP.<\/div>\n<div style=\"font-family: Arial, Helvetica, Garuda, sans-serif; font-size: 14px; font-weight: normal; line-height: 20px; margin-bottom: 15px; text-align: -webkit-auto;\">Pese a que Wert afirma que la partida de becas es la \u00fanica que no ha bajado en el presupuesto del ministerio, las administraciones no ven con buenos ojos la reforma del reglamento de ayudas que encarece los requisitos acad\u00e9micos y convierte en variable parte de ella. Para obtener una beca, aparte de cumplir los requisitos econ\u00f3micos, es necesario tener una nota media de seis en bachillerato y cinco y medio en FP. El 4 de diciembre Rigau plant\u00f3 al ministro en plena pol\u00e9mica por la inmensi\u00f3n en castellano en Catalu\u00f1a. Desde entonces la tensi\u00f3n se ha rebajado en la sectorial de Educaci\u00f3n por ambas partes.<\/div>\n<div style=\"font-family: Arial, Helvetica, Garuda, sans-serif; font-size: 14px; font-weight: normal; line-height: 20px; margin-bottom: 15px; text-align: -webkit-auto;\">Adem\u00e1s, la consejera Rigau ha considerado que la modificaci\u00f3n en las exigencias de los requisitos para conceder las becas supone \u00abun cambio sustantivo\u00bb, no solo porque disminuye la parte econ\u00f3mica de la beca base, sino porque se eliminan complementos de la beca que eran \u00abmuy interesantes para seg\u00fan qu\u00e9 tipos de poblaci\u00f3n\u00bb. \u00abAhora que hay que ampliar la franja de estudiantes en la postobligatoria, es el momento de ampliar las becas y no poner barreras al acceso a estas ayudas econ\u00f3micas\u00bb, ha a\u00f1adido.<\/div>\n<div style=\"font-family: Arial, Helvetica, Garuda, sans-serif; font-size: 14px; font-weight: normal; line-height: 20px; margin-bottom: 15px; text-align: -webkit-auto;\">Rigau, que ha abandonado la reuni\u00f3n antes de tiempo, ha reclamado a Wert a la salida del encuentro que no cambie las reglas del juego para obtener una beca. \u00abSi queremos que el cien por cien de los j\u00f3venes llegue a FP o Bachillerato no podemos ponerles barreras\u00bb. Rigau ha asegurado que el ministro de Educaci\u00f3n va a \u00abreconsiderar\u00bb el reglamento para \u00abpoder conciliar renta y rendimiento acad\u00e9mico\u00bb en un momento en el que todos est\u00e1n \u00abcomprometidos con la formaci\u00f3n de los j\u00f3venes para luchar contra el paro juvenil\u00bb.<\/div>\n<div style=\"font-family: Arial, Helvetica, Garuda, sans-serif; font-size: 14px; font-weight: normal; line-height: 20px; margin-bottom: 15px; text-align: -webkit-auto;\">A la salida de la reuni\u00f3n, Wert ha reconocido que \u201cuna parte significativa (de los consejeros) al margen del color pol\u00edtico\u201d han mostrado sus discrepancias en una \u201cdiscusi\u00f3n muy viva, profunda y con puntos de vista dispares. El ministro deja claro que si hay cambios en su decreto seguir\u00e1 premi\u00e1ndose de alguna manera la \u201ccultura del esfuerzo\u201d que en su opini\u00f3n se estimula subiendo la nota media m\u00ednima exigida.<\/div>\n<p><\/span><span style=\"color: black; float: left; font-weight: bold; text-align: justify; width: 500px;\"><span style=\"font-family: Arial, Helvetica, Garuda, sans-serif; font-size: 14px; line-height: 20px;\"><br \/><\/span><\/span><\/div>\n<div style=\"background-color: white; margin: 0px 0px 40px 100px; min-height: 650px; overflow: visible; padding: 20px 0px 0px; width: 460px;\">\n<div>\n<div style=\"font-family: Arial, Helvetica, Garuda, sans-serif; font-size: 14px; line-height: 20px; margin-bottom: 15px;\"><span style=\"font-size: 20px; line-height: 28px;\">No han&nbsp;<\/span><\/div>\n<\/div>\n<\/div>\n","protected":false},"excerpt":{"rendered":"<p>La presi\u00f3n de las autonom\u00edas consigue que Educaci\u00f3n se replantee el nuevo sistema de ayudas&#8230;<\/p>\n","protected":false},"author":2,"featured_media":0,"comment_status":"open","ping_status":"open","sticky":false,"template":"","format":"standard","meta":{"ngg_post_thumbnail":0,"footnotes":""},"categories":[1],"tags":[],"class_list":["post-301","post","type-post","status-publish","format-standard","hentry","category-hemeroteca"],"_links":{"self":[{"href":"https:\/\/aedecanarias.eu\/index.php?rest_route=\/wp\/v2\/posts\/301","targetHints":{"allow":["GET"]}}],"collection":[{"href":"https:\/\/aedecanarias.eu\/index.php?rest_route=\/wp\/v2\/posts"}],"about":[{"href":"https:\/\/aedecanarias.eu\/index.php?rest_route=\/wp\/v2\/types\/post"}],"author":[{"embeddable":true,"href":"https:\/\/aedecanarias.eu\/index.php?rest_route=\/wp\/v2\/users\/2"}],"replies":[{"embeddable":true,"href":"https:\/\/aedecanarias.eu\/index.php?rest_route=%2Fwp%2Fv2%2Fcomments&post=301"}],"version-history":[{"count":0,"href":"https:\/\/aedecanarias.eu\/index.php?rest_route=\/wp\/v2\/posts\/301\/revisions"}],"wp:attachment":[{"href":"https:\/\/aedecanarias.eu\/index.php?rest_route=%2Fwp%2Fv2%2Fmedia&parent=301"}],"wp:term":[{"taxonomy":"category","embeddable":true,"href":"https:\/\/aedecanarias.eu\/index.php?rest_route=%2Fwp%2Fv2%2Fcategories&post=301"},{"taxonomy":"post_tag","embeddable":true,"href":"https:\/\/aedecanarias.eu\/index.php?rest_route=%2Fwp%2Fv2%2Ftags&post=301"}],"curies":[{"name":"wp","href":"https:\/\/api.w.org\/{rel}","templated":true}]}}