{"id":300,"date":"2013-06-19T23:06:00","date_gmt":"2013-06-19T23:06:00","guid":{"rendered":"https:\/\/aedecanarias.eu\/consejeria-de-educacion-universidades-y-sostenibilidad-resolucion-de-4-de-junio-de-2013-por-la-que-se-establece-el-calendario-escolar-y-se-dictan-instrucciones-para-la-organizacion-y-desarrollo-de"},"modified":"2013-06-19T23:06:00","modified_gmt":"2013-06-19T23:06:00","slug":"consejeria-de-educacion-universidades-y-sostenibilidad-resolucion-de-4-de-junio-de-2013-por-la-que-se-establece-el-calendario-escolar-y-se-dictan-instrucciones-para-la-organizacion-y-desarrollo-de","status":"publish","type":"post","link":"https:\/\/aedecanarias.eu\/?p=300","title":{"rendered":"Consejer\u00eda de Educaci\u00f3n, Universidades y Sostenibilidad. Resoluci\u00f3n de 4 de junio de 2013, por la que se establece el calendario escolar y se dictan instrucciones para la organizaci\u00f3n y desarrollo de las actividades de comienzo y finalizaci\u00f3n del curso 2013-2014, para todos los centros de ense\u00f1anzas no universitarias de la Comunidad Aut\u00f3noma de Canarias."},"content":{"rendered":"\n<div class=\"twitter-share\"><a href=\"https:\/\/twitter.com\/intent\/tweet?via=aedecanarias\" class=\"twitter-share-button\" data-size=\"large\">Twittear<\/a><\/div>\n<p><\/p>\n<div title=\"Page 1\">\n<div>\n<div>\n<div><span style=\"font-size: 9pt;\">Bolet\u00edn Oficial de Canarias n\u00fam. 116 <\/span><span style=\"font-size: 9pt;\">16383 <\/span><span style=\"font-size: 9pt;\">Mi\u00e9rcoles 19 de junio de 2013<\/span><\/div>\n<\/div>\n<\/div>\n<div>\n<div><span style=\"font-size: 11pt; font-weight: 700;\">Consejer\u00eda de Educaci\u00f3n, Universidades y Sostenibilidad <\/span><br \/><span style=\"font-size: 11pt; font-weight: 700;\">3308 <\/span><span style=\"font-size: 11pt; font-style: italic;\">Direcci\u00f3n General de Centros e Infraestructura Educativa.- Resoluci\u00f3n de 4 de ju- nio de 2013, por la que se establece el calendario escolar y se dictan instrucciones <\/span><span style=\"font-size: 11pt; font-style: italic;\">para la organizaci\u00f3n y desarrollo de las actividades de comienzo y finalizaci\u00f3n del <\/span><span style=\"font-size: 11pt; font-style: italic;\">curso 2013-2014, para todos los centros de ense\u00f1anzas no universitarias de la Co- munidad Aut\u00f3noma de Canarias. <\/span><br \/><span style=\"font-size: 11pt;\">Vista la necesidad de establecer el calendario escolar del curso 2013-2014, para la ade- cuada coordinaci\u00f3n de los centros educativos de la Comunidad Aut\u00f3noma de Canarias, te- niendo en cuenta las propuestas trasladadas por los centros directivos con competencia en las distintas ense\u00f1anzas incluidas en la presente Resoluci\u00f3n, y conforme a los siguientes <\/span><br \/>ANTECEDENTE DE HECHO<\/p>\n<p><a name='more'><\/a><\/p>\n<p><span style=\"font-size: 11pt; font-weight: 700;\">\u00danico.- <\/span><span style=\"font-size: 11pt;\">La organizaci\u00f3n y planificaci\u00f3n de las actividades escolares corresponde a los <\/span><span style=\"font-size: 11pt;\">centros docentes en el ejercicio de su autonom\u00eda. No obstante, para la temporalizaci\u00f3n de <\/span><span style=\"font-size: 11pt;\">estas actividades se precisa fijar unas normas b\u00e1sicas que garanticen la necesaria coherencia <\/span><span style=\"font-size: 11pt;\">organizativa de todos los centros docentes. <\/span><br \/><span style=\"font-size: 9pt; font-weight: 700;\">FUNDAMENTOS DE DERECHO <\/span><br \/><span style=\"font-size: 11pt; font-weight: 700;\">Primero.- <\/span><span style=\"font-size: 11pt;\">La Disposici\u00f3n Adicional Quinta de la Ley Org\u00e1nica 2\/2006, de 3 de mayo, de Educaci\u00f3n (BOE no 106, de 4 de mayo), establece que las Administraciones educativas fijar\u00e1n anualmente el calendario escolar, como parte del proceso de organizaci\u00f3n de la acti- <\/span><span style=\"font-size: 11pt;\">vidad en los centros docentes. <\/span><br \/><span style=\"font-size: 11pt; font-weight: 700;\">Segundo.- <\/span><span style=\"font-size: 11pt;\">La Direcci\u00f3n General de Centros e Infraestructura Educativa es competente para, entre otras atribuciones, gestionar y controlar el r\u00e9gimen administrativo y de gobierno de los centros educativos p\u00fablicos no universitarios y para dise\u00f1ar la organizaci\u00f3n y la ges- ti\u00f3n de los procesos de escolarizaci\u00f3n, de acuerdo con lo dispuesto en el art\u00edculo 11, apar- <\/span><span style=\"font-size: 11pt;\">tados a) y c) del Reglamento Org\u00e1nico de la Consejer\u00eda de Educaci\u00f3n, Cultura y Deportes, aprobado por el Decreto 113\/2006, de 26 de julio (BOC no 148, de 1 de agosto), en su redac- <\/span><span style=\"font-size: 11pt;\">ci\u00f3n actual, vigente en tanto no se derogue expresamente, de conformidad con la previsi\u00f3n <\/span><span style=\"font-size: 11pt;\">contenida en la Disposici\u00f3n Transitoria Primera del Decreto 170\/2011, de 12 de julio, por el que se determina la estructura central y perif\u00e9rica, as\u00ed como las sedes de las Consejer\u00edas del <\/span><span style=\"font-size: 11pt;\">Gobierno de Canarias (BOC no 138, de 14 de julio). <\/span><br \/><span style=\"font-size: 11pt;\">Por lo que, teniendo en cuenta la necesidad de establecer el calendario escolar que <\/span><span style=\"font-size: 11pt;\">debe regir para el a\u00f1o acad\u00e9mico 2013-2014 y la conveniencia de incorporar en esta misma Resoluci\u00f3n las instrucciones para la organizaci\u00f3n y desarrollo de las actividades <\/span><span style=\"font-size: 11pt;\">de comienzo y finalizaci\u00f3n del pr\u00f3ximo curso escolar en los centros docentes, p\u00fablicos <\/span><span style=\"font-size: 11pt;\">y privados, de ense\u00f1anzas no universitarias de Canarias, y en ejercicio de las competencias atribuidas, <\/span><\/div>\n<\/div>\n<div>\n<div>\n<div><\/div>\n<\/div>\n<\/div>\n<\/div>\n<div title=\"Page 2\"><\/p>\n<div>\n<div>\n<div><span style=\"font-size: 9pt;\">Bolet\u00edn Oficial de Canarias n\u00fam. 116 <\/span><span style=\"font-size: 9pt;\">16384 <\/span><span style=\"font-size: 9pt;\">Mi\u00e9rcoles 19 de junio de 2013<\/span><br \/><span style=\"font-size: 9pt;\"><\/span><span style=\"font-size: 11pt; font-weight: 700;\">R E S U E L V O: <\/span><br \/><span style=\"font-size: 11pt;\">Establecer el calendario escolar y dictar instrucciones para la organizaci\u00f3n y desarrollo <\/span><span style=\"font-size: 11pt;\">de las actividades de comienzo y finalizaci\u00f3n del curso acad\u00e9mico 2013-2014, para todos <\/span><span style=\"font-size: 11pt;\">los centros de ense\u00f1anzas no universitarias de la Comunidad Aut\u00f3noma de Canarias, en los <\/span><span style=\"font-size: 11pt;\">t\u00e9rminos se\u00f1alados en las instrucciones fijadas en la presente Resoluci\u00f3n y en los anexos a <\/span><span style=\"font-size: 11pt;\">la misma. <\/span><br \/><span style=\"font-size: 9pt; font-weight: 700;\">INSTRUCCIONES <\/span><span style=\"font-size: 11pt; font-weight: 700;\">Primera.- <\/span><span style=\"font-size: 11pt;\">\u00c1mbito de aplicaci\u00f3n. <\/span><br \/><span style=\"font-size: 11pt;\">La presente Resoluci\u00f3n se aplicar\u00e1 a todos los centros p\u00fablicos y privados que impartan Educaci\u00f3n Infantil, Primaria, Secundaria Obligatoria, Bachillerato, Ciclos Formativos de Formaci\u00f3n Profesional, Programas de Cualificaci\u00f3n Profesional Inicial, as\u00ed como Ense\u00f1an- zas Deportivas, Ense\u00f1anzas Profesionales de Artes Pl\u00e1sticas y Dise\u00f1o, Ense\u00f1anzas Elemen- <\/span><span style=\"font-size: 11pt;\">tales y Profesionales de M\u00fasica, y Ense\u00f1anzas Art\u00edsticas Superiores de M\u00fasica, de Dise\u00f1o y <\/span><span style=\"font-size: 11pt;\">de Arte Dram\u00e1tico (LOGSE y LOE). <\/span><br \/><span style=\"font-size: 11pt;\">Los centros que imparten el primer ciclo de Educaci\u00f3n Infantil, en raz\u00f3n de su natura- leza, podr\u00e1n adaptar el calendario establecido en la presente Resoluci\u00f3n en funci\u00f3n de sus <\/span><span style=\"font-size: 11pt;\">propias necesidades organizativas. <\/span><br \/><span style=\"font-size: 11pt; font-weight: 700;\">Segunda.- <\/span><span style=\"font-size: 11pt;\">D\u00edas lectivos. <\/span><br \/><span style=\"font-size: 11pt;\">Los centros ajustar\u00e1n la planificaci\u00f3n de sus actividades al calendario previsto en la pre- <\/span><span style=\"font-size: 11pt;\">sente Resoluci\u00f3n, debiendo impartir el mayor n\u00famero de d\u00edas lectivos posible. Los d\u00edas <\/span><span style=\"font-size: 11pt;\">efectivos de clase no podr\u00e1n destinarse a la celebraci\u00f3n de sesiones de evaluaci\u00f3n u otras <\/span><span style=\"font-size: 11pt;\">actividades no recogidas en la Programaci\u00f3n general anual. <\/span><br \/><span style=\"font-size: 11pt; font-weight: 700;\">Tercera.- <\/span><span style=\"font-size: 11pt;\">Calendario de actividades de inicio y finalizaci\u00f3n de curso. <\/span><br \/><span style=\"font-size: 11pt;\">1. El curso escolar se iniciar\u00e1 el 1 de septiembre de 2013 y finalizar\u00e1 el 31 de agosto de 2014. Las actividades ordinarias del curso escolar se iniciar\u00e1n el 2 de septiembre de 2013 y finalizar\u00e1n el 30 de junio de 2014, excepto para las Ense\u00f1anzas Art\u00edsticas Superiores, que finalizar\u00e1n el 18 de julio de 2014. Las actividades propiamente lectivas para cada una de las ense\u00f1anzas se extender\u00e1n desde la fecha de inicio de las clases hasta la fecha de finalizaci\u00f3n <\/span><span style=\"font-size: 11pt;\">indicadas a continuaci\u00f3n: <\/span><\/div>\n<\/div>\n<\/div>\n<div>\n<div>\n<div><span style=\"font-size: 7pt;\">https:\/\/sede.gobcan.es\/cpji\/boc <\/span><span style=\"font-family: 'TimesNewRomanPSMT'; font-size: 7.000000pt;\">boc-a-2013-116-3308 <\/span><\/div>\n<\/div>\n<\/div>\n<\/div>\n<div title=\"Page 3\"><\/p>\n<div>\n<div>\n<div><span style=\"font-size: 9pt;\">Bolet\u00edn Oficial de Canarias n\u00fam. 116 <\/span><span style=\"font-size: 9pt;\">16385 <\/span><span style=\"font-size: 9pt;\">Mi\u00e9rcoles 19 de junio de 2013 <\/span><span style=\"font-family: 'TimesNewRomanPSMT'; font-size: 9.000000pt;\">2014. Las actividades propiamente lectivas para cada una de las ense\u00f1anzas se extender\u00e1n desde la<br \/>fecha de inicio de las clases hasta la fecha de finalizaci\u00f3n indicadas a continuaci\u00f3n: <\/span><\/div>\n<\/div>\n<\/div>\n<div>\n<div>\n<div><span style=\"font-family: 'TimesNewRomanPSMT'; font-size: 9.000000pt;\">junio de 2014, excepto para las Ense\u00f1anzas Art\u00edsticas Superiores, que finalizar\u00e1n el 18 de julio de <\/span><\/div>\n<\/div>\n<\/div>\n<div>\n<div>\n<div><span style=\"font-family: 'TimesNewRomanPSMT'; font-size: 9.000000pt;\">Educaci\u00f3n Infantil y Primaria Educaci\u00f3n Secundaria Obliga- toria y Programas de Cualifica- ci\u00f3n Profesional Inicial Bachillerato, Ciclos Formativos de Grado Medio y de Grado Superior de Formaci\u00f3n Profe- sional y Ciclos Formativos de Grado Medio de Ense\u00f1anzas Deportivas <\/span><br \/><span style=\"font-family: 'TimesNewRomanPSMT'; font-size: 9.000000pt;\">Ense\u00f1anzas Elementales y Pro- fesionales de M\u00fasica <\/span><br \/><span style=\"font-family: 'TimesNewRomanPSMT'; font-size: 9.000000pt;\">Ciclos Formativos de Grado Medio y de Grado Superior de Artes Pl\u00e1sticas y Dise\u00f1o <\/span><br \/><span style=\"font-family: 'TimesNewRomanPSMT'; font-size: 9.000000pt;\">&#8211; Ense\u00f1anzas Superiores de M\u00fasica, de Dise\u00f1o y de Arte Dram\u00e1tico (LOGSE) <\/span><br \/><span style=\"font-family: 'TimesNewRomanPSMT'; font-size: 9.000000pt;\">&#8211; Ense\u00f1anzas Superiores de M\u00fasica, de Dise\u00f1o y de Arte Dram\u00e1tico (LOE) <\/span><br \/><span style=\"font-family: 'TimesNewRomanPSMT'; font-size: 9.000000pt;\">&#8211; Educaci\u00f3n y Formaci\u00f3n Per- manente de Personas Adultas y ense\u00f1anzas de idiomas de r\u00e9gi- men especial <\/span><\/div>\n<div><span style=\"font-family: 'TimesNewRomanPSMT'; font-size: 9.000000pt;\">FECHA DE INICIO (A\u00d1O 2013)<br \/>9 de septiembre <\/span><br \/><span style=\"font-family: 'TimesNewRomanPSMT'; font-size: 9.000000pt;\">11 de septiembre <\/span><br \/><span style=\"font-family: 'TimesNewRomanPSMT'; font-size: 9.000000pt;\">16 de septiembre 16 de septiembre <\/span><br \/><span style=\"font-family: 'TimesNewRomanPSMT'; font-size: 9.000000pt;\">16 de septiembre <\/span><br \/><span style=\"font-family: 'TimesNewRomanPSMT'; font-size: 9.000000pt;\">Primer semestre: 16 de septiembre Segundo semestre: 3 de febrero <\/span><\/div>\n<div><span style=\"font-family: 'TimesNewRomanPSMT'; font-size: 9.000000pt;\">FECHA DE FINALIZACI\u00d3N (A\u00d1O 2014) <\/span><br \/><span style=\"font-family: 'TimesNewRomanPSMT'; font-size: 9.000000pt;\">20 de junio <\/span><br \/><span style=\"font-family: 'TimesNewRomanPSMT'; font-size: 9.000000pt;\">20 de junio, a excepci\u00f3n de 2.o de Bachillerato, que terminar\u00e1 el 23 de mayo, y 2.o curso de Ciclos Formativos de Grado Superior, que terminar\u00e1 en 10 de junio <\/span><br \/><span style=\"font-family: 'TimesNewRomanPSMT'; font-size: 9.000000pt;\">El 9 de junio, salvo el 6o curso, que terminar\u00e1 el 3 de junio 20 de junio, salvo el 2.o curso de los Ciclos Formativos de Grado Superior, que terminar\u00e1 el 10 de junio <\/span><br \/><span style=\"font-family: 'TimesNewRomanPSMT'; font-size: 9.000000pt;\">13 de junio <\/span><br \/><span style=\"font-family: 'TimesNewRomanPSMT'; font-size: 9.000000pt;\">Primer semestre: 17 de enero <\/span><br \/><span style=\"font-family: 'TimesNewRomanPSMT'; font-size: 9.000000pt;\">Segundo semestre: 29 de mayo <\/span><\/div>\n<\/div>\n<\/div>\n<div>\n<div><span style=\"font-family: 'TimesNewRomanPSMT'; font-size: 9.000000pt;\">El inicio y la finalizaci\u00f3n de las actividades acad\u00e9micas se aten- dr\u00e1 a lo dispuesto en las Resoluciones que, al efecto, dicte la Direcci\u00f3n General de Formaci\u00f3n Profesional y Educaci\u00f3n de Adultos. <\/span><\/div>\n<\/div>\n<div>\n<div>\n<div><span style=\"font-size: 11pt;\">2. Cuando alguna de las fechas de inicio indicadas en el subapartado anterior fuera un d\u00eda inh\u00e1bil en el municipio o la isla en el que se ubicase el centro educativo, la fecha de inicio de las clases se entender\u00e1 prorrogada al primer d\u00eda lectivo siguiente, establecido con car\u00e1cter general. <\/span><br \/><span style=\"font-family: 'ArialMT'; font-size: 7.000000pt;\">4 <\/span><br \/><span style=\"font-size: 11pt;\">3. La incorporaci\u00f3n progresiva o la flexibilidad de horario para el alumnado de Educa- ci\u00f3n Infantil escolarizado en el centro por primera vez deber\u00e1 planificarse de forma que este <\/span><span style=\"font-size: 11pt;\">alumnado est\u00e9 plenamente incorporado a la actividad acad\u00e9mica en los cinco d\u00edas lectivos siguientes al de inicio de las clases en el centro. No obstante, el alumnado de Educaci\u00f3n In- <\/span><span style=\"font-size: 11pt;\">fantil que se incorpora por primera vez a un centro educativo y que presenta dificultades de adaptaci\u00f3n deber\u00e1 acogerse a las medidas acordadas por el equipo educativo, o\u00edda la familia, sin perjuicio de ser escolarizado en otro centro si existe dictamen que as\u00ed lo aconseje. <\/span><br \/><span style=\"font-size: 11pt;\">4. En los niveles de Educaci\u00f3n Infantil y Primaria, las clases se impartir\u00e1n en r\u00e9gimen de jornada intensiva en el periodo que va desde la fecha de comienzo hasta el 20 de septiembre, y durante el mes de junio. El horario lectivo del alumnado se disminuir\u00e1 en una hora diaria al final de la jornada, realiz\u00e1ndose las correspondientes adaptaciones. El d\u00eda 23 de septiembre se iniciar\u00e1 la jornada ordinaria de clases seg\u00fan la modalidad que el centro tenga autorizada. <\/span><br \/><span style=\"font-size: 11pt;\">5. Los Centros de Educaci\u00f3n Obligatoria (CEO), durante el periodo de jornada intensiva <\/span><span style=\"font-size: 11pt;\">de septiembre y junio, podr\u00e1n adecuar el horario del alumnado al servicio de transporte, <\/span><span style=\"font-size: 11pt;\">manteni\u00e9ndose el n\u00famero de sesiones lectivas. <\/span><\/div>\n<\/div>\n<\/div>\n<div>\n<div>\n<div><span style=\"font-size: 7pt;\">https:\/\/sede.gobcan.es\/cpji\/boc <\/span><span style=\"font-family: 'TimesNewRomanPSMT'; font-size: 7.000000pt;\">boc-a-2013-116-3308 <\/span><\/div>\n<\/div>\n<\/div>\n<\/div>\n<div title=\"Page 4\"><\/p>\n<div>\n<div>\n<div><span style=\"font-size: 9pt;\">Bolet\u00edn Oficial de Canarias n\u00fam. 116 <\/span><span style=\"font-size: 9pt;\">16386 <\/span><span style=\"font-size: 9pt;\">Mi\u00e9rcoles 19 de junio de 2013 <\/span><span style=\"font-size: 11pt;\">6. La jornada del alumnado de los Centros de Educaci\u00f3n Especial durante los meses de <\/span><br \/><span style=\"font-size: 11pt;\">7. El calendario establecido con car\u00e1cter general para las ense\u00f1anzas de formaci\u00f3n pro- fesional podr\u00e1 ser adaptado, para la formaci\u00f3n profesional dual, por la Direcci\u00f3n General de Formaci\u00f3n Profesional y Educaci\u00f3n de Adultos. <\/span><br \/><span style=\"font-size: 11pt;\">8. En todos los centros se celebrar\u00e1 el d\u00eda 30 de junio de 2014 el preceptivo claustro de final de curso. <\/span><br \/><span style=\"font-size: 11pt; font-weight: 700;\">Cuarta.- <\/span><span style=\"font-size: 11pt;\">Incorporaci\u00f3n y permanencia del profesorado. <\/span><br \/><span style=\"font-size: 11pt;\">1. La incorporaci\u00f3n del profesorado que cambie de centro de destino se realizar\u00e1 en la fecha fijada por la Direcci\u00f3n General de Personal en la Resoluci\u00f3n que haga p\u00fablica la adju- dicaci\u00f3n definitiva de destinos provisionales para el curso 2013-2014. <\/span><br \/><span style=\"font-size: 11pt;\">2. Las horas de obligada permanencia del profesorado en el centro, en el per\u00edodo com- prendido entre la incorporaci\u00f3n y el inicio de las clases, se destinar\u00e1n a las actividades derivadas del proceso de evaluaci\u00f3n extraordinaria, a la planificaci\u00f3n del curso y a las actividades previstas por los diferentes departamentos de coordinaci\u00f3n did\u00e1ctica o equipos de ciclo, as\u00ed como a lo que decida la direcci\u00f3n del centro con el fin de impulsar cuantas acciones entienda necesarias para la adecuada planificaci\u00f3n y la pronta puesta en marcha <\/span><span style=\"font-size: 11pt;\">del curso. <\/span><br \/><span style=\"font-size: 11pt;\">3. En Educaci\u00f3n Infantil y Primaria, durante el per\u00edodo de jornada intensiva de septiem- <\/span><span style=\"font-size: 11pt;\">bre, el profesorado permanecer\u00e1 en el centro hasta una hora despu\u00e9s de la salida del alumna- do. Durante este per\u00edodo de jornada intensiva, las horas de car\u00e1cter no lectivo y de periodici- dad fija (exclusiva) podr\u00e1n ser organizadas por cada centro, seg\u00fan acuerdo del Claustro, en funci\u00f3n de sus necesidades organizativas, con el fin de dar continuidad al trabajo conjunto de los equipos docentes y de atender a padres y madres de los alumnos y las alumnas. En cualquier caso, el tiempo total de permanencia del profesorado en el centro ser\u00e1 de 28 horas semanales (25 horas lectivas y 3 horas no lectivas de periodicidad fija). <\/span><br \/><span style=\"font-size: 11pt;\">4. En Educaci\u00f3n Infantil y Primaria, durante el per\u00edodo de jornada intensiva de junio, el <\/span><span style=\"font-size: 11pt;\">horario de permanencia del profesorado en el centro se disminuir\u00e1 en una hora diaria al final de la jornada establecida, realiz\u00e1ndose las correspondientes adaptaciones. En todo caso, durante el per\u00edodo de jornada intensiva se mantendr\u00e1 la realizaci\u00f3n de las horas de car\u00e1cter no lectivo y de periodicidad fija (exclusiva), pudiendo cada centro organizarlas, por acuerdo <\/span><span style=\"font-size: 11pt;\">del Claustro, en funci\u00f3n de sus necesidades organizativas y de la atenci\u00f3n a los padres y madres del alumnado. <\/span><br \/><span style=\"font-size: 11pt;\">5. La jornada del profesorado en los Centros de Educaci\u00f3n Especial durante los me- <\/span><span style=\"font-size: 11pt;\">ses de septiembre y junio, en concordancia con la del alumnado de estos centros, ser\u00e1 de cinco horas diarias, adem\u00e1s de la realizaci\u00f3n de las horas de car\u00e1cter no lectivo y de periodicidad fija (exclusiva), pudiendo cada centro organizarlas, por acuerdo del Claus- <\/span><span style=\"font-size: 11pt;\">tro, en funci\u00f3n de sus necesidades organizativas y de la atenci\u00f3n a los padres y madres del alumnado. <\/span><\/div>\n<\/div>\n<\/div>\n<div>\n<div>\n<div><span style=\"font-size: 11pt;\">septiembre y junio ser\u00e1 de cinco horas diarias. <\/span><\/div>\n<\/div>\n<\/div>\n<div>\n<div>\n<div><span style=\"font-size: 7pt;\">https:\/\/sede.gobcan.es\/cpji\/boc <\/span><span style=\"font-family: 'TimesNewRomanPSMT'; font-size: 7.000000pt;\">boc-a-2013-116-3308 <\/span><\/div>\n<\/div>\n<\/div>\n<\/div>\n<div title=\"Page 5\"><\/p>\n<div>\n<div>\n<div><span style=\"font-size: 9pt;\">Bolet\u00edn Oficial de Canarias n\u00fam. 116 <\/span><span style=\"font-size: 9pt;\">16387 <\/span><span style=\"font-size: 9pt;\">Mi\u00e9rcoles 19 de junio de 2013 <\/span><\/div>\n<\/div>\n<\/div>\n<div>\n<div><span style=\"font-size: 11pt;\">6. El profesorado que imparta docencia en segundo de Bachillerato continuar\u00e1 desarro- llando actividades con ese alumnado una vez finalicen las actividades lectivas, bien sea para <\/span><span style=\"font-size: 11pt;\">la recuperaci\u00f3n de materias pendientes, bien para la preparaci\u00f3n para la Prueba de Acceso a <\/span><span style=\"font-size: 11pt;\">las Ense\u00f1anzas Universitarias Oficiales de Grado, o para las tareas que el equipo directivo le asigne de manera espec\u00edfica. <\/span><\/div>\n<\/div>\n<div>\n<div>\n<div><span style=\"font-size: 11pt; font-weight: 700;\">Quinta.- <\/span><span style=\"font-size: 11pt;\">Certificaci\u00f3n de matr\u00edcula (modelo 0).<br \/>Los centros educativos tendr\u00e1n los siguientes plazos para certificar los datos de matr\u00edcula <\/span><\/div>\n<\/div>\n<\/div>\n<div>\n<div><span style=\"font-size: 11pt;\">(modelo 0), seg\u00fan las instrucciones que al efecto se comuniquen: <\/span><\/div>\n<\/div>\n<div>\n<div>\n<div><span style=\"font-size: 11pt;\">&#8211; Hasta el d\u00eda 18 de septiembre, las etapas de Educaci\u00f3n Infantil y Primaria. <\/span><br \/><span style=\"font-size: 11pt;\">&#8211; Hasta el 23 de septiembre para los estudios de Educaci\u00f3n Secundaria Obligatoria, Pro- <\/span><span style=\"font-size: 11pt;\">gramas de Cualificaci\u00f3n Profesional Inicial, Bachillerato y Ciclos Formativos de Formaci\u00f3n <\/span><span style=\"font-size: 11pt;\">Profesional. <\/span><br \/><span style=\"font-size: 11pt;\">&#8211; Hasta el 4 de octubre: Ense\u00f1anzas Deportivas, Ense\u00f1anzas Profesionales de Artes Pl\u00e1s- <\/span><span style=\"font-size: 11pt;\">ticas y Dise\u00f1o, Ense\u00f1anzas Elementales y Profesionales de M\u00fasica, y Ense\u00f1anzas Art\u00edsticas <\/span><span style=\"font-size: 11pt;\">Superiores de M\u00fasica, de Dise\u00f1o y de Arte Dram\u00e1tico (LOGSE y LOE). <\/span><\/div>\n<\/div>\n<\/div>\n<div>\n<div><span style=\"font-size: 11pt; font-weight: 700;\">Sexta.- <\/span><span style=\"font-size: 11pt;\">Vacaciones y d\u00edas festivos.<br \/><\/span><span style=\"font-size: 11pt;\">1. Durante el curso escolar 2013-2014 tendr\u00e1n la consideraci\u00f3n de per\u00edodos de vacacio- <\/span><\/div>\n<\/div>\n<div>\n<div>\n<div><span style=\"font-size: 11pt;\">nes escolares los siguientes:<br \/>&#8211; Navidad: del 21 de diciembre de 2013 al 7 de enero de 2014, ambos inclusive. &#8211; Semana Santa: del 14 al 20 de abril de 2014, ambos inclusive. <\/span><\/div>\n<\/div>\n<\/div>\n<div>\n<div><span style=\"font-size: 11pt;\">2. Sin perjuicio de los d\u00edas calificados de descanso semanal en la legislaci\u00f3n laboral y de los dos d\u00edas de fiestas locales para cada municipio, tendr\u00e1n la consideraci\u00f3n de d\u00edas festivos los establecidos en el Decreto 78\/2012, de 6 de septiembre, por el que se determina el calen- dario de fiestas laborales de la Comunidad Aut\u00f3noma de Canarias para el a\u00f1o 2013 y se abre plazo para fijar las fiestas locales (BOC no 182, de 17 de septiembre) y las que preceptiva- <\/span><span style=\"font-size: 11pt;\">mente se determinen para el a\u00f1o 2014 por el Gobierno de Canarias. <\/span><br \/><span style=\"font-size: 11pt;\">3. Est\u00e1n considerados como d\u00edas festivos para el a\u00f1o 2013 los siguientes: &#8211; 12 de octubre, Fiesta Nacional de Espa\u00f1a.<br \/><\/span><span style=\"font-size: 11pt;\">&#8211; 1 de noviembre, Todos los Santos.<br \/>&#8211; 6 de diciembre, D\u00eda de la Constituci\u00f3n Espa\u00f1ola. <\/span><br \/><span style=\"font-size: 11pt;\">4. Asimismo, por aplicaci\u00f3n del antedicho Decreto, son d\u00edas festivos, dentro del per\u00edodo <\/span><span style=\"font-size: 11pt;\">escolar, los siguientes: <\/span><\/div>\n<\/div>\n<div>\n<div>\n<div><span style=\"font-size: 7pt;\">https:\/\/sede.gobcan.es\/cpji\/boc <\/span><span style=\"font-family: 'TimesNewRomanPSMT'; font-size: 7.000000pt;\">boc-a-2013-116-3308 <\/span><\/div>\n<\/div>\n<\/div>\n<\/div>\n<div title=\"Page 6\"><\/p>\n<div>\n<div>\n<div><span style=\"font-size: 9pt;\">Bolet\u00edn Oficial de Canarias n\u00fam. 116 <\/span><span style=\"font-size: 9pt;\">16388 <\/span><span style=\"font-size: 9pt;\">Mi\u00e9rcoles 19 de junio de 2013 <\/span><span style=\"font-size: 11pt;\">&#8211; Gran Canaria: 9 de septiembre, Nuestra Se\u00f1ora del Pino. <\/span><br \/><span style=\"font-size: 11pt;\">&#8211; Lanzarote: 16 de septiembre, lunes posterior a la festividad de Nuestra Se\u00f1ora de los Volcanes. <\/span><br \/><span style=\"font-size: 11pt;\">&#8211; Fuerteventura: 20 de septiembre, Nuestra Se\u00f1ora de la Pe\u00f1a. <\/span><br \/><span style=\"font-size: 11pt;\">&#8211; La Gomera: 8 de octubre, Nuestra Se\u00f1ora de Guadalupe. <\/span><br \/><span style=\"font-size: 11pt;\">5. Tiene tambi\u00e9n la consideraci\u00f3n de festivo a efectos acad\u00e9micos, el 9 de diciembre de 2013, celebraci\u00f3n del D\u00eda del Ense\u00f1ante y del Estudiante. <\/span><br \/><span style=\"font-size: 11pt; font-weight: 700;\">S\u00e9ptima.- <\/span><span style=\"font-size: 11pt;\">D\u00edas no lectivos de libre disposici\u00f3n. <\/span><br \/><span style=\"font-size: 11pt;\">1. Adem\u00e1s de los d\u00edas se\u00f1alados como festivos en la instrucci\u00f3n anterior, los Consejos <\/span><span style=\"font-size: 11pt;\">Escolares de los centros, o\u00eddo el Consejo Escolar Municipal donde estuviera constituido, <\/span><span style=\"font-size: 11pt;\">podr\u00e1n establecer hasta un m\u00e1ximo de cuatro d\u00edas no lectivos. <\/span><br \/><span style=\"font-size: 11pt;\">2. Las direcciones de los centros tendr\u00e1n que comunicar antes del 31 de octubre de 2013, mediante la aplicaci\u00f3n inform\u00e1tica establecida por la Direcci\u00f3n Territorial de Educaci\u00f3n correspondiente, las fechas concretas de los cuatro d\u00edas no lectivos de libre disposici\u00f3n, con los requisitos se\u00f1alados en el apartado siguiente. Si alguno de esos d\u00edas de libre disposici\u00f3n es anterior al 31 de octubre, la solicitud debe hacerse con al menos una semana de antelaci\u00f3n a la fecha escogida. <\/span><br \/><span style=\"font-size: 11pt;\">3. La determinaci\u00f3n de los cuatro d\u00edas a los que se refiere el apartado anterior y su loca- lizaci\u00f3n en el calendario se explicitar\u00e1n en la Programaci\u00f3n General Anual, adjunt\u00e1ndose a la misma un extracto del acta de la sesi\u00f3n del Consejo Escolar en que fue aprobada la pro- puesta. Dicho acuerdo se dar\u00e1 a conocer a toda la comunidad educativa y se expondr\u00e1 en un <\/span><span style=\"font-size: 11pt;\">lugar visible del centro durante todo el curso. <\/span><br \/><span style=\"font-size: 11pt;\">4. En todo caso, los centros que comparten los servicios de transporte escolar, comedor u otros servicios educativos deber\u00e1n acordar un calendario unificado. De no conseguirse este acuerdo ser\u00e1 la Direcci\u00f3n Territorial de Educaci\u00f3n quien lo fijar\u00e1 mediante resoluci\u00f3n, visto <\/span><span style=\"font-size: 11pt;\">el informe elaborado por la Inspecci\u00f3n Educativa. <\/span><br \/><span style=\"font-size: 11pt; font-weight: 700;\">Octava.- <\/span><span style=\"font-size: 11pt;\">Actividades de finalizaci\u00f3n de curso. Entrega de calificaciones. <\/span><br \/><span style=\"font-size: 11pt;\">1. En los anexos de la presente Resoluci\u00f3n se especifican las fechas cuya coincidencia es necesaria para llevar a cabo las distintas actividades de finalizaci\u00f3n del curso que corres- <\/span><span style=\"font-size: 11pt;\">ponden a cada uno de los niveles y las modalidades de ense\u00f1anzas de los meses de mayo, junio y septiembre. <\/span><br \/><span style=\"font-size: 11pt;\">2. Antes del 23 de mayo de 2014, y mediante el procedimiento establecido, la direcci\u00f3n <\/span><span style=\"font-size: 11pt;\">del centro enviar\u00e1 a la Inspecci\u00f3n Educativa, para su supervisi\u00f3n, la planificaci\u00f3n de todas las actividades programadas para la finalizaci\u00f3n del curso, con especificaci\u00f3n de las fechas de las sesiones de evaluaci\u00f3n final, que se determinar\u00e1n respetando las actividades lectivas; <\/span><\/div>\n<\/div>\n<\/div>\n<div>\n<div>\n<div><span style=\"font-size: 7pt;\">https:\/\/sede.gobcan.es\/cpji\/boc <\/span><span style=\"font-family: 'TimesNewRomanPSMT'; font-size: 7.000000pt;\">boc-a-2013-116-3308 <\/span><\/div>\n<\/div>\n<\/div>\n<\/div>\n<div title=\"Page 7\"><\/p>\n<div>\n<div>\n<div><span style=\"font-size: 9pt;\">Bolet\u00edn Oficial de Canarias n\u00fam. 116 <\/span><span style=\"font-size: 9pt;\">16389 <\/span><span style=\"font-size: 9pt;\">Mi\u00e9rcoles 19 de junio de 2013 <\/span><\/div>\n<\/div>\n<\/div>\n<div>\n<div><span style=\"font-size: 11pt;\">as\u00ed como las fechas correspondientes a las restantes actividades previstas hasta el 30 de junio, excepto para las Ense\u00f1anzas Art\u00edsticas Superiores, que finalizar\u00e1n el 18 de julio de <\/span><span style=\"font-size: 11pt;\">2014, todo ello en el marco del calendario establecido en esta Resoluci\u00f3n. <\/span><br \/><span style=\"font-size: 11pt;\">3. El d\u00eda se\u00f1alado para la entrega de las calificaciones finales se destinar\u00e1 a atender, por parte del profesorado, seg\u00fan el procedimiento que determine la direcci\u00f3n del centro, las aclaraciones que requieran padres, madres, tutores legales o alumnado. La concreci\u00f3n de los dos d\u00edas h\u00e1biles siguientes a la publicaci\u00f3n o notificaci\u00f3n de las calificaciones previstos como plazo de presentaci\u00f3n de reclamaciones ante la direcci\u00f3n del centro, as\u00ed como la hora precisa en que finaliza dicho plazo, se dar\u00e1 a conocer tanto por los tutores y las tutoras como mediante su publicaci\u00f3n destacada en los lugares habilitados para las comunicaciones del <\/span><span style=\"font-size: 11pt;\">centro. <\/span><br \/><span style=\"font-size: 11pt; font-weight: 700;\">Novena.- <\/span><span style=\"font-size: 11pt;\">Memoria final de curso. <\/span><br \/><span style=\"font-size: 11pt;\">La memoria final de curso, una vez confeccionada, ser\u00e1 aprobada en sesi\u00f3n del Consejo Escolar y remitida a la Inspecci\u00f3n Educativa a trav\u00e9s de la p\u00e1gina web de la Consejer\u00eda de Educaci\u00f3n, Universidades y Sostenibilidad (http:\/\/www.gobiernodecanarias.org\/educacion\/ gescentros) o a trav\u00e9s de los medios telem\u00e1ticos que se establezcan, antes del 11 de julio de <\/span><span style=\"font-size: 11pt;\">2014. <\/span><br \/><span style=\"font-size: 11pt; font-weight: 700;\">D\u00e9cima.- <\/span><span style=\"font-size: 11pt;\">Pruebas de Acceso a las Ense\u00f1anzas Universitarias Oficiales de Grado. <\/span><br \/><span style=\"font-size: 11pt;\">Las fechas de celebraci\u00f3n de las Pruebas de Acceso a las Ense\u00f1anzas Universitarias Ofi- ciales de Grado son las que se establecen en el anexo I de la presente Resoluci\u00f3n. La fecha l\u00edmite para el env\u00edo a la Universidad de la relaci\u00f3n certificada de las calificaciones del alum- nado de segundo curso de Bachillerato, Ciclos Formativos de Grado Superior de Forma- ci\u00f3n Profesional y de Artes Pl\u00e1sticas y Dise\u00f1o para la realizaci\u00f3n de las citadas pruebas de acceso, tanto de la convocatoria ordinaria como de la extraordinaria, ser\u00e1 comunicada a los centros oportunamente, una vez sea fijada. <\/span><br \/><span style=\"font-size: 11pt; font-weight: 700;\">Und\u00e9cima.- <\/span><span style=\"font-size: 11pt;\">Calendario de las pruebas extraordinarias.<br \/><\/span><span style=\"font-size: 11pt;\">Los centros publicar\u00e1n antes del 23 de mayo de 2014, el calendario de las pruebas ex- <\/span><br \/><span style=\"font-size: 11pt; font-weight: 700;\">Duod\u00e9cima.- <\/span><span style=\"font-size: 11pt;\">Los centros que imparten Bachillerato de Personas Adultas y act\u00faan como centros de apoyo para que el alumnado del Bachillerato presencial curse alguna materia, deber\u00e1n tener en cuenta las fechas se\u00f1aladas en la presente Resoluci\u00f3n para trasladar la do- <\/span><span style=\"font-size: 11pt;\">cumentaci\u00f3n al centro de referencia correspondiente. <\/span><br \/><span style=\"font-size: 11pt; font-weight: 700;\">Decimotercera.- <\/span><span style=\"font-size: 11pt;\">Rendimiento acad\u00e9mico y gesti\u00f3n del registro centralizado de expe- dientes acad\u00e9micos. <\/span><br \/><span style=\"font-size: 11pt;\">Durante el mes de septiembre, los centros que impartan Educaci\u00f3n Primaria, Educaci\u00f3n Secundaria Obligatoria y Programas de Cualificaci\u00f3n Profesional Inicial en sus diferentes modalidades, Bachillerato, Ciclos Formativos, Ense\u00f1anzas Profesionales de Artes Pl\u00e1sticas <\/span><\/div>\n<\/div>\n<div>\n<div>\n<div><span style=\"font-size: 11pt;\">traordinarias en las ense\u00f1anzas que correspondan. <\/span><\/div>\n<\/div>\n<\/div>\n<div>\n<div><span style=\"font-size: 7pt;\">https:\/\/sede.gobcan.es\/cpji\/boc <\/span><span style=\"font-family: 'TimesNewRomanPSMT'; font-size: 7.000000pt;\">boc-a-2013-116-3308 <\/span><\/div>\n<\/div>\n<\/div>\n<div title=\"Page 8\"><\/p>\n<div>\n<div>\n<div><span style=\"font-size: 9pt;\">Bolet\u00edn Oficial de Canarias n\u00fam. 116 <\/span><span style=\"font-size: 9pt;\">16390 <\/span><span style=\"font-size: 9pt;\">Mi\u00e9rcoles 19 de junio de 2013 <\/span><span style=\"font-size: 11pt;\">y Dise\u00f1o, Ense\u00f1anzas Musicales y Deportivas, remitir\u00e1n a la Inspecci\u00f3n Educativa los datos <\/span><\/div>\n<\/div>\n<\/div>\n<div>\n<div>\n<div><span style=\"font-size: 11pt;\">del rendimiento acad\u00e9mico correspondientes a la convocatoria ordinaria y a la extraordinaria. <\/span><\/div>\n<\/div>\n<\/div>\n<div>\n<div>\n<div><span style=\"font-size: 11pt;\">Asimismo, los centros que impartan ense\u00f1anzas incorporadas al registro centralizado de expedientes acad\u00e9micos deber\u00e1n cerrar durante el mes de septiembre, y en el citado aplica- tivo, el curso 2012\/2013, indispensable para la posterior tramitaci\u00f3n de los correspondientes t\u00edtulos acad\u00e9micos. Los cursos anteriores que no estuvieran cumplimentados deber\u00e1n estarlo <\/span><span style=\"font-size: 11pt;\">en el menor tiempo posible. <\/span><br \/><span style=\"font-size: 11pt; font-weight: 700;\">Decimocuarta.- <\/span><span style=\"font-size: 11pt;\">Modificaciones excepcionales. <\/span><br \/><span style=\"font-size: 11pt;\">1. Salvo las adaptaciones obligadas por la coincidencia con determinadas festividades <\/span><span style=\"font-size: 11pt;\">locales o por causas organizativas excepcionales, los centros no alterar\u00e1n las fechas esta- <\/span><span style=\"font-size: 11pt;\">blecidas en esta Resoluci\u00f3n sin autorizaci\u00f3n expresa de la Direcci\u00f3n Territorial de Educa- ci\u00f3n correspondiente, previa solicitud motivada, poni\u00e9ndolo en conocimiento del Consejo Escolar del centro, en su caso. Ante la posible realizaci\u00f3n de obras de infraestructura en los <\/span><span style=\"font-size: 11pt;\">centros, la direcci\u00f3n adoptar\u00e1 las medidas oportunas para colaborar en la mejor ejecuci\u00f3n <\/span><span style=\"font-size: 11pt;\">de las mismas. <\/span><br \/><span style=\"font-size: 11pt;\">2. En todo caso, deber\u00e1 garantizarse la suficiente publicidad del calendario escolar du- rante todo el curso, as\u00ed como de las modificaciones al mismo que pudieran autorizarse, en <\/span><span style=\"font-size: 11pt;\">su caso. <\/span><br \/><span style=\"font-size: 11pt; font-weight: 700;\">Decimoquinta.- <\/span><span style=\"font-size: 11pt;\">C\u00f3mputo de plazos. <\/span><br \/><span style=\"font-size: 11pt;\">Los per\u00edodos de vacaciones, d\u00edas festivos y d\u00edas no lectivos establecidos por los Consejos <\/span><span style=\"font-size: 11pt;\">Escolares de los centros, previstos en la presente Resoluci\u00f3n, as\u00ed como los s\u00e1bados, tendr\u00e1n la consideraci\u00f3n de d\u00edas no h\u00e1biles para la tramitaci\u00f3n, en el \u00e1mbito del centro educativo, de <\/span><span style=\"font-size: 11pt;\">los expedientes disciplinarios de alumnos y alumnas, con la consiguiente interrupci\u00f3n del c\u00f3mputo de los plazos de estos procedimientos. <\/span><br \/><span style=\"font-size: 11pt;\">Contra el presente acto, que no pone fin a la v\u00eda administrativa, cabe interponer recurso <\/span><span style=\"font-size: 11pt;\">de alzada ante la Viceconsejera de Educaci\u00f3n y Universidades en el plazo de un mes, a con- <\/span><span style=\"font-size: 11pt;\">tar desde el d\u00eda siguiente al de su publicaci\u00f3n en el Bolet\u00edn Oficial de Canarias, sin perjuicio de cualquier otro que se estime procedente interponer. <\/span><br \/><span style=\"font-size: 11pt;\">Santa Cruz de Tenerife, a 4 de junio de 2013.- El Director General de Centros e Infraes- <\/span><span style=\"font-size: 11pt;\">tructura Educativa, Demetrio Su\u00e1rez D\u00edaz.<\/span><\/div>\n<\/div>\n<\/div>\n<\/div>\n<div title=\"Page 9\"><\/div>\n<div title=\"Page 11\">\n<div>\n<div><\/div>\n<\/div>\n<\/div>\n","protected":false},"excerpt":{"rendered":"<p>Bolet\u00edn Oficial de Canarias n\u00fam. 116 16383 Mi\u00e9rcoles 19 de junio de 2013 Consejer\u00eda de&#8230;<\/p>\n","protected":false},"author":2,"featured_media":0,"comment_status":"open","ping_status":"open","sticky":false,"template":"","format":"standard","meta":{"ngg_post_thumbnail":0,"footnotes":""},"categories":[1],"tags":[],"class_list":["post-300","post","type-post","status-publish","format-standard","hentry","category-hemeroteca"],"_links":{"self":[{"href":"https:\/\/aedecanarias.eu\/index.php?rest_route=\/wp\/v2\/posts\/300","targetHints":{"allow":["GET"]}}],"collection":[{"href":"https:\/\/aedecanarias.eu\/index.php?rest_route=\/wp\/v2\/posts"}],"about":[{"href":"https:\/\/aedecanarias.eu\/index.php?rest_route=\/wp\/v2\/types\/post"}],"author":[{"embeddable":true,"href":"https:\/\/aedecanarias.eu\/index.php?rest_route=\/wp\/v2\/users\/2"}],"replies":[{"embeddable":true,"href":"https:\/\/aedecanarias.eu\/index.php?rest_route=%2Fwp%2Fv2%2Fcomments&post=300"}],"version-history":[{"count":0,"href":"https:\/\/aedecanarias.eu\/index.php?rest_route=\/wp\/v2\/posts\/300\/revisions"}],"wp:attachment":[{"href":"https:\/\/aedecanarias.eu\/index.php?rest_route=%2Fwp%2Fv2%2Fmedia&parent=300"}],"wp:term":[{"taxonomy":"category","embeddable":true,"href":"https:\/\/aedecanarias.eu\/index.php?rest_route=%2Fwp%2Fv2%2Fcategories&post=300"},{"taxonomy":"post_tag","embeddable":true,"href":"https:\/\/aedecanarias.eu\/index.php?rest_route=%2Fwp%2Fv2%2Ftags&post=300"}],"curies":[{"name":"wp","href":"https:\/\/api.w.org\/{rel}","templated":true}]}}