{"id":2991,"date":"2022-05-09T13:23:30","date_gmt":"2022-05-09T12:23:30","guid":{"rendered":"https:\/\/aedecanarias.eu\/?p=2991"},"modified":"2022-06-14T20:45:18","modified_gmt":"2022-06-14T19:45:18","slug":"diferencia-entre-ser-ensenante-europeo-y-europeista","status":"publish","type":"post","link":"https:\/\/aedecanarias.eu\/?p=2991","title":{"rendered":"Diferencia entre ser ense\u00f1ante europeo y europe\u00edsta"},"content":{"rendered":"\n<div class=\"twitter-share\"><a href=\"https:\/\/twitter.com\/intent\/tweet?via=aedecanarias\" class=\"twitter-share-button\" data-size=\"large\">Twittear<\/a><\/div>\n\n<p>*Jos\u00e9 Manuel Vega P\u00e9rez<\/p>\n\n\n\n<p>No est\u00e1 flaqueando mi sentido europe\u00edsta ni mi condici\u00f3n de ciudadano europeo. Pero s\u00ed tengo dificultad para encontrar las palabras adecuadas y transmitir una vez m\u00e1s a mis colegas europeos que nos dedicamos a la ense\u00f1anza la motivaci\u00f3n y el esfuerzo para seguir construyendo la Europa por la que tanto hemos luchado durante las \u00faltimas d\u00e9cadas.<\/p>\n\n\n\n<p>Existen ense\u00f1antes que se limitan a platicar sobre sus materias espec\u00edficas sin a\u00f1adir valores sociales o morales y existen quienes se basan o razonan sus materias en experiencias, historia, motivos y convencimiento fruto de la realidad. Ambos, \u201cense\u00f1antes europeos\u201d, tienen la opci\u00f3n de influir ordenadamente en el concepto y los valores de ciudadan\u00eda europea, al igual que los hay que hacen lo contrario.<\/p>\n\n\n\n<p>Aqu\u00ed est\u00e1 la cuesti\u00f3n. Se puede ser ense\u00f1ante en Europa pero no europe\u00edsta y por consecuencia lo contrario, ense\u00f1ante europe\u00edsta en Europa.<\/p>\n\n\n\n<p>Cuando llegue el momento en que los claustros de profesores asuman dentro de los curriculums oficiales y de manera convincente que el hablar sobre Europa y su actualidad y futuro, los valores de la ciudadan\u00eda voluntariamente aceptada por los diferentes estados miembros, el compromiso y aceptaci\u00f3n de normativas en materias diversas, salud, medio ambiente, energ\u00eda, pol\u00edticas comunes, etc., entonces s\u00ed empezaremos a desarrollar una aut\u00e9ntica ense\u00f1anza con profesorado capacitado para construir una aut\u00e9ntica Uni\u00f3n Europea.<\/p>\n\n\n\n<p>Mucho se ha hecho, y programas transnacionales con mucho \u00e9xito. Desde los antiguos Comenius hasta los actuales Erasmus miles de j\u00f3venes y profesores se han sentido aut\u00e9nticos ciudadanos europeos por sus intercambios y no han existido fronteras en sus viajes. Han sido tan ciudadanos griegos como alemanes, espa\u00f1oles como italianos\u2026han sido ciudadanos europeos !!!<\/p>\n\n\n\n<p>La misma Comisi\u00f3n Europea y el Parlamento as\u00ed como otras instituciones comunitarias tienen programas did\u00e1cticos e informaci\u00f3n y medios para apoyar el trabajo de los ense\u00f1antes en todos los idiomas y de forma gratuita.<\/p>\n\n\n\n<p>Europa no es solo suma de voluntades, Europa es y falta a\u00fan mucho para conseguirlo, una realidad en la que podamos compartir espacio com\u00fan, libertades y derechos.&nbsp;<\/p>\n\n\n\n<p>Hace d\u00e9cadas era impensable el nivel de compromiso y lealtad institucional logrado hasta ahora para llegar a donde hemos llegado\u2026&nbsp;&nbsp;&nbsp;<\/p>\n\n\n\n<p>Pero Europa tambi\u00e9n tiembla a veces! No solo por las crisis econ\u00f3micas, el Brexit, la pandemia Covid-19, la actual guerra en Ucrania\u2026Europa si tiembla y mucho!<\/p>\n\n\n\n<p>Ahora viene la gran pregunta. \u00bfY si no existiera la Uni\u00f3n Europea que habr\u00eda ocurrido?<\/p>\n\n\n\n<p>Esa uni\u00f3n voluntaria que nos ha permitido crear y creer en la UE es la que nos da la fuerza para hacer frente a los grandes problemas y sentirnos seguros y amparados con nuestro escudo de \u201cciudadanos europeos\u201d. Ahora por tanto es cuando ante las debilidades manifiestas de otros sistemas pol\u00edticos, estamos amparados por la democracia y la fuerza que nos da el respeto a nuestros ideales.<\/p>\n\n\n\n<p>De eso hay que hablar en las aulas, en las escuelas, en los institutos, en las universidades.<\/p>\n\n\n\n<p>Qu\u00e9 decir de los 140.000 millones de euros aportados por la UE a Espa\u00f1a para ayudar a superar las \u00faltimas grandes crisis a trav\u00e9s de programas y acciones que dan un gran respiro a todas las comunidades aut\u00f3nomas\u2026<\/p>\n\n\n\n<p>Esa forma de ense\u00f1ar a la que hay que unir el sentimiento y los datos es la que nos ayuda a ser no solo ense\u00f1antes europeos, nos permite se mucho m\u00e1s, ense\u00f1antes europe\u00edstas.<\/p>\n\n\n\n<p>Hoy 9 de Mayo celebramos el \u201cD\u00eda de Europa\u201d, la paz y la unidad en&nbsp;Europa. Esta&nbsp;fecha&nbsp;marca el aniversario de la hist\u00f3rica \u00abDeclaraci\u00f3n Schuman\u00bb. Desde entonces hombres y mujeres han expuesto y debatido su idea de una nueva forma de cooperaci\u00f3n pol\u00edtica en&nbsp;Europa, que har\u00eda inconcebible la guerra entre naciones europeas.<\/p>\n\n\n\n<p>Son necesarias ideas sobre c\u00f3mo la UE debe afrontar sus retos y oportunidades en el futuro que construimos cada d\u00eda. Debemos y tenemos que reconocer&nbsp;que&nbsp;es ciudadano de la Uni\u00f3n Europea toda persona que ostente la nacionalidad de un Estado miembro de la Uni\u00f3n Europea. La ciudadan\u00eda de la Uni\u00f3n, por tanto, se une a la ciudadan\u00eda nacional sin sustituirla. La ciudadan\u00eda de la Uni\u00f3n fue creada por el Tratado de Maastricht en 1992.&nbsp;<\/p>\n\n\n\n<p>Ya somos casi 500 millones de ciudadanos los que compartimos un modelo de vida y un sistema que queremos perfeccionar cada d\u00eda.<\/p>\n\n\n\n<p>No podemos quedar ni estar al margen.<\/p>\n\n\n\n<p>Seamos aut\u00e9nticos ense\u00f1antes europe\u00edstas!<\/p>\n\n\n\n<p>Jos\u00e9 Manuel Vega P\u00e9rez<\/p>\n\n\n\n<p>Vicepresidente Europeo de la Asociaci\u00f3n Europea de Ense\u00f1antes.<\/p>\n\n\n\n<p>Presidente de AEDE-Canarias<\/p>\n","protected":false},"excerpt":{"rendered":"<p>*Jos\u00e9 Manuel Vega P\u00e9rez No est\u00e1 flaqueando mi sentido europe\u00edsta ni mi condici\u00f3n de ciudadano&#8230;<\/p>\n","protected":false},"author":3,"featured_media":2992,"comment_status":"closed","ping_status":"closed","sticky":false,"template":"","format":"standard","meta":{"ngg_post_thumbnail":0,"footnotes":""},"categories":[8],"tags":[],"class_list":["post-2991","post","type-post","status-publish","format-standard","has-post-thumbnail","hentry","category-espana"],"_links":{"self":[{"href":"https:\/\/aedecanarias.eu\/index.php?rest_route=\/wp\/v2\/posts\/2991","targetHints":{"allow":["GET"]}}],"collection":[{"href":"https:\/\/aedecanarias.eu\/index.php?rest_route=\/wp\/v2\/posts"}],"about":[{"href":"https:\/\/aedecanarias.eu\/index.php?rest_route=\/wp\/v2\/types\/post"}],"author":[{"embeddable":true,"href":"https:\/\/aedecanarias.eu\/index.php?rest_route=\/wp\/v2\/users\/3"}],"replies":[{"embeddable":true,"href":"https:\/\/aedecanarias.eu\/index.php?rest_route=%2Fwp%2Fv2%2Fcomments&post=2991"}],"version-history":[{"count":2,"href":"https:\/\/aedecanarias.eu\/index.php?rest_route=\/wp\/v2\/posts\/2991\/revisions"}],"predecessor-version":[{"id":3003,"href":"https:\/\/aedecanarias.eu\/index.php?rest_route=\/wp\/v2\/posts\/2991\/revisions\/3003"}],"wp:featuredmedia":[{"embeddable":true,"href":"https:\/\/aedecanarias.eu\/index.php?rest_route=\/wp\/v2\/media\/2992"}],"wp:attachment":[{"href":"https:\/\/aedecanarias.eu\/index.php?rest_route=%2Fwp%2Fv2%2Fmedia&parent=2991"}],"wp:term":[{"taxonomy":"category","embeddable":true,"href":"https:\/\/aedecanarias.eu\/index.php?rest_route=%2Fwp%2Fv2%2Fcategories&post=2991"},{"taxonomy":"post_tag","embeddable":true,"href":"https:\/\/aedecanarias.eu\/index.php?rest_route=%2Fwp%2Fv2%2Ftags&post=2991"}],"curies":[{"name":"wp","href":"https:\/\/api.w.org\/{rel}","templated":true}]}}