{"id":299,"date":"2013-06-25T13:54:00","date_gmt":"2013-06-25T13:54:00","guid":{"rendered":"https:\/\/aedecanarias.eu\/el-rincon-del-profesor-apoyo-didactico-sobre-la-union-europea-para-todas-las-edades"},"modified":"2013-06-25T13:54:00","modified_gmt":"2013-06-25T13:54:00","slug":"el-rincon-del-profesor-apoyo-didactico-sobre-la-union-europea-para-todas-las-edades","status":"publish","type":"post","link":"https:\/\/aedecanarias.eu\/?p=299","title":{"rendered":"El Rinc\u00f3n del Profesor Apoyo did\u00e1ctico sobre la Uni\u00f3n Europea para todas las edades"},"content":{"rendered":"\n<div class=\"twitter-share\"><a href=\"https:\/\/twitter.com\/intent\/tweet?via=aedecanarias\" class=\"twitter-share-button\" data-size=\"large\">Twittear<\/a><\/div>\n<p><\/p>\n<div style=\"background-color: #f8f8f8; color: #333333; font-family: Verdana, Geneva, Arial, Helvetica, sans-serif; font-size: 11px; margin-bottom: 10px; margin-top: 2px; padding-bottom: 0px; padding-top: 0px; text-align: left;\"><\/div>\n<div style=\"float: left; width: 665px;\">\n<div style=\"clear: both; font-size: 0.7em; text-align: center;\"><a href=\"http:\/\/1.bp.blogspot.com\/-MNaALMhWlWw\/UcmfB2QrFMI\/AAAAAAAAAKA\/djacCL5hhMo\/s1600\/image.jpg\" style=\"clear: left; float: left; margin-bottom: 1em; margin-right: 1em;\"><img loading=\"lazy\" decoding=\"async\" border=\"0\" height=\"200\" src=\"http:\/\/1.bp.blogspot.com\/-MNaALMhWlWw\/UcmfB2QrFMI\/AAAAAAAAAKA\/djacCL5hhMo\/s200\/image.jpg\" width=\"170\" \/><\/a><\/div>\n<div style=\"margin-bottom: 10px; margin-top: 2px; padding-bottom: 0px; padding-top: 0px; text-align: justify;\">En esta web encontrar\u00e1 todo tipo de materiales did\u00e1cticos sobre Europa, elaborados por diversas instituciones de la UE y otros organismos oficiales y privados para dar a conocer a los m\u00e1s j\u00f3venes la Uni\u00f3n Europea y sus pol\u00edticas.<\/div>\n<div style=\"margin-bottom: 10px; margin-top: 2px; padding-bottom: 0px; padding-top: 0px; text-align: justify;\">Ponemos a su disposici\u00f3n p\u00e1ginas web, folletos, libros, mapas y carteles en los que se explica qu\u00e9 es la UE y cu\u00e1les son sus actividades. En estos materiales se tratan muchos de los temas que m\u00e1s preocupan hoy d\u00eda a la sociedad, como la protecci\u00f3n del medio ambiente, la convivencia pac\u00edfica y la seguridad para todos.<\/div>\n<div style=\"margin-bottom: 10px; margin-top: 2px; padding-bottom: 0px; padding-top: 0px; text-align: justify;\">Estamos convencidos de que encontrar\u00e1 recursos \u00fatiles para estudiantes de todas las edades: materiales que le pueden servir de inspiraci\u00f3n para sus clases, informaci\u00f3n concreta sobre la historia de Europa y sus ciudadanos, consejos pr\u00e1cticos para reducir el consumo individual de energ\u00eda, etc.<\/div>\n<div style=\"margin-bottom: 10px; margin-top: 2px; padding-bottom: 0px; padding-top: 0px; text-align: justify;\">Puede seleccionar el grupo de edad con el que trabaja para acceder a los materiales que mejor se adapten a sus necesidades pedag\u00f3gicas.<\/div>\n<div style=\"margin-bottom: 10px; margin-top: 2px; padding-bottom: 0px; padding-top: 0px; text-align: justify;\">Haga clic en \u00abSu opini\u00f3n\u00bb y d\u00e9 una calificaci\u00f3n o haga un comentario sobre el recurso en cuesti\u00f3n. \u00bfHa desarrollado usted alg\u00fan material did\u00e1ctico sobre la UE? Si es as\u00ed, \u00bfpor qu\u00e9 no hace clic en \u00abEnviar\u00bb y nos lo hace llegar? Si se ajusta a nuestros criterios de inclusi\u00f3n, lo publicaremos en la&nbsp;<\/div>\n<div style=\"margin-bottom: 10px; margin-top: 2px; padding-bottom: 0px; padding-top: 0px;\"><span style=\"background-color: white; font-family: Helvetica; font-size: large;\">&nbsp;http:\/\/europa.eu\/teachers-corner\/index_es.htm<\/span><\/div>\n<\/div>\n<div style=\"clear: both; text-align: center;\"><\/div>\n<p><\/p>\n<div style=\"background-color: #f8f8f8; color: #333333; float: left; font-family: Verdana, Geneva, Arial, Helvetica, sans-serif; font-size: 0.7em; text-align: left; width: 665px;\">\n<div style=\"margin-bottom: 10px; margin-top: 2px; padding-bottom: 0px; padding-top: 0px;\"><\/div>\n<\/div>\n","protected":false},"excerpt":{"rendered":"<p>En esta web encontrar\u00e1 todo tipo de materiales did\u00e1cticos sobre Europa, elaborados por diversas instituciones&#8230;<\/p>\n","protected":false},"author":2,"featured_media":0,"comment_status":"open","ping_status":"open","sticky":false,"template":"","format":"standard","meta":{"ngg_post_thumbnail":0,"footnotes":""},"categories":[1],"tags":[],"class_list":["post-299","post","type-post","status-publish","format-standard","hentry","category-hemeroteca"],"_links":{"self":[{"href":"https:\/\/aedecanarias.eu\/index.php?rest_route=\/wp\/v2\/posts\/299","targetHints":{"allow":["GET"]}}],"collection":[{"href":"https:\/\/aedecanarias.eu\/index.php?rest_route=\/wp\/v2\/posts"}],"about":[{"href":"https:\/\/aedecanarias.eu\/index.php?rest_route=\/wp\/v2\/types\/post"}],"author":[{"embeddable":true,"href":"https:\/\/aedecanarias.eu\/index.php?rest_route=\/wp\/v2\/users\/2"}],"replies":[{"embeddable":true,"href":"https:\/\/aedecanarias.eu\/index.php?rest_route=%2Fwp%2Fv2%2Fcomments&post=299"}],"version-history":[{"count":0,"href":"https:\/\/aedecanarias.eu\/index.php?rest_route=\/wp\/v2\/posts\/299\/revisions"}],"wp:attachment":[{"href":"https:\/\/aedecanarias.eu\/index.php?rest_route=%2Fwp%2Fv2%2Fmedia&parent=299"}],"wp:term":[{"taxonomy":"category","embeddable":true,"href":"https:\/\/aedecanarias.eu\/index.php?rest_route=%2Fwp%2Fv2%2Fcategories&post=299"},{"taxonomy":"post_tag","embeddable":true,"href":"https:\/\/aedecanarias.eu\/index.php?rest_route=%2Fwp%2Fv2%2Ftags&post=299"}],"curies":[{"name":"wp","href":"https:\/\/api.w.org\/{rel}","templated":true}]}}