{"id":298,"date":"2013-06-26T17:50:00","date_gmt":"2013-06-26T17:50:00","guid":{"rendered":"https:\/\/aedecanarias.eu\/francia-reclutara-a-10-000-licenciados-en-paro-para-reforzar-la-secundaria"},"modified":"2013-06-26T17:50:00","modified_gmt":"2013-06-26T17:50:00","slug":"francia-reclutara-a-10-000-licenciados-en-paro-para-reforzar-la-secundaria","status":"publish","type":"post","link":"https:\/\/aedecanarias.eu\/?p=298","title":{"rendered":"Francia reclutar\u00e1 a 10.000 licenciados en paro para reforzar la secundaria"},"content":{"rendered":"\n<div class=\"twitter-share\"><a href=\"https:\/\/twitter.com\/intent\/tweet?via=aedecanarias\" class=\"twitter-share-button\" data-size=\"large\">Twittear<\/a><\/div>\n<p><\/p>\n<div style=\"background-color: white;\">\n<div>\n<div>\n<div style=\"clear: both; text-align: center;\"><a href=\"http:\/\/3.bp.blogspot.com\/-YOAgRAVzBhQ\/UcspZpX4ogI\/AAAAAAAAAKM\/NxR5BTBzBnc\/s1600\/francia.jpg\" style=\"clear: right; float: right; margin-bottom: 1em; margin-left: 1em;\"><img loading=\"lazy\" decoding=\"async\" border=\"0\" height=\"133\" src=\"http:\/\/3.bp.blogspot.com\/-YOAgRAVzBhQ\/UcspZpX4ogI\/AAAAAAAAAKM\/NxR5BTBzBnc\/s200\/francia.jpg\" width=\"200\" \/><\/a><\/div>\n<h2 style=\"background-color: transparent; background-image: url(http:\/\/ep01.epimg.net\/iconos\/v1.x\/v1.0\/varios\/cuadrado_subtitulo.png); background-position: 0px 7px; background-repeat: no-repeat no-repeat; color: #333333; font-family: Arial, Helvetica, Garuda, sans-serif; font-size: 12px; font-weight: normal; line-height: 19px; margin: 0px 0px 1px 15px; padding: 0px 0px 0px 13px;\">Los nuevos contratos se suman a los 60.000 puestos aprobados por la reforma Peillon<\/h2>\n<h2 style=\"background-color: transparent; background-image: url(http:\/\/ep01.epimg.net\/iconos\/v1.x\/v1.0\/varios\/cuadrado_subtitulo.png); background-position: 0px 7px; background-repeat: no-repeat no-repeat; color: #333333; font-family: Arial, Helvetica, Garuda, sans-serif; font-size: 12px; font-weight: normal; line-height: 19px; margin: 0px 0px 1px 15px; padding: 0px 0px 0px 13px;\">Los titulados ayudar\u00e1n en inform\u00e1tica, nuevas tecnolog\u00edas y valores ciudadanos<\/h2>\n<h2 style=\"background-color: transparent; background-image: url(http:\/\/ep01.epimg.net\/iconos\/v1.x\/v1.0\/varios\/cuadrado_subtitulo.png); background-position: 0px 7px; background-repeat: no-repeat no-repeat; color: #333333; font-family: Arial, Helvetica, Garuda, sans-serif; font-size: 12px; font-weight: normal; line-height: 19px; margin: 0px 0px 1px 15px; padding: 0px 0px 0px 13px; text-align: justify;\"><span style=\"background-color: transparent; color: #757575; font-size: 14px; line-height: 20px;\">La principal promesa electoral de Fran\u00e7oise Hollande, reformar y potenciar la educaci\u00f3n nacional, va a ir finalmente m\u00e1s lejos de lo previsto. El ministro de Educaci\u00f3n, Vincent Peillon, anunci\u00f3 este mi\u00e9rcoles que su departamento contratar\u00e1 a 10.000 licenciados en paro para reforzar los centros m\u00e1s conflictivos de secundaria, una cifra que se a\u00f1ade a los 60.000 puestos de educadores nuevos previstos para los pr\u00f3ximos cuatro a\u00f1os por la nueva ley de Educaci\u00f3n, que fue definitivamente aprobada este martes por el Parlamento.<\/span><\/h2>\n<div><span style=\"background-color: transparent; font-size: 14px; line-height: 20px;\"><b><span style=\"color: blue;\">El Pa\u00eds. 26\/06\/2013<\/span><\/b><\/span><\/div>\n<div><span style=\"background-color: transparent; color: #757575; font-size: 14px; line-height: 20px;\"><a name='more'><\/a><br \/><\/span><\/div>\n<\/div>\n<\/div>\n<\/div>\n<div style=\"background-color: white; font-family: Arial, Helvetica, Garuda, sans-serif; font-size: 14px; line-height: 20px; margin-bottom: 15px; text-align: justify;\">&nbsp;Peillon se\u00f1al\u00f3 que los 10.000 puestos suplementarios servir\u00e1n para reforzar y dar \u201cm\u00e1s serenidad y seguridad\u201d a los colegios y liceos de las zonas m\u00e1s desfavorecidas. Los contratos ser\u00e1n firmados en septiembre, tendr\u00e1n una duraci\u00f3n de un a\u00f1o renovable, ser\u00e1n a tiempo parcial, y se dirigir\u00e1n a los licenciados que ahora est\u00e1n sin empleo, indic\u00f3 el ministro. \u201cLa idea es que la educaci\u00f3n nacional sea un gran hogar, y que los j\u00f3venes encuentren en ella una perspectiva y una v\u00eda de formaci\u00f3n\u201d.<\/div>\n<div style=\"background-color: white; font-family: Arial, Helvetica, Garuda, sans-serif; font-size: 14px; line-height: 20px; margin-bottom: 15px; text-align: justify;\">&nbsp;El n\u00famero de los interinos de apoyo para la educaci\u00f3n secundaria ha disminuido mucho en los \u00faltimos a\u00f1os, y sumaba solo 4.500 plazas a fines de 2012, dijo Peillon, que especific\u00f3 que los nuevos contratados ayudar\u00e1n a los profesores titulares en sus clases y en la orientaci\u00f3n de los alumnos, se ocupar\u00e1n de las actividades de inform\u00e1tica y nuevas tecnolog\u00edas, y en general \u201ccontribuir\u00e1n a mejorar el clima de la escuela para socializar a los alumnos e inculcarles los valores de la vida en com\u00fan\u201d.<\/div>\n<div style=\"background-color: white; font-family: Arial, Helvetica, Garuda, sans-serif; font-size: 14px; line-height: 20px; margin-bottom: 15px; text-align: justify;\">El ministerio precis\u00f3 en una nota que los interinos podr\u00e1n realizar otras misiones, como vigilar y acompa\u00f1ar las entradas y salidas escolares, organizar actos culturales, deportivos y art\u00edsticos, mediar en los casos de alumnos con problemas de comportamiento.<\/div>\n<div style=\"background-color: white; font-family: Arial, Helvetica, Garuda, sans-serif; font-size: 14px; line-height: 20px; margin-bottom: 15px; text-align: justify;\">&nbsp;Peillon, un fil\u00f3sofo que cumple en el ministerio su primera tarea pol\u00edtica de peso, ha dirigido con temple la llamada \u201crefundaci\u00f3n de la escuela republicana\u201d. El sistema p\u00fablico y laico creado por la Revoluci\u00f3n Francesa vive una aguda crisis de resultados y un creciente desequilibrio entre barrios ricos y pobres tras un par de d\u00e9cadas de retoques sugeridos desde Bruselas y adoptados por los sucesivos Gobiernos conservadores.<\/div>\n<div style=\"background-color: white; font-family: Arial, Helvetica, Garuda, sans-serif; font-size: 14px; line-height: 20px; margin-bottom: 15px; text-align: justify;\">&nbsp;Los 10.000 refuerzos anunciados el mi\u00e9rcoles se suman a otros 10.000 contratos previstos para apoyar a los directores de los centros, y a los 8.000 anunciados para ayudar a los alumnos con discapacidades. Los salarios los pagar\u00e1 en un 75% el ministerio de Trabajo y en un 25% el de Educaci\u00f3n. El titular de Trabajo, Michel Sapin, prometi\u00f3 en junio 92.000 contratos subvencionados para j\u00f3venes sin empleo, y casi un tercio de ellos ser\u00e1n para Educaci\u00f3n.<\/div>\n<div style=\"background-color: white; font-family: Arial, Helvetica, Garuda, sans-serif; font-size: 14px; line-height: 20px; margin-bottom: 15px; text-align: justify;\">&nbsp;El grueso de las incorporaciones a la escuela p\u00fablica, en todo caso, son los 60.000 puestos de funcionarios fijos prometidos por Hollande durante la campa\u00f1a, aprobados en la nueva ley y que echar\u00e1n a andar al inicio del nuevo curso. De estos, 27.000 puestos se dedicar\u00e1n para formaci\u00f3n de los profesores, 3.000 para escolarizar a los menores de tres a\u00f1os, y 4.000 para mejorar la equidad territorial.<\/div>\n<div style=\"background-color: white; font-family: Arial, Helvetica, Garuda, sans-serif; font-size: 14px; line-height: 20px; margin-bottom: 15px; text-align: justify;\"><b style=\"font-family: Times; text-align: -webkit-auto;\"><span style=\"color: blue;\">El Pa\u00eds. 26\/06\/2013<\/span><\/b><\/div>\n","protected":false},"excerpt":{"rendered":"<p>Los nuevos contratos se suman a los 60.000 puestos aprobados por la reforma Peillon Los&#8230;<\/p>\n","protected":false},"author":2,"featured_media":0,"comment_status":"open","ping_status":"open","sticky":false,"template":"","format":"standard","meta":{"ngg_post_thumbnail":0,"footnotes":""},"categories":[1],"tags":[],"class_list":["post-298","post","type-post","status-publish","format-standard","hentry","category-hemeroteca"],"_links":{"self":[{"href":"https:\/\/aedecanarias.eu\/index.php?rest_route=\/wp\/v2\/posts\/298","targetHints":{"allow":["GET"]}}],"collection":[{"href":"https:\/\/aedecanarias.eu\/index.php?rest_route=\/wp\/v2\/posts"}],"about":[{"href":"https:\/\/aedecanarias.eu\/index.php?rest_route=\/wp\/v2\/types\/post"}],"author":[{"embeddable":true,"href":"https:\/\/aedecanarias.eu\/index.php?rest_route=\/wp\/v2\/users\/2"}],"replies":[{"embeddable":true,"href":"https:\/\/aedecanarias.eu\/index.php?rest_route=%2Fwp%2Fv2%2Fcomments&post=298"}],"version-history":[{"count":0,"href":"https:\/\/aedecanarias.eu\/index.php?rest_route=\/wp\/v2\/posts\/298\/revisions"}],"wp:attachment":[{"href":"https:\/\/aedecanarias.eu\/index.php?rest_route=%2Fwp%2Fv2%2Fmedia&parent=298"}],"wp:term":[{"taxonomy":"category","embeddable":true,"href":"https:\/\/aedecanarias.eu\/index.php?rest_route=%2Fwp%2Fv2%2Fcategories&post=298"},{"taxonomy":"post_tag","embeddable":true,"href":"https:\/\/aedecanarias.eu\/index.php?rest_route=%2Fwp%2Fv2%2Ftags&post=298"}],"curies":[{"name":"wp","href":"https:\/\/api.w.org\/{rel}","templated":true}]}}