{"id":2971,"date":"2022-04-22T16:57:50","date_gmt":"2022-04-22T15:57:50","guid":{"rendered":"https:\/\/aedecanarias.eu\/?p=2971"},"modified":"2022-04-22T16:57:52","modified_gmt":"2022-04-22T15:57:52","slug":"dia-internacional-de-la-madre-tierra-22-de-abril-2","status":"publish","type":"post","link":"https:\/\/aedecanarias.eu\/?p=2971","title":{"rendered":"D\u00eda Internacional de la Madre Tierra, 22 de abril"},"content":{"rendered":"\n<div class=\"twitter-share\"><a href=\"https:\/\/twitter.com\/intent\/tweet?via=aedecanarias\" class=\"twitter-share-button\" data-size=\"large\">Twittear<\/a><\/div>\n\n<h2 class=\"wp-block-heading\">Cuidar a nuestra Madre Tierra<\/h2>\n\n\n\n<p>La Madre Tierra claramente nos pide que actuemos. Los oc\u00e9anos se llenan de pl\u00e1sticos y se vuelven m\u00e1s \u00e1cidos. El calor extremo, los incendios forestales, las inundaciones y otros eventos clim\u00e1ticos han afectado a millones de personas. A\u00fan a d\u00eda de hoy nos enfrentamos al&nbsp;<a href=\"https:\/\/www.un.org\/es\/coronavirus\">COVID -19<\/a>, una pandemia sanitaria mundial con una fuerte relaci\u00f3n con la salud de nuestro ecosistema.&nbsp;<\/p>\n\n\n\n<p>El&nbsp;<a href=\"https:\/\/www.un.org\/es\/climatechange\">cambio clim\u00e1tico<\/a>, los cambios provocados por el hombre en la naturaleza, as\u00ed como los cr\u00edmenes que perturban la biodiversidad, como la deforestaci\u00f3n, el cambio de uso del suelo, la producci\u00f3n agr\u00edcola y ganadera intensiva o el creciente comercio ilegal de vida silvestre, pueden acelerar el ritmo de destrucci\u00f3n del planeta.<\/p>\n\n\n\n<p>Este d\u00eda de la Madre Tierra es el primero que se celebra dentro del&nbsp;<a href=\"https:\/\/www.decadeonrestoration.org\/es\">Decenio de la ONU para la Restauraci\u00f3n de Ecosistemas<\/a>. Los ecosistemas sustentan todas las formas de vida de la Tierra. De la salud de nuestros ecosistemas depende directamente la salud de nuestro planeta y sus habitantes. Restaurar aquellos que est\u00e1n da\u00f1ados ayudar\u00e1 a acabar con la pobreza, a combatir el cambio clim\u00e1tico y prevenir una extinci\u00f3n masiva. Pero s\u00f3lo lo conseguiremos si todo el mundo pone de su parte.<\/p>\n\n\n\n<p>Recordemos hoy m\u00e1s que nunca en este D\u00eda Internacional de la Madre Tierra que necesitamos un cambio hacia una econom\u00eda m\u00e1s sostenible que funcione tanto para las personas como para el planeta. Promovamos la&nbsp;<a href=\"http:\/\/www.harmonywithnatureun.org\/\">armon\u00eda con la naturaleza y la tierra<\/a>. \u00a1\u00danete al movimiento mundial para restaurar la madre Tierra!<\/p>\n","protected":false},"excerpt":{"rendered":"<p>Cuidar a nuestra Madre Tierra La Madre Tierra claramente nos pide que actuemos. Los oc\u00e9anos&#8230;<\/p>\n","protected":false},"author":3,"featured_media":2972,"comment_status":"closed","ping_status":"closed","sticky":false,"template":"","format":"standard","meta":{"ngg_post_thumbnail":0,"footnotes":""},"categories":[8],"tags":[],"class_list":["post-2971","post","type-post","status-publish","format-standard","has-post-thumbnail","hentry","category-espana"],"_links":{"self":[{"href":"https:\/\/aedecanarias.eu\/index.php?rest_route=\/wp\/v2\/posts\/2971","targetHints":{"allow":["GET"]}}],"collection":[{"href":"https:\/\/aedecanarias.eu\/index.php?rest_route=\/wp\/v2\/posts"}],"about":[{"href":"https:\/\/aedecanarias.eu\/index.php?rest_route=\/wp\/v2\/types\/post"}],"author":[{"embeddable":true,"href":"https:\/\/aedecanarias.eu\/index.php?rest_route=\/wp\/v2\/users\/3"}],"replies":[{"embeddable":true,"href":"https:\/\/aedecanarias.eu\/index.php?rest_route=%2Fwp%2Fv2%2Fcomments&post=2971"}],"version-history":[{"count":1,"href":"https:\/\/aedecanarias.eu\/index.php?rest_route=\/wp\/v2\/posts\/2971\/revisions"}],"predecessor-version":[{"id":2973,"href":"https:\/\/aedecanarias.eu\/index.php?rest_route=\/wp\/v2\/posts\/2971\/revisions\/2973"}],"wp:featuredmedia":[{"embeddable":true,"href":"https:\/\/aedecanarias.eu\/index.php?rest_route=\/wp\/v2\/media\/2972"}],"wp:attachment":[{"href":"https:\/\/aedecanarias.eu\/index.php?rest_route=%2Fwp%2Fv2%2Fmedia&parent=2971"}],"wp:term":[{"taxonomy":"category","embeddable":true,"href":"https:\/\/aedecanarias.eu\/index.php?rest_route=%2Fwp%2Fv2%2Fcategories&post=2971"},{"taxonomy":"post_tag","embeddable":true,"href":"https:\/\/aedecanarias.eu\/index.php?rest_route=%2Fwp%2Fv2%2Ftags&post=2971"}],"curies":[{"name":"wp","href":"https:\/\/api.w.org\/{rel}","templated":true}]}}