{"id":297,"date":"2013-06-30T09:38:00","date_gmt":"2013-06-30T09:38:00","guid":{"rendered":"https:\/\/aedecanarias.eu\/la-union-europea-da-la-bienvenida-como-nuevo-estado-miembro-a-croacia-28"},"modified":"2013-06-30T09:38:00","modified_gmt":"2013-06-30T09:38:00","slug":"la-union-europea-da-la-bienvenida-como-nuevo-estado-miembro-a-croacia-28","status":"publish","type":"post","link":"https:\/\/aedecanarias.eu\/?p=297","title":{"rendered":"La Uni\u00f3n Europea da la bienvenida como nuevo estado miembro a Croacia (28)"},"content":{"rendered":"\n<div class=\"twitter-share\"><a href=\"https:\/\/twitter.com\/intent\/tweet?via=aedecanarias\" class=\"twitter-share-button\" data-size=\"large\">Twittear<\/a><\/div>\n<p><\/p>\n<h1 itemprop=\"headline\" style=\"background-color: white; color: #193c7b; font-family: Georgia, 'Times New Roman', Times, serif; font-size: 2.23em; font-weight: normal; margin: 0px; padding: 0px; text-align: left;\"><\/h1>\n<h3 style=\"background-color: white; color: #444444; font-family: Georgia, 'Times New Roman', Times, serif; font-size: 1.16em; font-weight: normal; line-height: 1.3em; margin: 0px 0px 0.769em; padding: 0px; text-align: left;\">\n<div style=\"clear: both; text-align: center;\"><a href=\"http:\/\/3.bp.blogspot.com\/-hNPzgi9huJE\/Uc_8du2dEoI\/AAAAAAAAAKc\/TJXDhPfAIN8\/s261\/europea.jpg\" style=\"clear: left; float: left; margin-bottom: 1em; margin-right: 1em;\"><img loading=\"lazy\" decoding=\"async\" border=\"0\" height=\"133\" src=\"http:\/\/3.bp.blogspot.com\/-hNPzgi9huJE\/Uc_8du2dEoI\/AAAAAAAAAKc\/TJXDhPfAIN8\/s200\/europea.jpg\" width=\"200\" \/><\/a><\/div>\n<div style=\"padding: 0px;\">Croacia se convertir\u00e1 ma\u00f1ana lunes d\u00eda 1 de julio en el pa\u00eds n\u00famero 28 en formar parte de la Uni\u00f3n Europea y todos los l\u00edderes europeos le dan hoy la bienvenida con un acto en Zagreb.<\/div>\n<div><\/div>\n<\/h3>\n","protected":false},"excerpt":{"rendered":"<p>Croacia se convertir\u00e1 ma\u00f1ana lunes d\u00eda 1 de julio en el pa\u00eds n\u00famero 28 en&#8230;<\/p>\n","protected":false},"author":2,"featured_media":0,"comment_status":"open","ping_status":"open","sticky":false,"template":"","format":"standard","meta":{"ngg_post_thumbnail":0,"footnotes":""},"categories":[1],"tags":[],"class_list":["post-297","post","type-post","status-publish","format-standard","hentry","category-hemeroteca"],"_links":{"self":[{"href":"https:\/\/aedecanarias.eu\/index.php?rest_route=\/wp\/v2\/posts\/297","targetHints":{"allow":["GET"]}}],"collection":[{"href":"https:\/\/aedecanarias.eu\/index.php?rest_route=\/wp\/v2\/posts"}],"about":[{"href":"https:\/\/aedecanarias.eu\/index.php?rest_route=\/wp\/v2\/types\/post"}],"author":[{"embeddable":true,"href":"https:\/\/aedecanarias.eu\/index.php?rest_route=\/wp\/v2\/users\/2"}],"replies":[{"embeddable":true,"href":"https:\/\/aedecanarias.eu\/index.php?rest_route=%2Fwp%2Fv2%2Fcomments&post=297"}],"version-history":[{"count":0,"href":"https:\/\/aedecanarias.eu\/index.php?rest_route=\/wp\/v2\/posts\/297\/revisions"}],"wp:attachment":[{"href":"https:\/\/aedecanarias.eu\/index.php?rest_route=%2Fwp%2Fv2%2Fmedia&parent=297"}],"wp:term":[{"taxonomy":"category","embeddable":true,"href":"https:\/\/aedecanarias.eu\/index.php?rest_route=%2Fwp%2Fv2%2Fcategories&post=297"},{"taxonomy":"post_tag","embeddable":true,"href":"https:\/\/aedecanarias.eu\/index.php?rest_route=%2Fwp%2Fv2%2Ftags&post=297"}],"curies":[{"name":"wp","href":"https:\/\/api.w.org\/{rel}","templated":true}]}}