{"id":2960,"date":"2022-04-07T18:55:11","date_gmt":"2022-04-07T17:55:11","guid":{"rendered":"https:\/\/aedecanarias.eu\/?p=2960"},"modified":"2022-04-07T18:55:12","modified_gmt":"2022-04-07T17:55:12","slug":"mas-de-165-000-alumnos-y-alumnas-han-solicitado-su-beca-para-el-curso-2022-2023","status":"publish","type":"post","link":"https:\/\/aedecanarias.eu\/?p=2960","title":{"rendered":"M\u00e1s de 165.000 alumnos y alumnas han solicitado su beca  para el curso 2022-2023"},"content":{"rendered":"\n<div class=\"twitter-share\"><a href=\"https:\/\/twitter.com\/intent\/tweet?via=aedecanarias\" class=\"twitter-share-button\" data-size=\"large\">Twittear<\/a><\/div>\n\n<ul class=\"wp-block-list\"><li><strong>El Ministerio de Educaci\u00f3n y Formaci\u00f3n Profesional ha adelantado cuatro meses la apertura del plazo de presentaci\u00f3n<\/strong><\/li><li><strong>Los alumnos y alumnas pueden solicitar estas ayudas desde el 30 de marzo hasta el 12 de mayo<\/strong><\/li><li><strong>La convocatoria del pr\u00f3ximo curso cuenta con un presupuesto de 2.134 millones de euros, la mayor inversi\u00f3n de la historia<\/strong><\/li><\/ul>\n\n\n\n<p>Un total de 165.066 alumnos y alumnas han solicitado su beca en los cinco primeros d\u00edas del plazo de la convocatoria general de becas para el curso 2022-2023, que<a href=\"https:\/\/www.educacionyfp.gob.es\/prensa\/actualidad\/2022\/04\/20220401-becas.html\">&nbsp;se abri\u00f3 el pasado 30 de marzo y termina el 12 de mayo<\/a>. El Ministerio de Educaci\u00f3n y Formaci\u00f3n Profesional (MEFP) ha adelantado este a\u00f1o este plazo cuatro meses para que los estudiantes sepan antes del periodo de matriculaci\u00f3n si cumplen con los requisitos econ\u00f3micos para recibir estas ayudas.<\/p>\n\n\n\n<p>Los estudiantes que quieran solicitar una beca deben hacerlo en el plazo indicado aunque a\u00fan no sepan qu\u00e9 van a estudiar ni qu\u00e9 notas sacar\u00e1n este curso o, incluso, si no saben si continuar\u00e1n su formaci\u00f3n. En un primer momento, se les solicitar\u00e1n algunos datos provisionales que podr\u00e1n modificar m\u00e1s adelante.<\/p>\n\n\n\n<p>Toda la informaci\u00f3n est\u00e1 disponible en la&nbsp;<a href=\"https:\/\/www.becaseducacion.gob.es\/portada.html\">p\u00e1gina de becas<\/a>&nbsp;del MEFP.<\/p>\n\n\n\n<p>Esta convocatoria cuenta adem\u00e1s con un presupuesto de 2.134 millones, un 45% m\u00e1s que en el curso 2017-18. La pol\u00edtica de becas y ayudas al estudio es una de las principales herramientas para garantizar la igualdad en el acceso a la educaci\u00f3n y una de las prioridades del Gobierno y del ministerio.<\/p>\n\n\n\n<p>Esto ha permitido que aumente tambi\u00e9n el n\u00famero de estudiantes que se benefician de estas ayudas y las cuant\u00edas de las mismas, especialmente aquellas destinadas a personas con rentas m\u00e1s bajas. En el curso 2017-2018, algo m\u00e1s de 682.000 alumnos recibieron una beca en la convocatoria general, mientras que en la convocatoria 2020-2021 fueron m\u00e1s de 790.000. A estos hay que sumar a los estudiantes con necesidades educativas especiales.<\/p>\n","protected":false},"excerpt":{"rendered":"<p>El Ministerio de Educaci\u00f3n y Formaci\u00f3n Profesional ha adelantado cuatro meses la apertura del plazo&#8230;<\/p>\n","protected":false},"author":3,"featured_media":2961,"comment_status":"closed","ping_status":"closed","sticky":false,"template":"","format":"standard","meta":{"ngg_post_thumbnail":0,"footnotes":""},"categories":[8],"tags":[],"class_list":["post-2960","post","type-post","status-publish","format-standard","has-post-thumbnail","hentry","category-espana"],"_links":{"self":[{"href":"https:\/\/aedecanarias.eu\/index.php?rest_route=\/wp\/v2\/posts\/2960","targetHints":{"allow":["GET"]}}],"collection":[{"href":"https:\/\/aedecanarias.eu\/index.php?rest_route=\/wp\/v2\/posts"}],"about":[{"href":"https:\/\/aedecanarias.eu\/index.php?rest_route=\/wp\/v2\/types\/post"}],"author":[{"embeddable":true,"href":"https:\/\/aedecanarias.eu\/index.php?rest_route=\/wp\/v2\/users\/3"}],"replies":[{"embeddable":true,"href":"https:\/\/aedecanarias.eu\/index.php?rest_route=%2Fwp%2Fv2%2Fcomments&post=2960"}],"version-history":[{"count":1,"href":"https:\/\/aedecanarias.eu\/index.php?rest_route=\/wp\/v2\/posts\/2960\/revisions"}],"predecessor-version":[{"id":2962,"href":"https:\/\/aedecanarias.eu\/index.php?rest_route=\/wp\/v2\/posts\/2960\/revisions\/2962"}],"wp:featuredmedia":[{"embeddable":true,"href":"https:\/\/aedecanarias.eu\/index.php?rest_route=\/wp\/v2\/media\/2961"}],"wp:attachment":[{"href":"https:\/\/aedecanarias.eu\/index.php?rest_route=%2Fwp%2Fv2%2Fmedia&parent=2960"}],"wp:term":[{"taxonomy":"category","embeddable":true,"href":"https:\/\/aedecanarias.eu\/index.php?rest_route=%2Fwp%2Fv2%2Fcategories&post=2960"},{"taxonomy":"post_tag","embeddable":true,"href":"https:\/\/aedecanarias.eu\/index.php?rest_route=%2Fwp%2Fv2%2Ftags&post=2960"}],"curies":[{"name":"wp","href":"https:\/\/api.w.org\/{rel}","templated":true}]}}