{"id":296,"date":"2013-06-30T09:43:00","date_gmt":"2013-06-30T09:43:00","guid":{"rendered":"https:\/\/aedecanarias.eu\/la-presidencia-del-consejo-de-la-ue-en-manos-de-lituania-desde-el-1-de-julio-de-2013"},"modified":"2013-06-30T09:43:00","modified_gmt":"2013-06-30T09:43:00","slug":"la-presidencia-del-consejo-de-la-ue-en-manos-de-lituania-desde-el-1-de-julio-de-2013","status":"publish","type":"post","link":"https:\/\/aedecanarias.eu\/?p=296","title":{"rendered":"La Presidencia del Consejo de la UE, en manos de Lituania desde el 1 de julio de 2013"},"content":{"rendered":"\n<div class=\"twitter-share\"><a href=\"https:\/\/twitter.com\/intent\/tweet?via=aedecanarias\" class=\"twitter-share-button\" data-size=\"large\">Twittear<\/a><\/div>\n<div style=\"clear: both; text-align: center;\"><a href=\"http:\/\/2.bp.blogspot.com\/-aBUnx86JvIc\/Uc_9h8vkC3I\/AAAAAAAAAKo\/u58Uvrq1l5Q\/s210\/lituania.jpg\" style=\"clear: left; float: left; margin-bottom: 1em; margin-right: 1em;\"><img loading=\"lazy\" decoding=\"async\" border=\"0\" height=\"104\" src=\"http:\/\/2.bp.blogspot.com\/-aBUnx86JvIc\/Uc_9h8vkC3I\/AAAAAAAAAKo\/u58Uvrq1l5Q\/s200\/lituania.jpg\" width=\"200\" \/><\/a><\/div>\n<p><span style=\"background-color: #d6cebe; color: #333333; font-family: Verdana, Arial, Helvetica, sans-serif; font-size: 13px; line-height: 17px; text-align: justify;\">Con motivo del inicio de la Presidencia Lituana de la UE durante el segundo semestre de 2013, en coincidencia con la adhesi\u00f3n de Croacia a la UE, el lunes, 1 de julio a las 13.00 horas se celebrar\u00e1 un acto solemne en el exterior de la Sede de las Instituciones&nbsp;&nbsp;Europeas en Espa\u00f1a (Paseo de la Castellana 46, Madrid). &nbsp;<\/span><br \/><span style=\"background-color: #d6cebe; color: #333333; font-family: Verdana, Arial, Helvetica, sans-serif; font-size: 13px; line-height: 17px; text-align: justify;\"><br \/><\/span><span style=\"background-color: white; color: #333333; font-family: Verdana, Arial, Helvetica, sans-serif; font-size: 13px; line-height: 17px; text-align: justify;\">Se contar\u00e1 con la presencia de I\u00f1igo M\u00e9ndez de Vigo, Secretario de Estado para la Uni\u00f3n Europea; Audra Plepyte-Jara, Embajadora de Lituania en Espa\u00f1a; Neven Pelicaric, Embajador de Croacia en Espa\u00f1a; Justin Harman, Embajador de Irlanda en Espa\u00f1a;&nbsp;&nbsp;Ignacio Samper, Director de la Oficina del Parlamento Europeo en Espa\u00f1a y Francisco Fonseca, Director de la Representaci\u00f3n de la Comisi\u00f3n Europea en Espa\u00f1a.&nbsp;&nbsp;<\/span><br style=\"background-color: white; color: #333333; font-family: Verdana, Arial, Helvetica, sans-serif; font-size: 13px; line-height: 17px; text-align: justify;\" \/><span style=\"background-color: white; color: #333333; font-family: Verdana, Arial, Helvetica, sans-serif; font-size: 13px; line-height: 17px; text-align: justify;\">Tras unas declaraciones de los presentes se proceder\u00e1 a un izado oficial de la bandera de Lituania, seguida de la bandera de Croacia y acompa\u00f1ado por el himno europeo.&nbsp;<\/span><br style=\"background-color: white; color: #333333; font-family: Verdana, Arial, Helvetica, sans-serif; font-size: 13px; line-height: 17px; text-align: justify;\" \/><span style=\"background-color: white; color: #333333; font-family: Verdana, Arial, Helvetica, sans-serif; font-size: 13px; line-height: 17px; text-align: justify;\">La embajadora de Lituania har\u00e1 entrega al ganador del premio \u00abImaging Europe\u00bb,&nbsp;&nbsp;concurso en Facebook lanzado en colaboraci\u00f3n con la Comisi\u00f3n Europea y la Embajada de Lituania.<\/span><\/p>\n","protected":false},"excerpt":{"rendered":"<p>Con motivo del inicio de la Presidencia Lituana de la UE durante el segundo semestre&#8230;<\/p>\n","protected":false},"author":2,"featured_media":0,"comment_status":"open","ping_status":"open","sticky":false,"template":"","format":"standard","meta":{"ngg_post_thumbnail":0,"footnotes":""},"categories":[1],"tags":[],"class_list":["post-296","post","type-post","status-publish","format-standard","hentry","category-hemeroteca"],"_links":{"self":[{"href":"https:\/\/aedecanarias.eu\/index.php?rest_route=\/wp\/v2\/posts\/296","targetHints":{"allow":["GET"]}}],"collection":[{"href":"https:\/\/aedecanarias.eu\/index.php?rest_route=\/wp\/v2\/posts"}],"about":[{"href":"https:\/\/aedecanarias.eu\/index.php?rest_route=\/wp\/v2\/types\/post"}],"author":[{"embeddable":true,"href":"https:\/\/aedecanarias.eu\/index.php?rest_route=\/wp\/v2\/users\/2"}],"replies":[{"embeddable":true,"href":"https:\/\/aedecanarias.eu\/index.php?rest_route=%2Fwp%2Fv2%2Fcomments&post=296"}],"version-history":[{"count":0,"href":"https:\/\/aedecanarias.eu\/index.php?rest_route=\/wp\/v2\/posts\/296\/revisions"}],"wp:attachment":[{"href":"https:\/\/aedecanarias.eu\/index.php?rest_route=%2Fwp%2Fv2%2Fmedia&parent=296"}],"wp:term":[{"taxonomy":"category","embeddable":true,"href":"https:\/\/aedecanarias.eu\/index.php?rest_route=%2Fwp%2Fv2%2Fcategories&post=296"},{"taxonomy":"post_tag","embeddable":true,"href":"https:\/\/aedecanarias.eu\/index.php?rest_route=%2Fwp%2Fv2%2Ftags&post=296"}],"curies":[{"name":"wp","href":"https:\/\/api.w.org\/{rel}","templated":true}]}}