{"id":2942,"date":"2022-03-07T16:31:28","date_gmt":"2022-03-07T16:31:28","guid":{"rendered":"https:\/\/aedecanarias.eu\/?p=2942"},"modified":"2022-04-19T01:07:06","modified_gmt":"2022-04-19T00:07:06","slug":"dia-internacional-de-la-mujer-2022","status":"publish","type":"post","link":"https:\/\/aedecanarias.eu\/?p=2942","title":{"rendered":"D\u00eda Internacional de la Mujer 2022"},"content":{"rendered":"\n<div class=\"twitter-share\"><a href=\"https:\/\/twitter.com\/intent\/tweet?via=aedecanarias\" class=\"twitter-share-button\" data-size=\"large\">Twittear<\/a><\/div>\n\n<p>Este 8 de marzo, D\u00eda Internacional de la Mujer, \u00fanase a ONU Mujeres y al mundo bajo el lema \u00abIgualdad de g\u00e9nero hoy para un ma\u00f1ana sostenible\u00bb y reclame una acci\u00f3n por el clima por y para las mujeres.<\/p>\n\n\n\n<h4 class=\"wp-block-heading\">En la mira: D\u00eda Internacional de la Mujer 2022<\/h4>\n\n\n\n<p>&nbsp;&nbsp;&nbsp; &nbsp;&nbsp; &nbsp;&nbsp; &nbsp;&nbsp; &nbsp;&nbsp; &nbsp;&nbsp; &nbsp;&nbsp; &nbsp;&nbsp; &nbsp;&nbsp; &nbsp;&nbsp; &nbsp;&nbsp; &nbsp;&nbsp; &nbsp;&nbsp; &nbsp;&nbsp; &nbsp;&nbsp; &nbsp;&nbsp; &nbsp;&nbsp; &nbsp;&nbsp; &nbsp;&nbsp; &nbsp;&nbsp; &nbsp;&nbsp; <\/p>\n\n\n\n<p>La informaci\u00f3n m\u00e1s reciente de la que disponemos nos ha permitido entender que existe un v\u00ednculo fundamental entre g\u00e9nero, equidad social y cambio clim\u00e1tico y reconocer que, sin igualdad de g\u00e9nero hoy, el futuro sostenible y equitativo seguir\u00e1 estando fuera de nuestro alcance<\/p>\n\n\n\n<p>Las mujeres y las ni\u00f1as sufren m\u00e1s el impacto de la crisis clim\u00e1tica ya que \u00e9sta amplifica las desigualdades de g\u00e9nero existentes y pone la vida y los medios de vida de las mujeres en peligro. En todo el mundo, las mujeres dependen m\u00e1s de los recursos naturales, tienen menos acceso a ellos y, a menudo, asumen una responsabilidad desproporcionada como encargadas de asegurar el suministro de comida, agua y combustible.<\/p>\n\n\n\n<p>Dado que las mujeres y las ni\u00f1as soportan la carga de los efectos de esta crisis, tambi\u00e9n es esencial que lideren y dirijan el cambio en pos de soluciones, de la mitigaci\u00f3n y la adaptaci\u00f3n clim\u00e1tica. Sin la inclusi\u00f3n de la mitad de la poblaci\u00f3n mundial, es poco probable que ma\u00f1ana se hagan realidad las soluciones que nos brinden un planeta sostenible y un mundo en el que haya igualdad de g\u00e9nero.&nbsp;https:\/\/www.youtube.com\/embed\/380G6e51csU?autoplay=0&amp;start=0&amp;rel=0<\/p>\n\n\n\n<p>El a\u00f1o pasado, en el&nbsp;<a href=\"https:\/\/forum.generationequality.org\/es\">Foro Generaci\u00f3n Igualdad<\/a>, se puso en marcha&nbsp;<a href=\"https:\/\/forum.generationequality.org\/sites\/default\/files\/2021-09\/FACJ_AC%20.pdf\">la&nbsp;Coalici\u00f3n para la Acci\u00f3n<\/a>sobre la acci\u00f3n feminista por la justicia clim\u00e1tica, que re\u00fane a Gobiernos, a empresas del sector privado, al sistema de las Naciones Unidas y a la sociedad civil con el fin de adoptar compromisos concretos para justicia clim\u00e1tica. Este D\u00eda Internacional de la Mujer, la Coalici\u00f3n para la Acci\u00f3n est\u00e1 impulsando la inversi\u00f3n y la acci\u00f3n global centradas en financiar soluciones clim\u00e1ticas con justicia de g\u00e9nero, aumentar el liderazgo de las mujeres en la econom\u00eda verde, mejorar la resiliencia de las mujeres y las ni\u00f1as a los desastres y los impactos clim\u00e1ticos e incrementar el uso de los datos sobre igualdad de g\u00e9nero y clima.&nbsp;<\/p>\n\n\n\n<p>\u00danase a esta iniciativa para celebrar todas las formas en las que las mujeres y las ni\u00f1as est\u00e1n actuando por el clima a todos los niveles y contribuya a amplificar su voz y apoyar su trabajo.<\/p>\n\n\n\n<h2 class=\"wp-block-heading\">Statements<\/h2>\n\n\n\n<ul class=\"wp-block-list\"><li><a href=\"https:\/\/www.unwomen.org\/en\/news-stories\/statement\/2022\/03\/celebrating-the-solution-multipliers\"><strong>Celebrating the solution multipliers<\/strong><\/a><br>In her statement for International Women&#8217;s Day, UN Women Executive Director Sima Bahous says: \u00abLet us make this International Women\u2019s Day a moment to recall that we have the answers not just for SDG 5 but, through the advancement of gender equality, for all 17 Sustainable Development Goals and Agenda 2030. I look forward to working with every one of you to that end. \u00ab<\/li><\/ul>\n\n\n\n<h2 class=\"wp-block-heading\">Evento: Celebraci\u00f3n de las Naciones Unidas del D\u00eda Internacional de la Mujer 2022<\/h2>\n\n\n\n<p>ONU Mujeres se complace en invitarle a la celebraci\u00f3n de las Naciones Unidas del D\u00eda Internacional de la Mujer 2022. El lema es \u00abIgualdad de g\u00e9nero hoy para un ma\u00f1ana sostenible\u00bb.&nbsp;<a href=\"https:\/\/www.unwomen.org\/en\/news-and-events\/events\/2022\/02\/international-womens-day-2022\">M\u00e1s informaci\u00f3n \u25ba<\/a><\/p>\n\n\n\n<h2 class=\"wp-block-heading\">M\u00e1s informaci\u00f3n sobre este tema<\/h2>\n\n\n\n<p>4SWIPE LEFT&nbsp;SWIPE RIGHT<\/p>\n\n\n\n<figure class=\"wp-block-image\"><img decoding=\"async\" src=\"https:\/\/www.unwomen.org\/sites\/default\/files\/2022-03\/YouthClimate-Comp.png\" alt=\"Youth climate champions.\"\/><\/figure>\n\n\n\n<p>REPORTAJE<\/p>\n\n\n\n<h3 class=\"wp-block-heading\">J\u00f3venes l\u00edderes de la acci\u00f3n clim\u00e1tica a quienes admiramos<\/h3>\n\n\n\n<p><a href=\"https:\/\/www.unwomen.org\/es\/noticias\/reportaje\/2022\/03\/voces-de-jovenes-por-el-cambio-cuatro-jovenes-lideres-de-accion-por-el-clima-que-admiramos\">J\u00f3venes l\u00edderes de la acci\u00f3n clim\u00e1tica a quienes admiramos<\/a><\/p>\n\n\n\n<figure class=\"wp-block-image\"><img decoding=\"async\" src=\"https:\/\/www.unwomen.org\/sites\/default\/files\/2022-02\/BRASIL-DANDARA-RUDSAN.jpg\" alt=\"Dandara Rudsan. Foto: Yvi Oliveira.\"\/><\/figure>\n\n\n\n<p>REPORTAJE<\/p>\n\n\n\n<h3 class=\"wp-block-heading\">Art\u00edculo explicativo: C\u00f3mo est\u00e1n conectados el cambio clim\u00e1tico y el g\u00e9nero<\/h3>\n\n\n\n<p><a href=\"https:\/\/www.unwomen.org\/es\/noticias\/articulo-explicativo\/2022\/03\/articulo-explicativo-como-la-desigualdad-de-genero-y-el-cambio-climatico-estan-relacionados-entre-si\">Art\u00edculo explicativo: C\u00f3mo est\u00e1n conectados el cambio clim\u00e1tico y el g\u00e9nero<\/a><\/p>\n\n\n\n<figure class=\"wp-block-image\"><img decoding=\"async\" src=\"https:\/\/www.unwomen.org\/sites\/default\/files\/2022-03\/FiveWaysToBuildGEandSustainability_Guinea_960x640.jpg\" alt=\"En Guinea, las mujeres de las zonas rurales constituyen cooperativas donde aprenden a cultivar un \u00e1rbol rico en vitaminas llamado Moringa, y a limpiar, secar y vender sus hojas.\"\/><\/figure>\n\n\n\n<p>REPORTAJE<\/p>\n\n\n\n<h3 class=\"wp-block-heading\">Cinco formas de impulsar la igualdad de g\u00e9nero y la sostenibilidad<\/h3>\n\n\n\n<p><a href=\"https:\/\/www.unwomen.org\/es\/noticias\/reportaje\/2022\/03\/cinco-acciones-para-fomentar-la-igualdad-de-genero-y-la-sostenibilidad\">Cinco formas de impulsar la igualdad de g\u00e9nero y la sostenibilidad<\/a><\/p>\n\n\n\n<figure class=\"wp-block-image\"><img decoding=\"async\" src=\"https:\/\/www.unwomen.org\/sites\/default\/files\/2022-02\/FWIS_Kenya_NorahMagero_016_960x640.jpg\" alt=\"Norah Magero posa para una foto con Vaccibox, un innovador refrigerador alimentado por energ\u00eda solar fabricado por su organizaci\u00f3n Drop Access con materiales disponibles localmente. Foto: RAEng\/GGImages\/Alissa Everett.\"\/><\/figure>\n\n\n\n<p>REPORTAJE<\/p>\n\n\n\n<h3 class=\"wp-block-heading\">Art\u00edculo explicativo: Por qu\u00e9 las mujeres deben estar en el centro de la acci\u00f3n clim\u00e1tica<\/h3>\n\n\n\n<p><a href=\"https:\/\/www.unwomen.org\/es\/noticias\/articulo-explicativo\/2022\/03\/articulo-explicativo-por-que-las-mujeres-deben-ocupar-un-lugar-preponderante-en-las-medidas-de-accion-por-el-clima\"><\/a><\/p>\n","protected":false},"excerpt":{"rendered":"<p>Este 8 de marzo, D\u00eda Internacional de la Mujer, \u00fanase a ONU Mujeres y al&#8230;<\/p>\n","protected":false},"author":3,"featured_media":2943,"comment_status":"closed","ping_status":"closed","sticky":false,"template":"","format":"standard","meta":{"ngg_post_thumbnail":0,"footnotes":""},"categories":[10],"tags":[],"class_list":["post-2942","post","type-post","status-publish","format-standard","has-post-thumbnail","hentry","category-tribuna"],"_links":{"self":[{"href":"https:\/\/aedecanarias.eu\/index.php?rest_route=\/wp\/v2\/posts\/2942","targetHints":{"allow":["GET"]}}],"collection":[{"href":"https:\/\/aedecanarias.eu\/index.php?rest_route=\/wp\/v2\/posts"}],"about":[{"href":"https:\/\/aedecanarias.eu\/index.php?rest_route=\/wp\/v2\/types\/post"}],"author":[{"embeddable":true,"href":"https:\/\/aedecanarias.eu\/index.php?rest_route=\/wp\/v2\/users\/3"}],"replies":[{"embeddable":true,"href":"https:\/\/aedecanarias.eu\/index.php?rest_route=%2Fwp%2Fv2%2Fcomments&post=2942"}],"version-history":[{"count":2,"href":"https:\/\/aedecanarias.eu\/index.php?rest_route=\/wp\/v2\/posts\/2942\/revisions"}],"predecessor-version":[{"id":2968,"href":"https:\/\/aedecanarias.eu\/index.php?rest_route=\/wp\/v2\/posts\/2942\/revisions\/2968"}],"wp:featuredmedia":[{"embeddable":true,"href":"https:\/\/aedecanarias.eu\/index.php?rest_route=\/wp\/v2\/media\/2943"}],"wp:attachment":[{"href":"https:\/\/aedecanarias.eu\/index.php?rest_route=%2Fwp%2Fv2%2Fmedia&parent=2942"}],"wp:term":[{"taxonomy":"category","embeddable":true,"href":"https:\/\/aedecanarias.eu\/index.php?rest_route=%2Fwp%2Fv2%2Fcategories&post=2942"},{"taxonomy":"post_tag","embeddable":true,"href":"https:\/\/aedecanarias.eu\/index.php?rest_route=%2Fwp%2Fv2%2Ftags&post=2942"}],"curies":[{"name":"wp","href":"https:\/\/api.w.org\/{rel}","templated":true}]}}