{"id":294,"date":"2013-07-02T08:17:00","date_gmt":"2013-07-02T08:17:00","guid":{"rendered":"https:\/\/aedecanarias.eu\/proteccion-de-datos-el-pe-moderniza-las-normas-para-salvaguardar-la-privacidad-del-ciudadano"},"modified":"2013-07-02T08:17:00","modified_gmt":"2013-07-02T08:17:00","slug":"proteccion-de-datos-el-pe-moderniza-las-normas-para-salvaguardar-la-privacidad-del-ciudadano","status":"publish","type":"post","link":"https:\/\/aedecanarias.eu\/?p=294","title":{"rendered":"Protecci\u00f3n de datos: el PE moderniza las normas para salvaguardar la privacidad del ciudadano"},"content":{"rendered":"\n<div class=\"twitter-share\"><a href=\"https:\/\/twitter.com\/intent\/tweet?via=aedecanarias\" class=\"twitter-share-button\" data-size=\"large\">Twittear<\/a><\/div>\n<div style=\"clear: both; text-align: center;\"><a href=\"http:\/\/1.bp.blogspot.com\/-ICZdqdQqUoQ\/UdKMBNoMlOI\/AAAAAAAAALM\/0rALZIYaK9A\/s722\/20130508PHT08120_original.jpg\" style=\"clear: right; float: right; margin-bottom: 1em; margin-left: 1em;\"><img loading=\"lazy\" decoding=\"async\" border=\"0\" height=\"200\" src=\"http:\/\/1.bp.blogspot.com\/-ICZdqdQqUoQ\/UdKMBNoMlOI\/AAAAAAAAALM\/0rALZIYaK9A\/s200\/20130508PHT08120_original.jpg\" width=\"200\" \/><\/a><\/div>\n<p><span style=\"background-color: white; color: #363636; font-family: Arial, Helvetica, sans-serif; font-size: 12px; line-height: 19px;\">En el mundo de Internet, tel\u00e9fonos inteligentes y redes sociales es muy f\u00e1cil facilitar y buscar informaci\u00f3n personal. Demasiado f\u00e1cil, quiz\u00e1s. Proteger su vida privada es muy importante como muchas personas comprueban cuando, por ejemplo, no obtienen un cr\u00e9dito por revelar que viven en un barrio con mala reputaci\u00f3n; al publicar fotos en la red que se vuelven contra ellas; o cuando p\u00e1ginas web supuestamente gratuitas obtienen beneficios utilizando y vendiendo los datos privados de sus usuarios.<\/span><br \/><span style=\"background-color: white; color: #363636; font-family: Arial, Helvetica, sans-serif; font-size: 12px; line-height: 19px;\"><br \/><\/span><span style=\"background-color: white; color: #363636; font-family: Arial, Helvetica, sans-serif; font-size: 12px; line-height: 19px;\"><\/span><br \/><a name='more'><\/a><\/p>\n<p><span style=\"background-color: white; color: #363636; font-family: Arial, Helvetica, sans-serif; font-size: 12px; line-height: 19px;\"><br \/><\/span><span style=\"background-color: white; color: #363636; font-family: Arial, Helvetica, sans-serif; font-size: 12px; line-height: 19px;\">La legislaci\u00f3n europea en vigor se remonta a 1995, por lo que debe actualizarse para estar a la altura de la evoluci\u00f3n de la tecnolog\u00eda. La Comisi\u00f3n Europea propuso en 2012 un nuevo reglamento para garantizar que todos los datos recopilados en la red est\u00e1n a salvo, y para proporcionar a las empresas que procesan estos datos un marco legal claro y \u00fanico en toda la UE.<\/span><br style=\"background-color: white; color: #363636; font-family: Arial, Helvetica, sans-serif; font-size: 12px; line-height: 19px;\" \/><br style=\"background-color: white; color: #363636; font-family: Arial, Helvetica, sans-serif; font-size: 12px; line-height: 19px;\" \/><span style=\"background-color: white; color: #363636; font-family: Arial, Helvetica, sans-serif; font-size: 12px; line-height: 19px;\">El Parlamento Europeo trabaja en la actualidad en esta propuesta de reglamento, y tambi\u00e9n en una propuesta de directiva sobre el tratamiento de los datos privados a cargo de las autoridades encargadas de aplicar y hacer respetar la ley. Cuatro comisiones de la Euroc\u00e1mara han adoptado sus respectivas posiciones sobre la materia. Y a finales de junio de 2013 est\u00e1 prevista la votaci\u00f3n de la comisi\u00f3n parlamentaria que lidera el procedimiento legislativo: la comisi\u00f3n de Libertades Civiles, Justicia y Asuntos de Interior.<\/span><br style=\"background-color: white; color: #363636; font-family: Arial, Helvetica, sans-serif; font-size: 12px; line-height: 19px;\" \/><br style=\"background-color: white; color: #363636; font-family: Arial, Helvetica, sans-serif; font-size: 12px; line-height: 19px;\" \/><span style=\"background-color: white; color: #363636; font-family: Arial, Helvetica, sans-serif; font-size: 12px; line-height: 19px;\">El Parlamento Europeo ha organizado un seminario para periodistas los d\u00edas 14 y 15 de mayo para detallar y debatir todas las cuestiones que est\u00e1n en juego.<\/span><br style=\"background-color: white; color: #363636; font-family: Arial, Helvetica, sans-serif; font-size: 12px; line-height: 19px;\" \/><br style=\"background-color: white; color: #363636; font-family: Arial, Helvetica, sans-serif; font-size: 12px; line-height: 19px;\" \/><span style=\"background-color: white; color: #363636; font-family: Arial, Helvetica, sans-serif; font-size: 12px; line-height: 19px;\">Los diferentes art\u00edculos que componen este dossier le informar\u00e1n sobre la protecci\u00f3n de datos y sobre c\u00f3mo el Parlamento Europeo ha peleado para mejorarla. Participe en la conversaci\u00f3n sobre la materia en Twitter utilizando #EUdataP.<\/span><\/p>\n","protected":false},"excerpt":{"rendered":"<p>En el mundo de Internet, tel\u00e9fonos inteligentes y redes sociales es muy f\u00e1cil facilitar y&#8230;<\/p>\n","protected":false},"author":2,"featured_media":0,"comment_status":"open","ping_status":"open","sticky":false,"template":"","format":"standard","meta":{"ngg_post_thumbnail":0,"footnotes":""},"categories":[1],"tags":[],"class_list":["post-294","post","type-post","status-publish","format-standard","hentry","category-hemeroteca"],"_links":{"self":[{"href":"https:\/\/aedecanarias.eu\/index.php?rest_route=\/wp\/v2\/posts\/294","targetHints":{"allow":["GET"]}}],"collection":[{"href":"https:\/\/aedecanarias.eu\/index.php?rest_route=\/wp\/v2\/posts"}],"about":[{"href":"https:\/\/aedecanarias.eu\/index.php?rest_route=\/wp\/v2\/types\/post"}],"author":[{"embeddable":true,"href":"https:\/\/aedecanarias.eu\/index.php?rest_route=\/wp\/v2\/users\/2"}],"replies":[{"embeddable":true,"href":"https:\/\/aedecanarias.eu\/index.php?rest_route=%2Fwp%2Fv2%2Fcomments&post=294"}],"version-history":[{"count":0,"href":"https:\/\/aedecanarias.eu\/index.php?rest_route=\/wp\/v2\/posts\/294\/revisions"}],"wp:attachment":[{"href":"https:\/\/aedecanarias.eu\/index.php?rest_route=%2Fwp%2Fv2%2Fmedia&parent=294"}],"wp:term":[{"taxonomy":"category","embeddable":true,"href":"https:\/\/aedecanarias.eu\/index.php?rest_route=%2Fwp%2Fv2%2Fcategories&post=294"},{"taxonomy":"post_tag","embeddable":true,"href":"https:\/\/aedecanarias.eu\/index.php?rest_route=%2Fwp%2Fv2%2Ftags&post=294"}],"curies":[{"name":"wp","href":"https:\/\/api.w.org\/{rel}","templated":true}]}}