{"id":2939,"date":"2022-03-05T17:45:36","date_gmt":"2022-03-05T17:45:36","guid":{"rendered":"https:\/\/aedecanarias.eu\/?p=2939"},"modified":"2022-03-05T17:45:37","modified_gmt":"2022-03-05T17:45:37","slug":"dia-internacional-de-la-mujer-2022-por-un-futuro-ambicioso-tras-la-pandemia-de-covid-19","status":"publish","type":"post","link":"https:\/\/aedecanarias.eu\/?p=2939","title":{"rendered":"D\u00eda Internacional de la Mujer 2022: por un futuro ambicioso tras la pandemia de Covid-19"},"content":{"rendered":"\n<div class=\"twitter-share\"><a href=\"https:\/\/twitter.com\/intent\/tweet?via=aedecanarias\" class=\"twitter-share-button\" data-size=\"large\">Twittear<\/a><\/div>\n\n<p>Los eventos del Parlamento en torno al D\u00eda Internacional de la Mujer 2022 se centrar\u00e1n en el teletrabajo, la igualdad de g\u00e9nero, la carga mental y los trabajos no retribuidos de cuidados.<\/p>\n\n\n\n<figure class=\"wp-block-image\"><a href=\"https:\/\/www.europarl.europa.eu\/resources\/library\/images\/20220224PHT24010\/20220224PHT24010_original.jpg\" target=\"_blank\" rel=\"noreferrer noopener\"><img decoding=\"async\" src=\"https:\/\/www.europarl.europa.eu\/resources\/library\/images\/20220224PHT24010\/20220224PHT24010-cl.jpg\" alt=\"IWD_small\"\/><\/a><figcaption>D\u00eda Internacional de la Mujer 2022&nbsp;<\/figcaption><\/figure>\n\n\n\n<p>El mundo comienza a salir de la pandemia de Covid-19 a la vez que sopesa el impacto en la vida laboral y dom\u00e9stica, lo que ocupa un lugar destacado en la agenda. Para conmemorar el d\u00eda de la mujer el Parlamento participar\u00e1 el 3 de marzo en una reuni\u00f3n interparlamentaria titulada \u00abUn futuro ambicioso para las mujeres europeas despu\u00e9s de la Covid-19: carga mental, igualdad de g\u00e9nero en el teletrabajo y trabajo de cuidados no remunerado tras la pandemia\u00bb.<\/p>\n\n\n\n<p>El evento est\u00e1 organizado por la&nbsp;<a href=\"https:\/\/www.europarl.europa.eu\/committees\/es\/femm\/home\/highlights\" target=\"_blank\" rel=\"noreferrer noopener\">comisi\u00f3n parlamentaria de Derechos de las Mujeres e Igualdad de G\u00e9nero<\/a>&nbsp;en colaboraci\u00f3n con la Direcci\u00f3n de Relaciones con los Parlamentos Nacionales. La presidenta del Parlamento Europeo,&nbsp;<strong>Roberta Metsola<\/strong>; la ministra de Igualdad de G\u00e9nero, Diversidad e Igualdad de Oportunidades en Francia,&nbsp;<strong>\u00c9lisabeth Moreno<\/strong>; y la vicepresidenta de Valores y Transparencia de la Comisi\u00f3n Europea,&nbsp;<strong>V\u011bra Jourov\u00e1<\/strong>&nbsp;inaugurar\u00e1n la reuni\u00f3n. La primera ministra de Islandia,&nbsp;<strong>Katr\u00edn Jakobsd\u00f3ttir<\/strong>, pronunciar\u00e1 el discurso de apertura.<\/p>\n\n\n\n<p><em><a href=\"https:\/\/www.europarl.europa.eu\/cmsdata\/245225\/Drat%20programme_FEMM%20ICM%20IWD%202022.pdf\" target=\"_blank\" rel=\"noreferrer noopener\">M\u00e1s informaci\u00f3n sobre el evento.<\/a><\/em><\/p>\n\n\n\n<p>La reuni\u00f3n, organizada por el presidente de la comisi\u00f3n de Derechos de las Mujeres,&nbsp;<strong>Robert Biedro\u0144<\/strong>, tendr\u00e1 lugar por videoconferencia el jueves 3 de marzo de 9:00 a 12:00 horas y se transmitir\u00e1 en directo en&nbsp;<a href=\"https:\/\/multimedia.europarl.europa.eu\/es\/webstreaming\/committee-on-women-s-rights-and-gender-equality_20220303-0900-COMMITTEE-FEMM\" target=\"_blank\" rel=\"noreferrer noopener\">este enlace<\/a>.<\/p>\n\n\n\n<h3 class=\"wp-block-heading\">Otros eventos<\/h3>\n\n\n\n<p>La sesi\u00f3n plenaria en Estrasburgo conmemorar\u00e1 el D\u00eda Internacional de la Mujer el 8 de marzo. El d\u00eda anterior tambi\u00e9n en Estrasburgo, se celebrar\u00e1 un seminario para los medios de comunicaci\u00f3n en el que se analizar\u00e1 el papel del PE y la UE en la mejora de la igualdad de g\u00e9nero. Se retransmitir\u00e1 en directo.Redes sociales<\/p>\n\n\n\n<ul class=\"wp-block-list\"><li>#IWD2022EP<\/li><li>#D\u00edaInternacionalDeLaMujer<\/li><\/ul>\n\n\n\n<h3 class=\"wp-block-heading\">M\u00e1s sobre el teletrabajo<\/h3>\n\n\n\n<p>La Comisi\u00f3n Europea y el Parlamento Europeo organizar\u00e1n de manera conjunta el 15 de marzo una&nbsp;<a href=\"https:\/\/www.right2disconnect.eu\/\" target=\"_blank\" rel=\"noreferrer noopener\">conferencia sobre el derecho a la desconexi\u00f3n y el teletrabajo<\/a>. En ella se analizar\u00e1n las tendencias y la evoluci\u00f3n del trabajo desde casa y el derecho a desconectar, as\u00ed como las oportunidades y los retos relacionados.<\/p>\n\n\n\n<h2 class=\"wp-block-heading\"><strong>M\u00e1s informaci\u00f3n<\/strong><\/h2>\n\n\n\n<ul class=\"wp-block-list\"><li><a target=\"_blank\" href=\"https:\/\/multimedia.europarl.europa.eu\/es\/webstreaming?df=2022-02-28\" rel=\"noreferrer noopener\">Enlaces a todos los v\u00eddeos en directo de los eventos&nbsp;<\/a><\/li><li><a target=\"_blank\" href=\"https:\/\/www.europarl.europa.eu\/EPRS\/TD_Gender_Equality.pdf\" rel=\"noreferrer noopener\">Estudio del PE: Igualdad de g\u00e9nero&nbsp;&nbsp;<\/a><\/li><li><a target=\"_blank\" href=\"https:\/\/epthinktank.eu\/2021\/10\/21\/exploring-gender-equality-across-policy-areas\/\" rel=\"noreferrer noopener\">Estudio del PE: La igualdad de g\u00e9nero en todos los \u00e1mbitos pol\u00edticos&nbsp;<\/a><\/li><li><a target=\"_blank\" href=\"https:\/\/www.europarl.europa.eu\/RegData\/etudes\/STUD\/2021\/694784\/IPOL_STU(2021)694784_EN.pdf\" rel=\"noreferrer noopener\">Estudio &#8211; Igualdad de g\u00e9nero: Valor econ\u00f3mico de los cuidados desde la perspectiva de los fondos aplicables de la UE&nbsp;&nbsp;<\/a><\/li><li><a href=\"https:\/\/www.europarl.europa.eu\/thinktank\/es\/document\/IPOL_STU(2021)662904\">Think Tank del Parlamento: El impacto del teletrabajo y el trabajo digital en los trabajadores y la sociedad&nbsp;&nbsp;<\/a><\/li><\/ul>\n","protected":false},"excerpt":{"rendered":"<p>Los eventos del Parlamento en torno al D\u00eda Internacional de la Mujer 2022 se centrar\u00e1n&#8230;<\/p>\n","protected":false},"author":3,"featured_media":2940,"comment_status":"closed","ping_status":"closed","sticky":false,"template":"","format":"standard","meta":{"ngg_post_thumbnail":0,"footnotes":""},"categories":[10],"tags":[],"class_list":["post-2939","post","type-post","status-publish","format-standard","has-post-thumbnail","hentry","category-tribuna"],"_links":{"self":[{"href":"https:\/\/aedecanarias.eu\/index.php?rest_route=\/wp\/v2\/posts\/2939","targetHints":{"allow":["GET"]}}],"collection":[{"href":"https:\/\/aedecanarias.eu\/index.php?rest_route=\/wp\/v2\/posts"}],"about":[{"href":"https:\/\/aedecanarias.eu\/index.php?rest_route=\/wp\/v2\/types\/post"}],"author":[{"embeddable":true,"href":"https:\/\/aedecanarias.eu\/index.php?rest_route=\/wp\/v2\/users\/3"}],"replies":[{"embeddable":true,"href":"https:\/\/aedecanarias.eu\/index.php?rest_route=%2Fwp%2Fv2%2Fcomments&post=2939"}],"version-history":[{"count":1,"href":"https:\/\/aedecanarias.eu\/index.php?rest_route=\/wp\/v2\/posts\/2939\/revisions"}],"predecessor-version":[{"id":2941,"href":"https:\/\/aedecanarias.eu\/index.php?rest_route=\/wp\/v2\/posts\/2939\/revisions\/2941"}],"wp:featuredmedia":[{"embeddable":true,"href":"https:\/\/aedecanarias.eu\/index.php?rest_route=\/wp\/v2\/media\/2940"}],"wp:attachment":[{"href":"https:\/\/aedecanarias.eu\/index.php?rest_route=%2Fwp%2Fv2%2Fmedia&parent=2939"}],"wp:term":[{"taxonomy":"category","embeddable":true,"href":"https:\/\/aedecanarias.eu\/index.php?rest_route=%2Fwp%2Fv2%2Fcategories&post=2939"},{"taxonomy":"post_tag","embeddable":true,"href":"https:\/\/aedecanarias.eu\/index.php?rest_route=%2Fwp%2Fv2%2Ftags&post=2939"}],"curies":[{"name":"wp","href":"https:\/\/api.w.org\/{rel}","templated":true}]}}