{"id":293,"date":"2013-07-04T15:36:00","date_gmt":"2013-07-04T15:36:00","guid":{"rendered":"https:\/\/aedecanarias.eu\/elecciones-2014-una-campana-europea-para-elegir-al-presidente-de-la-comision"},"modified":"2013-07-04T15:36:00","modified_gmt":"2013-07-04T15:36:00","slug":"elecciones-2014-una-campana-europea-para-elegir-al-presidente-de-la-comision","status":"publish","type":"post","link":"https:\/\/aedecanarias.eu\/?p=293","title":{"rendered":"Elecciones 2014: una campa\u00f1a europea para elegir al presidente de la Comisi\u00f3n"},"content":{"rendered":"\n<div class=\"twitter-share\"><a href=\"https:\/\/twitter.com\/intent\/tweet?via=aedecanarias\" class=\"twitter-share-button\" data-size=\"large\">Twittear<\/a><\/div>\n<p><\/p>\n<div style=\"background-color: white; color: #222222; font-family: arial, sans-serif; font-size: 13px;\">\n<div style=\"clear: both; text-align: center;\"><a href=\"http:\/\/1.bp.blogspot.com\/-cIyW9avHHaQ\/UdWV3YjFCkI\/AAAAAAAAALc\/5lLj6YxS7h8\/s284\/images-1.jpeg\" style=\"clear: left; float: left; margin-bottom: 1em; margin-right: 1em;\"><img loading=\"lazy\" decoding=\"async\" border=\"0\" height=\"125\" src=\"http:\/\/1.bp.blogspot.com\/-cIyW9avHHaQ\/UdWV3YjFCkI\/AAAAAAAAALc\/5lLj6YxS7h8\/s200\/images-1.jpeg\" width=\"200\" \/><\/a><\/div>\n<div><b><span style=\"font-family: Arial; font-size: x-small;\"><span lang=\"ES-TRAD\" style=\"font-size: 10pt;\">Los candidatos que se presenten al cargo de presidente de la Comisi\u00f3n deber\u00e1n presentar sus programas pol\u00edticos en todos los Estados miembros y participar en una serie de debates p\u00fablicos, seg\u00fan una resoluci\u00f3n aprobada hoy por el pleno. El nombre de los candidatos y de los grupos pol\u00edticos europeos deber\u00e1 figurar en las papeletas junto a sus partidos nacionales, con suficiente antelaci\u00f3n como para que pueda organizarse una campa\u00f1a electoral a nivel comunitario centrada en temas europeos.<\/span><\/span><\/b><\/div>\n<\/div>\n<div style=\"background-color: white; color: #222222; font-family: arial, sans-serif; font-size: 13px;\"><\/div>\n<div style=\"background-color: white; color: #222222; font-family: arial, sans-serif; font-size: 13px;\"><span style=\"font-family: Arial; font-size: x-small;\"><span lang=\"ES-TRAD\" style=\"font-size: 10pt;\">Estas medidas forman parte de las recomendaciones dirigidas a los Estados miembros y partidos pol\u00edticos, con el objetivo de mejorar la organizaci\u00f3n de los comicios europeos de mayo de 2014, y recogidas en un informe elaborado por el liberal brit\u00e1nico Andrew Duff. El texto fue adoptado por 507 votos a favor, 120 en contra y 18 abstenciones.<u><\/u><u><\/u><\/span><\/span><\/div>\n<div style=\"background-color: white; color: #222222; font-family: arial, sans-serif; font-size: 13px;\"><\/div>\n<p><a name='more'><\/a><span style=\"font-family: Arial; font-size: x-small;\"><u><\/u><\/span><\/p>\n<div style=\"background-color: white; color: #222222; font-family: arial, sans-serif; font-size: 13px;\"><b><span style=\"font-family: Arial; font-size: x-small;\"><span lang=\"ES-TRAD\" style=\"font-size: 10pt;\">Debates p\u00fablicos entre los candidatos<u><\/u><u><\/u><\/span><\/span><\/b><\/div>\n<div style=\"background-color: white; color: #222222; font-family: arial, sans-serif; font-size: 13px;\"><\/div>\n<div style=\"background-color: white; color: #222222; font-family: arial, sans-serif; font-size: 13px;\"><span style=\"font-family: Arial; font-size: x-small;\"><span lang=\"ES-TRAD\" style=\"font-size: 10pt;\">Los partidos pol\u00edticos europeos deber\u00e1n designar a sus candidatos a presidente de la Comisi\u00f3n con \u00absuficiente antelaci\u00f3n respecto a las elecciones\u00bb como para permitir que se lleve a cabo una campa\u00f1a electoral centrada en asuntos europeos, basada en la plataforma del partido y en el programa de su respectivo candidato, seg\u00fan subraya el texto.<u><\/u><u><\/u><\/span><\/span><\/div>\n<div style=\"background-color: white; color: #222222; font-family: arial, sans-serif; font-size: 13px;\"><\/div>\n<div style=\"background-color: white; color: #222222; font-family: arial, sans-serif; font-size: 13px;\"><span style=\"font-family: Arial; font-size: x-small;\"><span lang=\"ES-TRAD\" style=\"font-size: 10pt;\">Los candidatos deber\u00e1n presentar sus programas pol\u00edticos en todos los Estados miembros de la UE. Los eurodiputados tambi\u00e9n instan a las formaciones pol\u00edticas a organizar una serie de debates p\u00fablicos entre los candidatos designados, y piden a los pa\u00edses de la UE que promuevan emisiones sobre la campa\u00f1a electoral en radio y televisi\u00f3n.<u><\/u><u><\/u><\/span><\/span><\/div>\n<div style=\"background-color: white; color: #222222; font-family: arial, sans-serif; font-size: 13px;\"><\/div>\n<div style=\"background-color: white; color: #222222; font-family: arial, sans-serif; font-size: 13px;\"><span style=\"font-family: Arial; font-size: x-small;\"><span lang=\"ES-TRAD\" style=\"font-size: 10pt;\">Los eurodiputados esperan que \u00abel candidato a presidente de la Comisi\u00f3n presentado por el partido pol\u00edtico europeo que gane el mayor n\u00famero de esca\u00f1os en el Parlamento sea el primero que se tenga en cuenta con miras a comprobar su capacidad para obtener el apoyo de la mayor\u00eda absoluta necesaria en el Parlamento\u00bb.<u><\/u><u><\/u><\/span><\/span><\/div>\n<div style=\"background-color: white; color: #222222; font-family: arial, sans-serif; font-size: 13px;\"><\/div>\n<div style=\"background-color: white; color: #222222; font-family: arial, sans-serif; font-size: 13px;\"><b><span style=\"font-family: Arial; font-size: x-small;\"><span lang=\"ES-TRAD\" style=\"font-size: 10pt;\">Inclusi\u00f3n de los partidos europeos en las papeletas<u><\/u><u><\/u><\/span><\/span><\/b><\/div>\n<div style=\"background-color: white; color: #222222; font-family: arial, sans-serif; font-size: 13px;\"><\/div>\n<div style=\"background-color: white; color: #222222; font-family: arial, sans-serif; font-size: 13px;\"><span style=\"font-family: Arial; font-size: x-small;\"><span lang=\"ES-TRAD\" style=\"font-size: 10pt;\">El Parlamento tambi\u00e9n exige a los Estados miembros y a los partidos pol\u00edticos que se aseguren de que los nombres de los partidos europeos y sus logos aparecen en las papeletas de votaci\u00f3n. En la actualidad, ning\u00fan Estado miembro cumple esta petici\u00f3n.<u><\/u><u><\/u><\/span><\/span><\/div>\n<div style=\"background-color: white; color: #222222; font-family: arial, sans-serif; font-size: 13px;\"><\/div>\n<div style=\"background-color: white; color: #222222; font-family: arial, sans-serif; font-size: 13px;\"><span style=\"font-family: Arial; font-size: x-small;\"><span lang=\"ES-TRAD\" style=\"font-size: 10pt;\">Los partidos pol\u00edticos nacionales deber\u00e1n informar a sus ciudadanos durante la campa\u00f1a electoral a qu\u00e9 partido europeo est\u00e1n adscritos, as\u00ed como a qu\u00e9 candidato apoyar\u00e1n para la presidencia de la Comisi\u00f3n.<u><\/u><u><\/u><\/span><\/span><\/div>\n<div style=\"background-color: white; color: #222222; font-family: arial, sans-serif; font-size: 13px;\"><\/div>\n<div style=\"background-color: white; color: #222222; font-family: arial, sans-serif; font-size: 13px;\"><b><span style=\"font-family: Arial; font-size: x-small;\"><span lang=\"ES-TRAD\" style=\"font-size: 10pt;\">Candidatos a eurodiputados<u><\/u><u><\/u><\/span><\/span><\/b><\/div>\n<div style=\"background-color: white; color: #222222; font-family: arial, sans-serif; font-size: 13px;\"><\/div>\n<div style=\"background-color: white; color: #222222; font-family: arial, sans-serif; font-size: 13px;\"><span style=\"font-family: Arial; font-size: x-small;\"><span lang=\"ES-TRAD\" style=\"font-size: 10pt;\">Los partidos pol\u00edticos deber\u00e1n hacer p\u00fablicos los nombres de los miembros de sus listas para las elecciones europeas al menos seis semanas antes de la fecha de inicio de las elecciones. Los partidos tambi\u00e9n deber\u00e1n presentar a un n\u00famero mayor de candidatas femeninas, y promover una representaci\u00f3n igualitaria siempre que sea posible.<\/span><\/span><\/div>\n<div style=\"background-color: white; color: #222222; font-family: arial, sans-serif; font-size: 13px;\"><span style=\"font-family: Arial; font-size: x-small;\"><span lang=\"ES-TRAD\" style=\"font-size: 10pt;\"><br \/><\/span><\/span><\/div>\n<div style=\"background-color: white; color: #222222; font-family: arial, sans-serif; font-size: 13px;\"><\/div>\n<div><span style=\"font-family: Arial; font-size: x-small;\"><span lang=\"ES-TRAD\" style=\"font-size: 10pt;\">&#8211; Elecciones 2014: distribuci\u00f3n de esca\u00f1os entre los 28 Estados miembros<u><\/u><u><\/u><\/span><\/span><\/div>\n<div><span style=\"font-family: Arial; font-size: x-small;\"><span lang=\"ES-TRAD\" style=\"font-size: 10pt;\"><a href=\"http:\/\/www.europarl.europa.eu\/news\/es\/pressroom\/content\/20130610IPR11414\/html\/Elecciones-2014-nuevo-reparto-de-esca%C3%B1os-entre-los-28-Estados-miembros\" style=\"color: #1155cc;\" target=\"_blank\" rel=\"noopener\">http:\/\/www.europarl.europa.eu\/<wbr><\/wbr>news\/es\/pressroom\/content\/<wbr><\/wbr>20130610IPR11414\/html\/<wbr><\/wbr>Elecciones-2014-nuevo-reparto-<wbr><\/wbr>de-esca%C3%B1os-entre-los-28-<wbr><\/wbr>Estados-miembros<\/a><\/span><\/span><\/div>\n<p><\/p>\n<div style=\"background-color: white; color: #222222; font-family: arial, sans-serif; font-size: 13px;\"><span style=\"font-family: Arial; font-size: x-small;\"><span lang=\"ES-TRAD\" style=\"font-size: 10pt;\"><br \/><\/span><\/span><\/div>\n","protected":false},"excerpt":{"rendered":"<p>Los candidatos que se presenten al cargo de presidente de la Comisi\u00f3n deber\u00e1n presentar sus&#8230;<\/p>\n","protected":false},"author":2,"featured_media":0,"comment_status":"open","ping_status":"open","sticky":false,"template":"","format":"standard","meta":{"ngg_post_thumbnail":0,"footnotes":""},"categories":[1],"tags":[],"class_list":["post-293","post","type-post","status-publish","format-standard","hentry","category-hemeroteca"],"_links":{"self":[{"href":"https:\/\/aedecanarias.eu\/index.php?rest_route=\/wp\/v2\/posts\/293","targetHints":{"allow":["GET"]}}],"collection":[{"href":"https:\/\/aedecanarias.eu\/index.php?rest_route=\/wp\/v2\/posts"}],"about":[{"href":"https:\/\/aedecanarias.eu\/index.php?rest_route=\/wp\/v2\/types\/post"}],"author":[{"embeddable":true,"href":"https:\/\/aedecanarias.eu\/index.php?rest_route=\/wp\/v2\/users\/2"}],"replies":[{"embeddable":true,"href":"https:\/\/aedecanarias.eu\/index.php?rest_route=%2Fwp%2Fv2%2Fcomments&post=293"}],"version-history":[{"count":0,"href":"https:\/\/aedecanarias.eu\/index.php?rest_route=\/wp\/v2\/posts\/293\/revisions"}],"wp:attachment":[{"href":"https:\/\/aedecanarias.eu\/index.php?rest_route=%2Fwp%2Fv2%2Fmedia&parent=293"}],"wp:term":[{"taxonomy":"category","embeddable":true,"href":"https:\/\/aedecanarias.eu\/index.php?rest_route=%2Fwp%2Fv2%2Fcategories&post=293"},{"taxonomy":"post_tag","embeddable":true,"href":"https:\/\/aedecanarias.eu\/index.php?rest_route=%2Fwp%2Fv2%2Ftags&post=293"}],"curies":[{"name":"wp","href":"https:\/\/api.w.org\/{rel}","templated":true}]}}