{"id":292,"date":"2013-07-14T16:25:00","date_gmt":"2013-07-14T16:25:00","guid":{"rendered":"https:\/\/aedecanarias.eu\/cuantas-mujeres-pudieron-estudiar-gracias-a-aquella-maestra-rural"},"modified":"2013-07-14T16:25:00","modified_gmt":"2013-07-14T16:25:00","slug":"cuantas-mujeres-pudieron-estudiar-gracias-a-aquella-maestra-rural","status":"publish","type":"post","link":"https:\/\/aedecanarias.eu\/?p=292","title":{"rendered":"\u00a1Cu\u00e1ntas mujeres pudieron estudiar gracias a aquella maestra rural!"},"content":{"rendered":"\n<div class=\"twitter-share\"><a href=\"https:\/\/twitter.com\/intent\/tweet?via=aedecanarias\" class=\"twitter-share-button\" data-size=\"large\">Twittear<\/a><\/div>\n<p><\/p>\n<div style=\"background-color: white; font-family: Arial, Helvetica, sans-serif; font-size: 13px; line-height: 15px; margin: 0px 0px 8px; padding: 0px 0px 10px;\">\n<div style=\"clear: both; text-align: center;\"><a href=\"http:\/\/2.bp.blogspot.com\/-laLmHj19aCE\/UeLQxvNZPDI\/AAAAAAAAALw\/MUcruCgcnqs\/s1600\/6a00d8341bfb1653ef017d41296abf970c-800wi.jpg\" style=\"clear: left; float: left; margin-bottom: 1em; margin-right: 1em;\"><img loading=\"lazy\" decoding=\"async\" border=\"0\" height=\"200\" src=\"http:\/\/2.bp.blogspot.com\/-laLmHj19aCE\/UeLQxvNZPDI\/AAAAAAAAALw\/MUcruCgcnqs\/s200\/6a00d8341bfb1653ef017d41296abf970c-800wi.jpg\" width=\"169\" \/><\/a><\/div>\n<h2 style=\"font-family: Georgia, 'Times New Roman', Times, serif; font-size: 33px; font-weight: normal; letter-spacing: -1px; line-height: 35px; margin: 0px 0px 12px; padding: 3px 5px 0px 0px;\"><span style=\"font-family: Arial, Helvetica, sans-serif; font-size: 11px; line-height: 11px;\">Por:<\/span><span style=\"font-family: Arial, Helvetica, sans-serif; font-size: 11px; line-height: 11px;\">&nbsp;<\/span><strong rel=\"author\" style=\"font-family: Arial, Helvetica, sans-serif; font-size: 11px; line-height: 11px;\">Carlos Arroyo<\/strong><span style=\"font-family: Arial, Helvetica, sans-serif; font-size: 11px; line-height: 11px;\">&nbsp;<\/span><span style=\"color: #1f8635; font-family: Arial, Helvetica, sans-serif; font-size: 11px; font-weight: bold; line-height: 11px;\" title=\"2013-07-11T09:00+02:00\">|&nbsp;<span>11<\/span>&nbsp;de&nbsp;<span>julio<\/span>&nbsp;de&nbsp;<span>2013. El Pa\u00eds<\/span><\/span><\/h2>\n<h2 style=\"font-family: Georgia, 'Times New Roman', Times, serif; font-size: 33px; font-weight: normal; letter-spacing: -1px; line-height: 35px; margin: 0px 0px 12px; padding: 3px 5px 0px 0px;\"><em style=\"font-family: arial, helvetica, sans-serif; font-size: 11pt; line-height: 18px;\">Post&nbsp;n\u00famero<strong>&nbsp;2<\/strong>&nbsp;de la serie<\/em><strong style=\"font-family: arial, helvetica, sans-serif; font-size: 11pt; line-height: 18px;\">&nbsp;El mejor profesor de mi vida,&nbsp;<\/strong><em style=\"font-family: arial, helvetica, sans-serif; font-size: 11pt; line-height: 18px;\">escrita por los lectores del blog como homenaje a la profesi\u00f3n docente.<\/em><\/h2>\n<h2 style=\"font-family: Georgia, 'Times New Roman', Times, serif; font-size: 33px; font-weight: normal; letter-spacing: -1px; line-height: 35px; margin: 0px 0px 12px; padding: 3px 5px 0px 0px;\"><strong style=\"font-family: arial, helvetica, sans-serif; font-size: 12pt; line-height: 18px;\">Autora invitada: OLIVIA ALONSO&nbsp;<\/strong><span style=\"font-family: arial, helvetica, sans-serif; font-size: 12pt; line-height: 18px;\">(Madrid) &nbsp;&nbsp;<\/span><\/h2>\n<h2 style=\"font-family: Georgia, 'Times New Roman', Times, serif; font-size: 33px; font-weight: normal; letter-spacing: -1px; line-height: 35px; margin: 0px 0px 12px; padding: 3px 5px 0px 0px;\"><span style=\"font-family: arial, helvetica, sans-serif; font-size: 11pt; line-height: 18px;\">Hace un par de a\u00f1os falleci\u00f3 Josefina Aldecoa, feminista, escritora y educadora. Del modelo educativo que propone no s\u00e9 gran cosa pero, s\u00ed conozco su faceta como escritora, he le\u00eddo varias de sus novelas, entre ellas la<\/span><span style=\"font-family: arial, helvetica, sans-serif; font-size: 11pt; line-height: 18px;\">&nbsp;<\/span><em style=\"font-family: arial, helvetica, sans-serif; font-size: 11pt; line-height: 18px;\"><a href=\"http:\/\/www.alfaguara.com\/es\/libro\/historia-de-una-maestra\/\" style=\"color: #1f8635; outline: none; text-decoration: none;\" target=\"_self\" rel=\"noopener\">Historia de una maestra<\/a><\/em><span style=\"font-family: arial, helvetica, sans-serif; font-size: 11pt; line-height: 18px;\">&nbsp;<\/span><span style=\"font-family: arial, helvetica, sans-serif; font-size: 11pt; line-height: 18px;\">que quiz\u00e1s sea su libro m\u00e1s conocido y, en mi opini\u00f3n, el mejor.&nbsp;El libro lo descubr\u00ed revolviendo en una librer\u00eda y me llam\u00f3 la atenci\u00f3n porque la historia se desarrolla en los a\u00f1os 30, en escuelas rurales de Le\u00f3n y, en mi familia, hay cierta tradici\u00f3n de maestros. Algunos tambi\u00e9n ejercieron en aquella \u00e9poca y por aquellos pueblos de donde somos. Que yo sepa, ha habido tres maestros en mi familia.&nbsp;<\/span><\/h2>\n<\/div>\n<div style=\"background-color: white; font-family: Arial, Helvetica, sans-serif; font-size: 13px; line-height: 15px; margin: 0px; overflow: hidden;\">\n<div style=\"font-size: 14px; line-height: 18px;\">\n<div style=\"font-size: 13px !important; padding: 8px 0px;\"><span style=\"font-family: arial, helvetica, sans-serif; font-size: 11pt;\"><\/span><\/div>\n<p><a name='more'><\/a><\/p>\n<div style=\"font-size: 13px !important; padding: 8px 0px;\"><span style=\"font-family: arial, helvetica, sans-serif; font-size: 11pt;\">Una es mi t\u00eda, casada con otro maestro. Empezaron en Le\u00f3n, en escuelas rurales, pero, cuando pudieron, se fueron a la ciudad a trabajar, y all\u00ed se jubilaron hace poco.&nbsp;<\/span><\/div>\n<div style=\"font-size: 13px !important; padding: 8px 0px;\"><span style=\"font-family: arial, helvetica, sans-serif; font-size: 11pt;\">Otro, era el t\u00edo Hilario, hermano de mi abuela, aunque lo de maestro le dur\u00f3 poco, porque hizo la guerra con los republicanos. Sali\u00f3 vivo, con algo de metralla en el cuerpo y sin posibilidad de volver a ejercer, como todos los maestros de ese bando. A pesar de todo, no le fue mal. Era un&nbsp;<em>friki<\/em>&nbsp;de la tecnolog\u00eda (de su \u00e9poca), en la guerra fue operador de radio, y su afici\u00f3n le llev\u00f3 a&nbsp;los talleres de reparaciones de radios y relojes de la posguerra. Cuando yo lo conoc\u00ed era due\u00f1o de una relojer\u00eda-joyer\u00eda.<\/span><\/div>\n<div style=\"font-size: 13px !important; padding: 8px 0px;\"><span style=\"font-family: arial, helvetica, sans-serif; font-size: 11pt;\">Y la tercera, Teodora Alonso, la t\u00eda Teodora, hermana de mi abuelo. Esa es la historia de una maestra que me gustar\u00eda contaros.<\/span><\/div>\n<p><span style=\"font-size: 11pt;\"><span style=\"font-family: arial, helvetica, sans-serif;\"><\/span><\/span><\/div>\n<p><a href=\"http:\/\/aede-canarias.blogspot.com\/\" style=\"color: #1f8635; outline: none;\"><\/a><\/p>\n<div>\n<div style=\"line-height: 18px !important; padding: 8px 0px;\"><span style=\"font-family: arial, helvetica, sans-serif; font-size: 11pt;\">Dicen que era muy habilidosa con las manos. Y deb\u00eda serlo, porque sus bofetones eran m\u00edticos entre sus sobrinos, aunque las mujeres de la familia tambi\u00e9n alababan su maestr\u00eda en el bordado. Hace muchos a\u00f1os que muri\u00f3, octogenaria y ciega. No s\u00e9 c\u00f3mo consigui\u00f3 ser maestra, ya que la familia de mi abuelo no ten\u00eda recursos, aunque s\u00ed se esforzaron en la educaci\u00f3n de sus hijos, porque, por lo que cuentan, las cartas que escrib\u00eda mi abuelo durante su mili en \u00c1frica eran la envidia de las mozas del pueblo.&nbsp;<\/span><\/div>\n<div style=\"line-height: 18px !important; padding: 8px 0px;\"><span style=\"font-family: arial, helvetica, sans-serif; font-size: 11pt;\">Teodora era la \u00fanica de sus hermanos que ten\u00eda formaci\u00f3n reglada, algo raro en una \u00e9poca en la que los recursos para formaci\u00f3n, si hab\u00eda, s\u00f3lo se destinaban a los hijos varones.<\/span><\/div>\n<div style=\"line-height: 18px !important; padding: 8px 0px;\"><span style=\"font-family: arial, helvetica, sans-serif; font-size: 11pt;\">Teodora fue maestra rural y, como muchas maestras rurales, soltera. Durante gran parte de su vida, trabaj\u00f3 en un pueblo muy peque\u00f1o, a pocos kil\u00f3metros del m\u00edo. Hace unos 10 a\u00f1os, estando de vacaciones, fuimos a dar un paseo a ese pueblo. Acababan de abrir una&nbsp;<em>casa rural<\/em>&nbsp;(\u00bfacaso no lo son todas all\u00ed?) y, por curiosear, nos pusimos a hablar con los due\u00f1os, hermano y hermana, de unos 50 a\u00f1os. Hab\u00edan nacido all\u00ed, pero hab\u00edan emigrado a la ciudad, como casi todo el mundo. Hablando, recordamos que alguien de nuestra familia hab\u00eda sido maestra all\u00ed, a lo que la mujer respondi\u00f3 con cara sorprendida \u00bfSois familia de do\u00f1a Teodora?<\/span><\/div>\n<div style=\"line-height: 18px !important; padding: 8px 0px;\"><span style=\"font-family: arial, helvetica, sans-serif; font-size: 11pt;\">Aquella viejita ciega que recuerdo vagamente, objeto de los cotilleos y del cari\u00f1o familiar, se convirti\u00f3 en otra persona en boca de aquella mujer, que hab\u00eda sido alumna suya y que nos cont\u00f3 su propia historia y la de otras ni\u00f1as del pueblo. Ten\u00eda do\u00f1a Teodora la mano larga, como se llevaba en la \u00e9poca, pero la recordaban sobre todo porque repet\u00eda a menudo, contra viento y marea, aquella expresi\u00f3n de que \u201cfulanita vale para estudiar\u201d, intentando cambiar la vieja costumbre de invertir los escasos recursos solo en la educaci\u00f3n de los hijos varones.&nbsp;<\/span><\/div>\n<div style=\"line-height: 18px !important; padding: 8px 0px;\"><span style=\"font-family: arial, helvetica, sans-serif; font-size: 11pt;\">Esta mujer a\u00fan recordaba las visitas de Teodora a su casa, para convencer a sus padres de que la enviaran a estudiar a otro pueblo y tramitando una peque\u00f1a beca que solo daba para animar a los padres a creer que su hija \u201cval\u00eda para estudiar\u201d ya que, en cantidad, era \u00ednfima.&nbsp;<\/span><\/div>\n<div style=\"line-height: 18px !important; padding: 8px 0px;\"><span style=\"font-family: arial, helvetica, sans-serif; font-size: 11pt;\">Su hermano, por entonces, ya estudiaba bachiller pero, para eso, no hizo falta convencer a los padres. Esta mujer es enfermera, y otras mujeres del pueblo pudieron tener tambi\u00e9n una profesi\u00f3n, gracias al esfuerzo de sus familias\u2026 y gracias al empe\u00f1o de Teodora, la t\u00eda Teodora, do\u00f1a Teodora.<\/span><\/div>\n<div style=\"line-height: 18px !important; padding: 8px 0px;\"><span style=\"font-family: arial, helvetica, sans-serif; font-size: 11pt;\">La historia me emocion\u00f3 pero, tambi\u00e9n me apen\u00f3 haber descubierto tan tarde que hab\u00eda una hero\u00edna en mi familia. Aquellas visitas de ni\u00f1a de la mano de mi madre, para ver a la t\u00eda, quiz\u00e1s podr\u00eda haberlas aprovechado mejor, incluso podr\u00eda haber intentado averiguar m\u00e1s cosas de ella a trav\u00e9s de mis abuelos\u2026 al menos, a\u00fan estaba a tiempo de sonsacar m\u00e1s recuerdos a mi madre y a mis t\u00edos sobre ella.&nbsp;<\/span><\/div>\n<div style=\"line-height: 18px !important; padding: 8px 0px;\"><span style=\"font-family: arial, helvetica, sans-serif; font-size: 11pt;\">Pero, la pena me dur\u00f3 poco, porque me di cuenta de que he conocido a Teodora, con otros nombres, con otras lenguas\u2026 la he visto en comunidades remotas de otros pa\u00edses, maestras en comunidades muy pobres, en su mayor\u00eda solteras, de las que tambi\u00e9n se cotillea en sus entornos, aunque se las trate con respeto.&nbsp;<\/span><\/div>\n<div style=\"line-height: 18px !important; padding: 8px 0px;\"><span style=\"font-family: arial, helvetica, sans-serif; font-size: 11pt;\">Una vez que eligen trabajar e ir a donde les dan plaza, se adaptan bien a su \u201cnuevo mundo\u201d pero solo en lo profesional, porque, en lo personal, hay mucha soledad (a no ser que se casen con otro maestro) y su trabajo termina siendo una forma de vida. Son las maestras rurales, a las que tanto debemos.<\/span><\/div>\n<div style=\"line-height: 18px !important; padding: 8px 0px;\"><\/div>\n<div style=\"line-height: 18px !important; padding: 8px 0px;\"><\/div>\n<div style=\"line-height: 18px !important; padding: 8px 0px;\"><span style=\"font-family: arial, helvetica, sans-serif; font-size: 12pt;\"><strong><em>Nota sobre la serie&nbsp;<\/em>El mejor profesor de mi vida<\/strong><\/span><\/div>\n<div style=\"line-height: 18px !important; padding: 8px 0px;\"><span style=\"font-family: arial, helvetica, sans-serif; font-size: 11pt;\"><em>La idea de pedir la participaci\u00f3n de los lectores para publicar esta serie&nbsp;surgi\u00f3 a finales de abril, cuando estaba retocando precisamente el post&nbsp;<a href=\"http:\/\/blogs.elpais.com\/ayuda-al-estudiante\/2013\/05\/el-mejor-profesor-de-mi-vida.html\" style=\"color: #1f8635; outline: none; text-decoration: none;\">El mejor profesor de mi vida.<\/a>&nbsp;La primera selecci\u00f3n de testimonios de los lectores de este blog es muy emocionante. Comenz\u00f3 a publicarse el pasado 4 de julio (con&nbsp;<a href=\"http:\/\/blogs.elpais.com\/ayuda-al-estudiante\/2013\/07\/el-milagro-de-miss-phillips-con-la-historia.html\" style=\"color: #1f8635; outline: none; text-decoration: none;\" target=\"_self\" rel=\"noopener\">El milagro de Miss Phillips con la Historia<\/a>) y continuar\u00e1 public\u00e1ndose hasta primeros de septiembre.<\/em><\/span><\/div>\n<div style=\"line-height: 18px !important; padding: 8px 0px;\"><span style=\"font-family: arial, helvetica, sans-serif; font-size: 11pt;\"><em>Ser\u00eda estupendo que siguieran llegando textos y fu\u00e9ramos capaces de establecer un d\u00eda fijo para publicar esos testimonios m\u00e1s adelante. Por eso animo a todos los lectores, y tambi\u00e9n a los j\u00f3venes que a\u00fan est\u00e1n a diario en el aula, a enviarme sus textos.<\/em><\/span><\/div>\n<div style=\"line-height: 18px !important; padding: 8px 0px;\"><span style=\"font-family: arial, helvetica, sans-serif; font-size: 11pt;\"><em>Las normas son muy simples:<\/em><\/span><\/div>\n<div style=\"line-height: 18px !important; padding: 8px 0px;\"><span style=\"font-family: arial, helvetica, sans-serif; font-size: 11pt;\"><em>&#8211; Identificar al autor y al profesor con nombres y apellidos.<\/em><\/span><\/div>\n<div style=\"line-height: 18px !important; padding: 8px 0px;\"><span style=\"font-family: arial, helvetica, sans-serif; font-size: 11pt;\"><em>&#8211; Extensi\u00f3n: 500-1.000 palabras.<\/em><\/span><\/div>\n<div style=\"line-height: 18px !important; padding: 8px 0px;\"><span style=\"font-family: arial, helvetica, sans-serif; font-size: 11pt;\"><em>&#8211; Ubicaci\u00f3n: ciudad actual del autor y ciudad en la que se produjo el encuentro con el profesor.<\/em><\/span><\/div>\n<div style=\"line-height: 18px !important; padding: 8px 0px;\"><span style=\"font-family: arial, helvetica, sans-serif; font-size: 11pt;\"><em>Espero nuevos testimonios. Creo que el reconocimiento a los grandes profesores es nuestra deuda moral como estudiantes y nos ennoblece como sociedad. Que falta nos hace.<\/em><\/span><\/div>\n<\/div>\n<\/div>\n","protected":false},"excerpt":{"rendered":"<p>Por:&nbsp;Carlos Arroyo&nbsp;|&nbsp;11&nbsp;de&nbsp;julio&nbsp;de&nbsp;2013. El Pa\u00eds Post&nbsp;n\u00famero&nbsp;2&nbsp;de la serie&nbsp;El mejor profesor de mi vida,&nbsp;escrita por los lectores&#8230;<\/p>\n","protected":false},"author":2,"featured_media":0,"comment_status":"open","ping_status":"open","sticky":false,"template":"","format":"standard","meta":{"ngg_post_thumbnail":0,"footnotes":""},"categories":[1],"tags":[],"class_list":["post-292","post","type-post","status-publish","format-standard","hentry","category-hemeroteca"],"_links":{"self":[{"href":"https:\/\/aedecanarias.eu\/index.php?rest_route=\/wp\/v2\/posts\/292","targetHints":{"allow":["GET"]}}],"collection":[{"href":"https:\/\/aedecanarias.eu\/index.php?rest_route=\/wp\/v2\/posts"}],"about":[{"href":"https:\/\/aedecanarias.eu\/index.php?rest_route=\/wp\/v2\/types\/post"}],"author":[{"embeddable":true,"href":"https:\/\/aedecanarias.eu\/index.php?rest_route=\/wp\/v2\/users\/2"}],"replies":[{"embeddable":true,"href":"https:\/\/aedecanarias.eu\/index.php?rest_route=%2Fwp%2Fv2%2Fcomments&post=292"}],"version-history":[{"count":0,"href":"https:\/\/aedecanarias.eu\/index.php?rest_route=\/wp\/v2\/posts\/292\/revisions"}],"wp:attachment":[{"href":"https:\/\/aedecanarias.eu\/index.php?rest_route=%2Fwp%2Fv2%2Fmedia&parent=292"}],"wp:term":[{"taxonomy":"category","embeddable":true,"href":"https:\/\/aedecanarias.eu\/index.php?rest_route=%2Fwp%2Fv2%2Fcategories&post=292"},{"taxonomy":"post_tag","embeddable":true,"href":"https:\/\/aedecanarias.eu\/index.php?rest_route=%2Fwp%2Fv2%2Ftags&post=292"}],"curies":[{"name":"wp","href":"https:\/\/api.w.org\/{rel}","templated":true}]}}