{"id":291,"date":"2013-07-16T22:34:00","date_gmt":"2013-07-16T22:34:00","guid":{"rendered":"https:\/\/aedecanarias.eu\/el-parlamentarium-ha-recibido-mas-de-medio-millon-de-visitantes-en-menos-de-dos-anos"},"modified":"2013-07-16T22:34:00","modified_gmt":"2013-07-16T22:34:00","slug":"el-parlamentarium-ha-recibido-mas-de-medio-millon-de-visitantes-en-menos-de-dos-anos","status":"publish","type":"post","link":"https:\/\/aedecanarias.eu\/?p=291","title":{"rendered":"El Parlamentarium ha recibido m\u00e1s de medio mill\u00f3n de visitantes en menos de dos a\u00f1os"},"content":{"rendered":"\n<div class=\"twitter-share\"><a href=\"https:\/\/twitter.com\/intent\/tweet?via=aedecanarias\" class=\"twitter-share-button\" data-size=\"large\">Twittear<\/a><\/div>\n<p><\/p>\n<div style=\"background-color: white; background-image: url(http:\/\/www.europarl.europa.eu\/website\/common\/img\/background\/body_bg_page.png); border: 0px; clear: both; color: #13334d; font-family: Arial, Helvetica, sans-serif; font-size: 12px; height: 163px; margin: -1px 0px 0px; padding: 0px; position: relative; vertical-align: baseline; z-index: 70;\"><span style=\"background-image: none; border: none; clear: both; display: block; font-family: inherit; font-size: 1em; font-style: inherit; height: 1px; margin: -1px 0px 0px; overflow: hidden; padding: 0px; position: relative; vertical-align: baseline;\">&nbsp;<\/span><\/div>\n<div style=\"background-color: white; border: 0px; clear: both; color: #363636; font-family: Arial, Helvetica, sans-serif; font-size: 12px; margin: -1px 0px 0px; padding: 0px; position: relative; vertical-align: baseline; z-index: 60;\">\n<div style=\"background-image: none; border: none; clear: both; color: inherit; font-family: inherit; font-size: 1em; font-style: inherit; height: auto; left: auto; margin: 1px 0px 0px; overflow: visible; padding: 0px; vertical-align: baseline; width: 600px;\">\n<div style=\"border: 0px; clear: both; font-family: inherit; font-size: 1em; font-style: inherit; margin: 0px; padding: 12px 0px 0px; position: relative; vertical-align: baseline;\">\n<div style=\"border: 0px; clear: both; font-family: inherit; font-size: 1em; font-style: inherit; margin: 0px 0px 12px; padding: 0px; position: relative; vertical-align: baseline; z-index: 20;\"><a href=\"http:\/\/www.europarl.europa.eu\/resources\/library\/images\/20130716PHT17327\/20130716PHT17327_original.jpg?epbox\" lang=\"ES\" style=\"border: none; display: block; font-family: inherit; font-style: inherit; margin: 0px; max-width: 100%; padding: 0px; position: relative; text-align: center; text-decoration: none; vertical-align: baseline;\" target=\"_blank\" title=\"El visitante n\u00famero 500.000 del Parlamentarium\" rel=\"noopener\"><img decoding=\"async\" alt=\"Imagen del visitante n\u00famero 500.000 del Parlamentarium\" src=\"http:\/\/www.europarl.europa.eu\/resources\/library\/images\/20130716PHT17327\/20130716PHT17327_original.jpg\" style=\"border: none; display: inline-block; font-family: inherit; font-style: inherit; margin: 0px; max-width: 100%; padding: 0px; position: relative; vertical-align: baseline;\" title=\"Ampliar la imagen \" \/><span style=\"background-image: none; background-position: 50% 50%; background-repeat: no-repeat no-repeat; border: none; bottom: 0px; clear: none; display: block; font-family: inherit; font-size: 0.01em; font-style: inherit; height: auto; left: 0px; margin: -1px 0px 0px; outline: none; overflow: hidden; padding: 0px; position: absolute; top: 0px; vertical-align: baseline; width: 600px;\">&nbsp;<\/span><\/a><span style=\"border: 0px; display: block; font-family: inherit; font-size: 1.1em; font-style: inherit; margin: 5px 0px 0px; padding: 0px; position: relative; text-align: center; vertical-align: baseline;\">El visitante n\u00famero 500.000 del Parlamentarium<\/span><\/div>\n<div style=\"border: 0px; font-family: inherit; font-size: 1.2em; font-style: inherit; line-height: 1.6em; margin: 0px 0px 8px; padding: 0px; position: relative; top: -2px; vertical-align: baseline;\">\n<div style=\"border: 0px; font-family: inherit; font-style: inherit; padding: 0px; position: relative; vertical-align: baseline;\"><strong style=\"border: 0px; font-family: inherit; font-style: inherit; margin: 0px; outline: 0px; padding: 0px; vertical-align: baseline;\">El Parlamentarium, centro de visitas del Parlamento Europeo, recibi\u00f3 el 1 de julio de 2013 su visitante n\u00famero 500.000 desde que abriera sus puertas en octubre de 2011. Si este verano est\u00e1 en Bruselas, no deje de visitarlo para conocer el papel y la historia de la Euroc\u00e1mara, el trabajo diario de sus 766 eurodiputados elegidos de manera directa por los ciudadanos, y la medalla del Premio Nobel de la Paz recibida por la Uni\u00f3n Europea.<\/strong><\/div>\n<p><a name='more'><\/a><\/p>\n<div style=\"border: 0px; font-family: inherit; font-style: inherit; padding: 0px; position: relative; vertical-align: baseline;\">\u00bfSo\u00f1\u00f3 alguna vez con recibir el Premio Nobel de la Paz? Este sue\u00f1o se hizo realidad para los europeos al obtener la Uni\u00f3n Europea este galard\u00f3n el a\u00f1o pasado. Como afirm\u00f3 Martin Schulz, Presidente del Parlamento Europeo, \u00abeste Premio Nobel es para todos los ciudadanos de la UE\u00bb. La medalla y el diploma de nuestro Premio Nobel pueden ser contemplados en el Parlamentarium, el centro de visitas de la Euroc\u00e1mara.<\/div>\n<p><\/p>\n<div style=\"border: 0px; font-family: inherit; font-style: inherit; padding: 0px; position: relative; vertical-align: baseline;\"><strong style=\"border: 0px; font-family: inherit; font-style: inherit; margin: 0px; outline: 0px; padding: 0px; vertical-align: baseline;\">Disfr\u00fatelo este verano<\/strong><\/div>\n<p><\/p>\n<div style=\"border: 0px; font-family: inherit; font-style: inherit; padding: 0px; position: relative; vertical-align: baseline;\">El mayor centro parlamentario de visitas en Europa tiene mucho m\u00e1s que ofrecer al p\u00fablico. Es gratuito; abre sus puertas los siete d\u00edas de la semana, s\u00f3lo est\u00e1 cerrado los lunes por la ma\u00f1ana; y dispone de informaci\u00f3n en 24 idiomas, incluso en lengua de signos en cuatro idiomas: ingl\u00e9s, franc\u00e9s, holand\u00e9s y alem\u00e1n. Adem\u00e1s es un espacio abierto a todos los ciudadanos, con accesos adaptados a personas con movilidad reducida.<\/div>\n<p><\/p>\n<div style=\"border: 0px; font-family: inherit; font-style: inherit; padding: 0px; position: relative; vertical-align: baseline;\">El Parlamentarium tambi\u00e9n ofrece a los grupos la posibilidad de participar en un juego de rol y as\u00ed aprender c\u00f3mo funcionan los mecanismos de toma de decisiones. A\u00fan es posible reservar para este verano.<\/div>\n<p><\/p>\n<div style=\"border: 0px; font-family: inherit; font-style: inherit; padding: 0px; position: relative; vertical-align: baseline;\">No se lo pierda.<\/div>\n<div><\/div>\n<\/div>\n<\/div>\n<\/div>\n<\/div>\n","protected":false},"excerpt":{"rendered":"<p>&nbsp; &nbsp;El visitante n\u00famero 500.000 del Parlamentarium El Parlamentarium, centro de visitas del Parlamento Europeo,&#8230;<\/p>\n","protected":false},"author":2,"featured_media":0,"comment_status":"open","ping_status":"open","sticky":false,"template":"","format":"standard","meta":{"ngg_post_thumbnail":0,"footnotes":""},"categories":[1],"tags":[],"class_list":["post-291","post","type-post","status-publish","format-standard","hentry","category-hemeroteca"],"_links":{"self":[{"href":"https:\/\/aedecanarias.eu\/index.php?rest_route=\/wp\/v2\/posts\/291","targetHints":{"allow":["GET"]}}],"collection":[{"href":"https:\/\/aedecanarias.eu\/index.php?rest_route=\/wp\/v2\/posts"}],"about":[{"href":"https:\/\/aedecanarias.eu\/index.php?rest_route=\/wp\/v2\/types\/post"}],"author":[{"embeddable":true,"href":"https:\/\/aedecanarias.eu\/index.php?rest_route=\/wp\/v2\/users\/2"}],"replies":[{"embeddable":true,"href":"https:\/\/aedecanarias.eu\/index.php?rest_route=%2Fwp%2Fv2%2Fcomments&post=291"}],"version-history":[{"count":0,"href":"https:\/\/aedecanarias.eu\/index.php?rest_route=\/wp\/v2\/posts\/291\/revisions"}],"wp:attachment":[{"href":"https:\/\/aedecanarias.eu\/index.php?rest_route=%2Fwp%2Fv2%2Fmedia&parent=291"}],"wp:term":[{"taxonomy":"category","embeddable":true,"href":"https:\/\/aedecanarias.eu\/index.php?rest_route=%2Fwp%2Fv2%2Fcategories&post=291"},{"taxonomy":"post_tag","embeddable":true,"href":"https:\/\/aedecanarias.eu\/index.php?rest_route=%2Fwp%2Fv2%2Ftags&post=291"}],"curies":[{"name":"wp","href":"https:\/\/api.w.org\/{rel}","templated":true}]}}