{"id":290,"date":"2013-07-23T09:07:00","date_gmt":"2013-07-23T09:07:00","guid":{"rendered":"https:\/\/aedecanarias.eu\/ecuador-ofrece-salario-comida-y-vivienda-a-profesores-espanoles"},"modified":"2013-07-23T09:07:00","modified_gmt":"2013-07-23T09:07:00","slug":"ecuador-ofrece-salario-comida-y-vivienda-a-profesores-espanoles","status":"publish","type":"post","link":"https:\/\/aedecanarias.eu\/?p=290","title":{"rendered":"Ecuador ofrece salario, comida y vivienda a profesores espa\u00f1oles"},"content":{"rendered":"\n<div class=\"twitter-share\"><a href=\"https:\/\/twitter.com\/intent\/tweet?via=aedecanarias\" class=\"twitter-share-button\" data-size=\"large\">Twittear<\/a><\/div>\n<p><\/p>\n<div style=\"clear: both; text-align: center;\"><a href=\"http:\/\/1.bp.blogspot.com\/-gJY8HjjAC0g\/Ue5HlSpUmMI\/AAAAAAAAAMA\/mehQZUpk_js\/s1600\/1374496004_364310_1374508761_sumario_normal.jpg\" style=\"clear: left; float: left; margin-bottom: 1em; margin-right: 1em;\"><img loading=\"lazy\" decoding=\"async\" border=\"0\" height=\"191\" src=\"http:\/\/1.bp.blogspot.com\/-gJY8HjjAC0g\/Ue5HlSpUmMI\/AAAAAAAAAMA\/mehQZUpk_js\/s200\/1374496004_364310_1374508761_sumario_normal.jpg\" width=\"200\" \/><\/a><\/div>\n<h1 style=\"background-color: white; font-family: Georgia, 'Times New Roman', Times, serif; font-size: 32px; font-weight: normal; letter-spacing: -1px; line-height: 41px; margin: -3px 0px 10px;\"><span style=\"background-color: transparent; color: #333333; font-family: Arial, Helvetica, Garuda, sans-serif; font-size: 12px; line-height: 19px;\">El Gobierno ecuatoriano ofrece sueldos de entre 2.000 y 5.000 d\u00f3lares mensuales<\/span><span style=\"background-color: transparent; color: #333333; font-family: Arial, Helvetica, Garuda, sans-serif; font-size: 12px; line-height: 19px;\">Requieren unos 500 profesionales con doctorados, m\u00e1ster o licenciaturas<\/span><\/h1>\n<div style=\"background-color: white;\">\n<div><span style=\"color: blue;\">El Pa\u00eds. 22 de julio de 2013<\/span><\/div>\n<div>\n<div style=\"font-family: Arial, Helvetica, Garuda, sans-serif; font-size: 14px; line-height: 20px; margin-bottom: 15px;\">Tipo de contrato: semanal, mensual o indefinido. Sueldo: entre 2.000 y 5.000 d\u00f3lares (1.600 y 3.800 euros), m\u00e1s un bono adicional de vivienda (de 300 a 530 euros), comida en el centro de trabajo y transporte al mismo. Empleo: dar clases en la&nbsp;<a href=\"http:\/\/educacion.gob.ec\/estrategia-unae\/\" style=\"border-bottom-color: rgb(0, 154, 149); border-bottom-style: dotted; border-bottom-width: 1px; color: #009a95; outline: none; padding: 2px 0px 1px; text-decoration: none;\">Universidad Nacional de Educaci\u00f3n (UNAE)<\/a>&nbsp;de Ecuador. Candidatos: cualquier profesional espa\u00f1ol con un doctorado, un m\u00e1ster o una licenciatura, y experiencia demostrable en la docencia. Empleador: el Gobierno ecuatoriano.<\/div>\n<div style=\"display: inline; float: right; margin: 0px 0px 30px 15px; width: 200px;\"><a href=\"http:\/\/aede-canarias.blogspot.com\/\" name=\"sumario_1\" style=\"color: #009a95; outline: none;\"><\/a><\/p>\n<div style=\"background-color: #f3f3e5; clear: both; margin: 5px 0px 0px; padding: 0px 15px 15px;\">\n<h2 style=\"border-bottom-color: rgb(212, 212, 199); border-bottom-style: solid; border-bottom-width: 1px; border-left-color: rgb(232, 232, 218); border-left-style: solid; border-left-width: 10px; color: #30302b; font-family: 'Lucida sans unicode', 'Lucida Grande', Arial, Helvetica, Garuda, sans-serif; font-size: 16px; font-weight: normal; letter-spacing: 0px; line-height: 22px; margin: 0px -15px 15px -25px; padding: 5px 10px 10px 15px;\">5.000 plazas<\/h2>\n<div style=\"color: #30302b; font-family: Arial, Helvetica, Garuda, sans-serif; font-size: 12px; line-height: 20px; padding: 0px 0px 15px;\">La funcionaria ecuatoriana tambi\u00e9n ha anunciado que los espa\u00f1oles que quieran dar clases en Ecuador de primaria o secundaria, podr\u00e1n enviar sus curr\u00edculum v\u00edtae al Ministerio de Educaci\u00f3n, a trav\u00e9s de la p\u00e1gina web.<\/div>\n<div style=\"color: #30302b; font-family: Arial, Helvetica, Garuda, sans-serif; font-size: 12px; line-height: 20px; padding: 0px 0px 15px;\">Ha informado que en los pr\u00f3ximos 5 a\u00f1os se abrir\u00e1n unas 5.000 plazas para docentes de educaci\u00f3n inicial y bachillerato, para las cuales tomar\u00e1n en cuenta a los espa\u00f1oles.<\/div>\n<div style=\"color: #30302b; font-family: Arial, Helvetica, Garuda, sans-serif; font-size: 12px; line-height: 20px; padding: 0px 0px 15px;\">\u00abLa contrataci\u00f3n no ser\u00e1 inmediata para ellos. Lo urgente es para la universidad, para lo dem\u00e1s iremos llenando con lo que tenemos\u00bb, ha comentado Aguirre.<\/div>\n<\/div>\n<\/div>\n<div style=\"font-family: Arial, Helvetica, Garuda, sans-serif; font-size: 14px; line-height: 20px; margin-bottom: 15px;\"><\/div>\n<p><a name='more'><\/a><\/p>\n<div style=\"font-family: Arial, Helvetica, Garuda, sans-serif; font-size: 14px; line-height: 20px; margin-bottom: 15px;\">Este anuncio de empleo ha sido &#8216;colgado&#8217; esta ma\u00f1ana en Madrid por Miriam Aguirre Montero, subsecretaria de Desarrollo Profesional Educativo de Ecuador, quien ha asegurado que est\u00e1 abierta la candidatura a 500 plazas para cualquier profesional espa\u00f1ol que quiera impartir clases en la nueva universidad estatal. \u00abLo \u00fanico que necesitan es demostrar su experiencia, que los t\u00edtulos est\u00e9n reconocidos o legalizados, y sus deseos de ir all\u00e1\u00bb, a\u00f1adi\u00f3.<\/div>\n<div style=\"font-family: Arial, Helvetica, Garuda, sans-serif; font-size: 14px; line-height: 20px; margin-bottom: 15px;\">La universidad abrir\u00e1 sus puertas en enero de 2014 y estar\u00e1 localizada en la ciudad de Azogues, en el centro sur de Ecuador. La posible contrataci\u00f3n de docentes espa\u00f1oles es parte de un Plan internacional de captaci\u00f3n y selecci\u00f3n de educadores, seg\u00fan Aguirre, que ha explicado que el Gobierno busca licenciados con un doctorado, postgrados o que est\u00e9n terminando una tesis doctoral. As\u00ed como \u00abprofesores universitarios con contratos laborales inestables\u00bb.<\/div>\n<div style=\"font-family: Arial, Helvetica, Garuda, sans-serif; font-size: 14px; line-height: 20px; margin-bottom: 15px;\">Este proyecto es paralelo al llamado<a href=\"http:\/\/educacion.gob.ec\/plan-retorno\/\" style=\"border-bottom-color: rgb(0, 154, 149); border-bottom-style: dotted; border-bottom-width: 1px; color: #009a95; outline: none; padding: 2px 0px 1px; text-decoration: none;\">Plan Retorno Educaci\u00f3n<\/a>, que busca que profesionales ecuatorianos que han emigrado regresen a su pa\u00eds a dar clases de primaria, secundaria y bachillerato.&nbsp;<a href=\"http:\/\/sociedad.elpais.com\/sociedad\/2013\/05\/24\/actualidad\/1369424549_649675.html\" style=\"border-bottom-color: rgb(0, 154, 149); border-bottom-style: dotted; border-bottom-width: 1px; color: #009a95; outline: none; padding: 2px 0px 1px; text-decoration: none;\">Hasta mayo pasado 772 ecuatorianos<\/a>, de los 262.000 empadronados en Espa\u00f1a en 2011, se hab\u00edan inscrito en el programa.<\/div>\n<div style=\"font-family: Arial, Helvetica, Garuda, sans-serif; font-size: 14px; line-height: 20px; margin-bottom: 15px;\">El Gobierno ecuatoriano tambi\u00e9n ejecuta el&nbsp;<a href=\"http:\/\/www.salud.gob.ec\/plan-ecuador-saludable-vuelvo-por-ti\/\" style=\"border-bottom-color: rgb(0, 154, 149); border-bottom-style: dotted; border-bottom-width: 1px; color: #009a95; outline: none; padding: 2px 0px 1px; text-decoration: none;\">Plan Ecuador Saludable<\/a>, que busca 1.484 profesionales de la salud, en especial anestesistas, fisioterapeutas y cirujanos. Como no existen tantos especialistas en Ecuador, la convocatoria est\u00e1 abierta a extranjeros y hasta mayo pasado 63 espa\u00f1oles estaban en pleno proceso.<\/div>\n<div style=\"font-family: Arial, Helvetica, Garuda, sans-serif; font-size: 14px; line-height: 20px; margin-bottom: 15px;\">Los salarios depender\u00e1n del cargo y la experiencia de los docentes. Los profesores principales&nbsp; ganar\u00e1n desde 5.009 d\u00f3lares (3.796 euros) mensuales; los maestros agregados devengar\u00e1n 2.783 d\u00f3lares (2.109 euros) y los auxiliares 2.226 d\u00f3lares (1.688 euros). A la paga se le agregar\u00e1 un bono adicional de vivienda de entre 400 y 700 d\u00f3lares (de 300 a 530 euros), adem\u00e1s que tendr\u00e1n comida gratis en la universidad, y el transporte.Aguirre ha informado de que la UNAE \u2013que es gratuita\u2013 arrancar\u00e1 ofreciendo tres carreras enfocadas en la formaci\u00f3n de docentes en educaci\u00f3n inicial, b\u00e1sica y bachilletaro, por lo que necesitan profesionales de ciencias exactas como la f\u00edsica, qu\u00edmica o biolog\u00eda. Las plazas que se ofrecen son la de profesor titular de una asignatura, maestros agregados o eventuales, que puedan ser invitados a trabajar un semestre o un curso, as\u00ed como investigadores. Tambi\u00e9n se buscan \u00abdocentes de apoyo o mentores\u00bb, que estar\u00e1n destinados a acompa\u00f1ar a los profesores ecuatorianos que est\u00e9n comenzando en el magisterio.<\/div>\n<div style=\"font-family: Arial, Helvetica, Garuda, sans-serif; font-size: 14px; line-height: 20px; margin-bottom: 15px;\">Los profesionales podr\u00e1n inscribirse desde el 1 de agosto en la p\u00e1gina web del Ministerio de Educaci\u00f3n ecuatoriano (<a href=\"http:\/\/educacion.gob.ec\/\" style=\"border-bottom-color: rgb(0, 154, 149); border-bottom-style: dotted; border-bottom-width: 1px; color: #009a95; outline: none; padding: 2px 0px 1px; text-decoration: none;\">www.educacion.gob.ec<\/a>), donde llenar\u00e1n un formulario que deber\u00e1n enviar \u2013junto con su curr\u00edculo\u2013 a la direcci\u00f3n de correo electr\u00f3nico, unae@educacion.gob.ec.<\/div>\n<div style=\"font-family: Arial, Helvetica, Garuda, sans-serif; font-size: 14px; line-height: 20px; margin-bottom: 15px;\">La subsecretaria ha comentado que Espa\u00f1a es al primer pa\u00eds que invitan para este programa, ya que \u00abtenemos afinidades tanto en el idioma como hist\u00f3ricas\u00bb, adem\u00e1s por \u00abla alta formaci\u00f3n de los docentes espa\u00f1oles\u00bb.<\/div>\n<div style=\"font-family: Arial, Helvetica, Garuda, sans-serif; font-size: 14px; line-height: 20px; margin-bottom: 15px;\"><span style=\"color: blue; font-family: Times; font-size: small; line-height: normal;\">El Pa\u00eds. 22 de julio de 2013<\/span><\/div>\n<\/div>\n<\/div>\n","protected":false},"excerpt":{"rendered":"<p>El Gobierno ecuatoriano ofrece sueldos de entre 2.000 y 5.000 d\u00f3lares mensualesRequieren unos 500 profesionales&#8230;<\/p>\n","protected":false},"author":2,"featured_media":0,"comment_status":"open","ping_status":"open","sticky":false,"template":"","format":"standard","meta":{"ngg_post_thumbnail":0,"footnotes":""},"categories":[1],"tags":[],"class_list":["post-290","post","type-post","status-publish","format-standard","hentry","category-hemeroteca"],"_links":{"self":[{"href":"https:\/\/aedecanarias.eu\/index.php?rest_route=\/wp\/v2\/posts\/290","targetHints":{"allow":["GET"]}}],"collection":[{"href":"https:\/\/aedecanarias.eu\/index.php?rest_route=\/wp\/v2\/posts"}],"about":[{"href":"https:\/\/aedecanarias.eu\/index.php?rest_route=\/wp\/v2\/types\/post"}],"author":[{"embeddable":true,"href":"https:\/\/aedecanarias.eu\/index.php?rest_route=\/wp\/v2\/users\/2"}],"replies":[{"embeddable":true,"href":"https:\/\/aedecanarias.eu\/index.php?rest_route=%2Fwp%2Fv2%2Fcomments&post=290"}],"version-history":[{"count":0,"href":"https:\/\/aedecanarias.eu\/index.php?rest_route=\/wp\/v2\/posts\/290\/revisions"}],"wp:attachment":[{"href":"https:\/\/aedecanarias.eu\/index.php?rest_route=%2Fwp%2Fv2%2Fmedia&parent=290"}],"wp:term":[{"taxonomy":"category","embeddable":true,"href":"https:\/\/aedecanarias.eu\/index.php?rest_route=%2Fwp%2Fv2%2Fcategories&post=290"},{"taxonomy":"post_tag","embeddable":true,"href":"https:\/\/aedecanarias.eu\/index.php?rest_route=%2Fwp%2Fv2%2Ftags&post=290"}],"curies":[{"name":"wp","href":"https:\/\/api.w.org\/{rel}","templated":true}]}}