{"id":289,"date":"2013-07-25T13:53:00","date_gmt":"2013-07-25T13:53:00","guid":{"rendered":"https:\/\/aedecanarias.eu\/parlamento-europeo-las-prioridades-tras-el-verano-presupuestos-supervision-bancaria-proteccion-de-datos"},"modified":"2013-07-25T13:53:00","modified_gmt":"2013-07-25T13:53:00","slug":"parlamento-europeo-las-prioridades-tras-el-verano-presupuestos-supervision-bancaria-proteccion-de-datos","status":"publish","type":"post","link":"https:\/\/aedecanarias.eu\/?p=289","title":{"rendered":"Parlamento Europeo. Las prioridades tras el verano: presupuestos, supervisi\u00f3n bancaria, protecci\u00f3n de datos&#8230;"},"content":{"rendered":"\n<div class=\"twitter-share\"><a href=\"https:\/\/twitter.com\/intent\/tweet?via=aedecanarias\" class=\"twitter-share-button\" data-size=\"large\">Twittear<\/a><\/div>\n<p><\/p>\n<div style=\"clear: both; text-align: center;\"><a href=\"http:\/\/4.bp.blogspot.com\/-NvK8sxLu0PE\/UfEtZlfxL_I\/AAAAAAAAAMQ\/8jhgCR4vcUc\/s1600\/20130715PHT17325_original.jpg\" style=\"margin-left: 1em; margin-right: 1em;\"><img loading=\"lazy\" decoding=\"async\" border=\"0\" height=\"133\" src=\"http:\/\/4.bp.blogspot.com\/-NvK8sxLu0PE\/UfEtZlfxL_I\/AAAAAAAAAMQ\/8jhgCR4vcUc\/s200\/20130715PHT17325_original.jpg\" width=\"200\" \/><\/a><\/div>\n<div style=\"clear: both; text-align: center;\"><\/div>\n<div style=\"background-color: white; border: 0px; color: #363636; font-family: Arial, Helvetica, sans-serif; font-size: 12px; line-height: 19px; padding: 0px; position: relative; vertical-align: baseline;\"><strong style=\"border: 0px; font-family: inherit; font-style: inherit; margin: 0px; outline: 0px; padding: 0px; vertical-align: baseline;\">Los eurodiputados se toman un respiro y no habr\u00e1 reuniones oficiales durante las pr\u00f3ximas semanas. Pero entre bastidores se siguen preparando las iniciativas legislativas previstas para el segundo semestre del a\u00f1o. El Parlamento Europeo tendr\u00e1 que adoptar decisiones en cuestiones que afectan a la UE y a sus ciudadanos. Cuestiones entre las que se cuentan el marco presupuestario europeo para 2014-2020, la supervisi\u00f3n bancaria, la protecci\u00f3n de datos y la protecci\u00f3n de los trabajadores temporales.<\/strong><\/div>\n<p><a name='more'><\/a><br style=\"background-color: white; color: #363636; font-family: Arial, Helvetica, sans-serif; font-size: 12px; line-height: 19px;\" \/><\/p>\n<div style=\"background-color: white; border: 0px; color: #363636; font-family: Arial, Helvetica, sans-serif; font-size: 12px; line-height: 19px; padding: 0px; position: relative; vertical-align: baseline;\">El Parlamento Europeo votar\u00e1 en oto\u00f1o el acuerdo alcanzado sobre el marco presupuestario para las instituciones europeas durante el septenio 2014-2020. Este marco presupuestario afectar\u00e1 la reforma de la Pol\u00edtica Agr\u00edcola europea.<\/div>\n<p><br style=\"background-color: white; color: #363636; font-family: Arial, Helvetica, sans-serif; font-size: 12px; line-height: 19px;\" \/><\/p>\n<div style=\"background-color: white; border: 0px; color: #363636; font-family: Arial, Helvetica, sans-serif; font-size: 12px; line-height: 19px; padding: 0px; position: relative; vertical-align: baseline;\">Los eurodiputados se pronunciar\u00e1n en septiembre sobre las futuras normas sobre el tabaco: la legislaci\u00f3n se endurecer\u00e1 para evitar que los j\u00f3venes caigan en este vicio. Otro de los temas destacados a la vuelta de las vacaciones ser\u00e1 una propuesta para promover biocarburantes respetuosos con el medio ambiente.<\/div>\n<p><br style=\"background-color: white; color: #363636; font-family: Arial, Helvetica, sans-serif; font-size: 12px; line-height: 19px;\" \/><\/p>\n<div style=\"background-color: white; border: 0px; color: #363636; font-family: Arial, Helvetica, sans-serif; font-size: 12px; line-height: 19px; padding: 0px; position: relative; vertical-align: baseline;\">La Euroc\u00e1mara tambi\u00e9n trabaja en un nuevo reglamento sobre los datos recopilados en Internet. El objetivo es garantizar la protecci\u00f3n de la vida privada. Tambi\u00e9n se negocia en la actualidad una directiva sobre el tratamiento de datos personales a cargo de las autoridades p\u00fablicas responsables de hacer respetar la ley. En paralelo, la comisi\u00f3n de Libertades Civiles de la Euroc\u00e1mara desarrolla una investigaci\u00f3n sobre el esc\u00e1ndalo del espionaje estadounidense realizado a trav\u00e9s del programa de vigilancia&nbsp;<em style=\"border: 0px; font-family: inherit; margin: 0px; outline: 0px; padding: 0px; vertical-align: baseline;\">Prism<\/em>. La investigaci\u00f3n deber\u00eda arrojar frutos antes de que concluya el a\u00f1o.<\/div>\n<p><br style=\"background-color: white; color: #363636; font-family: Arial, Helvetica, sans-serif; font-size: 12px; line-height: 19px;\" \/><\/p>\n<div style=\"background-color: white; border: 0px; color: #363636; font-family: Arial, Helvetica, sans-serif; font-size: 12px; line-height: 19px; padding: 0px; position: relative; vertical-align: baseline;\"><strong style=\"border: 0px; font-family: inherit; font-style: inherit; margin: 0px; outline: 0px; padding: 0px; vertical-align: baseline;\">Protecci\u00f3n de los trabajadores<\/strong><\/div>\n<p><br style=\"background-color: white; color: #363636; font-family: Arial, Helvetica, sans-serif; font-size: 12px; line-height: 19px;\" \/><\/p>\n<div style=\"background-color: white; border: 0px; color: #363636; font-family: Arial, Helvetica, sans-serif; font-size: 12px; line-height: 19px; padding: 0px; position: relative; vertical-align: baseline;\">Los eurodiputados tienen previsto pronunciarse en octubre sobre una propuesta dise\u00f1ada para mejorar la protecci\u00f3n del mill\u00f3n de trabajadores que cada a\u00f1o desplazan las empresas de un pa\u00eds de la UE a otro.<\/div>\n<p><br style=\"background-color: white; color: #363636; font-family: Arial, Helvetica, sans-serif; font-size: 12px; line-height: 19px;\" \/><\/p>\n<div style=\"background-color: white; border: 0px; color: #363636; font-family: Arial, Helvetica, sans-serif; font-size: 12px; line-height: 19px; padding: 0px; position: relative; vertical-align: baseline;\">El Parlamento tambi\u00e9n intentar\u00e1 alcanzar un acuerdo con los Gobiernos de la UE sobre el supervisor \u00fanico de los bancos europeos.<\/div>\n","protected":false},"excerpt":{"rendered":"<p>Los eurodiputados se toman un respiro y no habr\u00e1 reuniones oficiales durante las pr\u00f3ximas semanas&#8230;.<\/p>\n","protected":false},"author":2,"featured_media":0,"comment_status":"open","ping_status":"open","sticky":false,"template":"","format":"standard","meta":{"ngg_post_thumbnail":0,"footnotes":""},"categories":[1],"tags":[],"class_list":["post-289","post","type-post","status-publish","format-standard","hentry","category-hemeroteca"],"_links":{"self":[{"href":"https:\/\/aedecanarias.eu\/index.php?rest_route=\/wp\/v2\/posts\/289","targetHints":{"allow":["GET"]}}],"collection":[{"href":"https:\/\/aedecanarias.eu\/index.php?rest_route=\/wp\/v2\/posts"}],"about":[{"href":"https:\/\/aedecanarias.eu\/index.php?rest_route=\/wp\/v2\/types\/post"}],"author":[{"embeddable":true,"href":"https:\/\/aedecanarias.eu\/index.php?rest_route=\/wp\/v2\/users\/2"}],"replies":[{"embeddable":true,"href":"https:\/\/aedecanarias.eu\/index.php?rest_route=%2Fwp%2Fv2%2Fcomments&post=289"}],"version-history":[{"count":0,"href":"https:\/\/aedecanarias.eu\/index.php?rest_route=\/wp\/v2\/posts\/289\/revisions"}],"wp:attachment":[{"href":"https:\/\/aedecanarias.eu\/index.php?rest_route=%2Fwp%2Fv2%2Fmedia&parent=289"}],"wp:term":[{"taxonomy":"category","embeddable":true,"href":"https:\/\/aedecanarias.eu\/index.php?rest_route=%2Fwp%2Fv2%2Fcategories&post=289"},{"taxonomy":"post_tag","embeddable":true,"href":"https:\/\/aedecanarias.eu\/index.php?rest_route=%2Fwp%2Fv2%2Ftags&post=289"}],"curies":[{"name":"wp","href":"https:\/\/api.w.org\/{rel}","templated":true}]}}