{"id":287,"date":"2013-09-10T16:31:00","date_gmt":"2013-09-10T16:31:00","guid":{"rendered":"https:\/\/aedecanarias.eu\/materiales-educativos-sobre-servicios-de-los-ecosistemas-y-biodiversidad-para-el-bienestar-humano"},"modified":"2013-09-10T16:31:00","modified_gmt":"2013-09-10T16:31:00","slug":"materiales-educativos-sobre-servicios-de-los-ecosistemas-y-biodiversidad-para-el-bienestar-humano","status":"publish","type":"post","link":"https:\/\/aedecanarias.eu\/?p=287","title":{"rendered":"Materiales educativos sobre servicios de los ecosistemas y biodiversidad para el bienestar humano"},"content":{"rendered":"\n<div class=\"twitter-share\"><a href=\"https:\/\/twitter.com\/intent\/tweet?via=aedecanarias\" class=\"twitter-share-button\" data-size=\"large\">Twittear<\/a><\/div>\n<p><a href=\"http:\/\/www.ecomilenio.es\/wp-content\/uploads\/2013\/07\/Gu%C3%ADa-profesorado-EME.pdf\" style=\"background-color: transparent; border: 0px; clear: left; color: #006335; float: left; font-family: inherit; font-style: inherit; margin-bottom: 1em; margin-right: 1em; margin-top: 0px; outline: 0px; padding: 0px; vertical-align: baseline;\" target=\"_blank\" rel=\"noopener\"><img loading=\"lazy\" decoding=\"async\" alt=\"Portada gu\u00eda profesorado EME\" class=\"alignleft size-medium wp-image-3143\" height=\"328\" src=\"http:\/\/www.ecomilenio.es\/wp-content\/uploads\/2013\/07\/Portada-gu%C3%ADa-profesorado-EME-388x550.jpg\" style=\"background-color: transparent; border: 0px; float: left; font-family: inherit; font-style: inherit; margin: 0px 20px 0px 0px; outline: 0px; padding: 0px; vertical-align: baseline;\" width=\"232\" \/><\/a><\/p>\n<div style=\"background-color: white; border: 0px; color: #525b62; font-family: Arial, Helvetica, sans-serif; font-size: 13px; line-height: 18px; margin-bottom: 1em; outline: 0px; padding: 0px; vertical-align: baseline;\">La Evaluaci\u00f3n de los Ecosistemas del Milenio de Espa\u00f1a (EME) ha lanzado un material educativo sobre servicios de los ecosistemas y la biodiversidad para el bienestar humano.<\/div>\n<div style=\"background-color: white; border: 0px; color: #525b62; font-family: Arial, Helvetica, sans-serif; font-size: 13px; line-height: 18px; margin-bottom: 1em; outline: 0px; padding: 0px; vertical-align: baseline;\">EME considera que la comunicaci\u00f3n de la ciencia es uno de los desaf\u00edos de la comunidad cient\u00edfica y es necesario generar nuevas formas de comunicaci\u00f3n entre la comunidad cient\u00edfica y otros sectores de la sociedad.<\/div>\n<div style=\"background-color: white; border: 0px; color: #525b62; font-family: Arial, Helvetica, sans-serif; font-size: 13px; line-height: 18px; margin-bottom: 1em; outline: 0px; padding: 0px; vertical-align: baseline;\">La sociedad tiende a considerar la conservaci\u00f3n de los ecosistemas como asuntos que implican a cient\u00edficos y a ciertas asociaciones conservacionistas que identifican como sectores sociales muy distanciados de sus intereses y preocupaciones<\/div>\n<div style=\"background-color: white; border: 0px; color: #525b62; font-family: Arial, Helvetica, sans-serif; font-size: 13px; line-height: 18px; margin-bottom: 1em; outline: 0px; padding: 0px; vertical-align: baseline;\"><\/div>\n<div style=\"background-color: white; border: 0px; color: #525b62; font-family: Arial, Helvetica, sans-serif; font-size: 13px; line-height: 18px; margin-bottom: 1em; outline: 0px; padding: 0px; vertical-align: baseline;\"><\/div>\n<div style=\"background-color: white; border: 0px; color: #525b62; font-family: Arial, Helvetica, sans-serif; font-size: 13px; line-height: 18px; margin-bottom: 1em; outline: 0px; padding: 0px; vertical-align: baseline;\"><\/div>\n<div style=\"background-color: white; border: 0px; color: #525b62; font-family: Arial, Helvetica, sans-serif; font-size: 13px; line-height: 18px; margin-bottom: 1em; outline: 0px; padding: 0px; vertical-align: baseline;\"><\/div>\n<div style=\"background-color: white; border: 0px; color: #525b62; font-family: Arial, Helvetica, sans-serif; font-size: 13px; line-height: 18px; margin-bottom: 1em; outline: 0px; padding: 0px; vertical-align: baseline;\"><\/div>\n<p><a name='more'><\/a><\/p>\n<div style=\"background-color: white; border: 0px; color: #525b62; font-family: Arial, Helvetica, sans-serif; font-size: 13px; line-height: 18px; margin-bottom: 1em; outline: 0px; padding: 0px; vertical-align: baseline;\"><\/div>\n<div style=\"border: 0px; margin-bottom: 1em; outline: 0px; padding: 0px; vertical-align: baseline;\">Por una parte, una sociedad que no tiene en cuenta los avances cient\u00edficos para la toma de decisiones est\u00e1 abocada a equivocarse. Por otra parte, una ciencia que no tiene en cuenta las preocupaciones, conocimientos y necesidades de otros sectores sociales est\u00e1 abocada a perpetuar esa distancia.<span style=\"background-color: transparent; border: 0px; font-family: inherit; font-style: inherit; margin: 0px; outline: 0px; padding: 0px; vertical-align: baseline;\"><\/span><\/div>\n<div style=\"border: 0px; margin-bottom: 1em; outline: 0px; padding: 0px; vertical-align: baseline;\">Por ello, estos materiales educativos pretenden servir de puente entre la comunidad cient\u00edfica y los resultados de sus investigaciones y otros sectores de la sociedad y sus intereses y preocupaciones.<\/div>\n<div style=\"border: 0px; margin-bottom: 1em; outline: 0px; padding: 0px; vertical-align: baseline;\">En la educaci\u00f3n formal y no formal, es necesario introducir la perspectiva de los servicios de los ecosistemas y la biodiversidad en su contribuci\u00f3n al bienestar humano, para ir m\u00e1s all\u00e1 de la concepci\u00f3n de los recursos naturales. La tendencia internacional a considerar \u201cservicios\u201d en lugar de \u201crecursos\u201d tiene implicaciones en relaci\u00f3n a la mirada hacia la naturaleza. Para tener una visi\u00f3n m\u00e1s compleja e integrada, se ha introducido el concepto de servicios en el panorama internacional de las Ciencias de la Sostenibilidad y tambi\u00e9n es necesario que tambi\u00e9n est\u00e9 presente en la Educaci\u00f3n Secundaria y Bachillerato en el contexto estatal.<\/div>\n<div style=\"border: 0px; margin-bottom: 1em; outline: 0px; padding: 0px; vertical-align: baseline;\">Este material educativo est\u00e1 enfocado a los\/as estudiantes de Educaci\u00f3n Secundaria Obligatoria, Bachillerato y estudiantes de grados universitarios. Asimismo, como para aquellos estudiantes de la educaci\u00f3n no formal (monitores\/as y coordinadores\/as de Ocio y Tiempo Libre, monitores\/as de Educaci\u00f3n Ambiental), y para toda aquella poblaci\u00f3n interesada en las tem\u00e1ticas ambientales.<\/div>\n<div style=\"border: 0px; margin-bottom: 1em; outline: 0px; padding: 0px; vertical-align: baseline;\">El objetivo pedag\u00f3gico de este material educativo es comunicar los mensajes clave de EME que son relevantes para conocer la situaci\u00f3n de los ecosistemas, sus servicios y la biodiversidad para el bienestar humano, as\u00ed como encaminarnos a la transici\u00f3n hacia la sostenibilidad de la sociedad espa\u00f1ola.<\/div>\n<div style=\"border: 0px; margin-bottom: 1em; outline: 0px; padding: 0px; vertical-align: baseline;\">Los materiales consisten en varias presentaciones din\u00e1micas (<a href=\"http:\/\/www.ecomilenio.es\/wp-content\/uploads\/2013\/07\/Material_educativo_EME_Diapo-1-19.pptx\" style=\"background-color: transparent; border: 0px; color: #006335; font-family: inherit; font-style: inherit; margin: 0px; outline: 0px; padding: 0px; vertical-align: baseline;\" target=\"_blank\" rel=\"noopener\">Qu\u00e9 es EME y conceptos clave<\/a>,&nbsp;<a href=\"http:\/\/www.ecomilenio.es\/wp-content\/uploads\/2013\/07\/Material_educativo_EME_Diapo-20-46.pptx\" style=\"background-color: transparent; border: 0px; color: #006335; font-family: inherit; font-style: inherit; margin: 0px; outline: 0px; padding: 0px; vertical-align: baseline;\" target=\"_blank\" rel=\"noopener\">Principales resultados y Escenarios de futuro<\/a>) que se pueden emplear de diversos modos, y est\u00e1n disponibles online de manera libre y gratuita para su descarga, as\u00ed como una&nbsp;<a href=\"http:\/\/www.ecomilenio.es\/wp-content\/uploads\/2013\/07\/Gu%C3%ADa-profesorado-EME.pdf\" style=\"background-color: transparent; border: 0px; color: #006335; font-family: inherit; font-style: inherit; margin: 0px; outline: 0px; padding: 0px; vertical-align: baseline;\" target=\"_blank\" rel=\"noopener\">gu\u00eda de apoyo para el profesorado<\/a>. Las presentaciones son de car\u00e1cter visual y la gu\u00eda aporta la informaci\u00f3n complementaria para realizar una presentaci\u00f3n en aula. En la gu\u00eda se presentan diapositiva a diapositiva los contenidos sugeridos que se pueden abordar en cada una de ellas. Para mayor informaci\u00f3n, est\u00e1n los&nbsp;<a href=\"http:\/\/www.ecomilenio.es\/\" style=\"background-color: transparent; border: 0px; color: #006335; font-family: inherit; font-style: inherit; margin: 0px; outline: 0px; padding: 0px; vertical-align: baseline;\" target=\"_blank\" rel=\"noopener\">informes completos<\/a>.<\/div>\n<div style=\"border: 0px; margin-bottom: 1em; outline: 0px; padding: 0px; vertical-align: baseline;\">Adem\u00e1s, integrados como parte de la presentaci\u00f3n y dentro de la estrategia de comunicaci\u00f3n del proyecto cient\u00edfico EME hay otros materiales de comunicaci\u00f3n complementarios que se pueden utilizar:&nbsp;<a href=\"http:\/\/www.ecomilenio.es\/comunicacion\/recursos\" style=\"background-color: transparent; border: 0px; color: #006335; font-family: inherit; font-style: inherit; margin: 0px; outline: 0px; padding: 0px; vertical-align: baseline;\" target=\"_blank\" rel=\"noopener\">p\u00f3sters de servicios de los ecosistemas<\/a>,<a href=\"http:\/\/www.ecomilenio.es\/comunicacion\/videos\" style=\"background-color: transparent; border: 0px; color: #006335; font-family: inherit; font-style: inherit; margin: 0px; outline: 0px; padding: 0px; vertical-align: baseline;\" target=\"_blank\" rel=\"noopener\">v\u00eddeos sobre tipos de ecosistemas<\/a>,&nbsp;<a href=\"http:\/\/www.ecomilenio.es\/comunicacion\/videos\" style=\"background-color: transparent; border: 0px; color: #006335; font-family: inherit; font-style: inherit; margin: 0px; outline: 0px; padding: 0px; vertical-align: baseline;\" target=\"_blank\" rel=\"noopener\">v\u00eddeo de presentaci\u00f3n del proyecto internacional<\/a>, etc.<\/div>\n<div style=\"border: 0px; margin-bottom: 1em; outline: 0px; padding: 0px; vertical-align: baseline;\">Por \u00faltimo, se proporcionan algunas&nbsp;<a href=\"http:\/\/www.ecomilenio.es\/wp-content\/uploads\/2013\/07\/Material_educativo_EME_Actividades-educativas.pptx\" style=\"background-color: transparent; border: 0px; color: #006335; font-family: inherit; font-style: inherit; margin: 0px; outline: 0px; padding: 0px; vertical-align: baseline;\" target=\"_blank\" rel=\"noopener\">actividades<\/a>&nbsp;posibles, a escoger en funci\u00f3n del perfil de la poblaci\u00f3n destinataria. Estas actividades cuentan con un apoyo visual al final de la presentaci\u00f3n din\u00e1mica. La presentaci\u00f3n est\u00e1 en formato editable, para que se pueda adaptar seg\u00fan las actividades que se escojan para realizar.<\/div>\n<div style=\"border: 0px; margin-bottom: 1em; outline: 0px; padding: 0px; vertical-align: baseline;\">La metodolog\u00eda a emplear con estos materiales educativos es libre. Sin embargo, recomendamos un enfoque dial\u00f3gico a trav\u00e9s de la construcci\u00f3n de preguntas y el di\u00e1logo entre los conocimientos y las experiencias de la poblaci\u00f3n destinataria y la informaci\u00f3n nueva que aporta el proyecto cient\u00edfico EME.<\/div>\n<div style=\"border: 0px; margin-bottom: 1em; outline: 0px; padding: 0px; vertical-align: baseline;\">Dado que pretende ser un material adaptable a diversos contextos educativos (edades, \u00e1mbito formal y no formal), la duraci\u00f3n puede ser variable. Desde un m\u00ednimo, contemplando la mera exposici\u00f3n dialogada de la informaci\u00f3n que ser\u00eda de 60 minutos, hasta la programaci\u00f3n adaptada de las actividades, visualizaci\u00f3n de los v\u00eddeos, trabajo con los posters, etc., donde tambi\u00e9n se adaptar\u00eda la duraci\u00f3n, la cual se recomienda como m\u00e1ximo de 6 horas, en sesiones distintas, a excepci\u00f3n de que sea elegido este tema como proyecto educativo, en cuyo caso deben incorporarse otras actividades.<\/div>\n<div style=\"border: 0px; margin-bottom: 1em; outline: 0px; padding: 0px; vertical-align: baseline;\">Esperamos que estos materiales sean de inter\u00e9s y puedan contribuir a la divulgaci\u00f3n del concepto de los servicios de los ecosistemas, la biodiveridad y su importancia para el bienetar humano.<\/div>\n<div style=\"border: 0px; margin-bottom: 1em; outline: 0px; padding: 0px; vertical-align: baseline;\">Descarga de materiales educativos:<\/div>\n<ul style=\"border: 0px; line-height: normal; list-style: none; margin: 0px; outline: 0px; padding: 0px 0px 10px 15px; vertical-align: baseline;\">\n<li style=\"background-color: transparent; border: 0px; font-family: inherit; font-style: inherit; list-style: circle; margin: 0px; outline: 0px; padding: 2px 0px; vertical-align: baseline;\">Presentaciones de diapositivas:\n<ul style=\"background-color: transparent; border: 0px; font-family: inherit; font-style: inherit; list-style: none; margin: 0px; outline: 0px; padding: 0px 0px 10px 15px; vertical-align: baseline;\">\n<li style=\"background-color: transparent; border: 0px; font-family: inherit; font-style: inherit; list-style: circle; margin: 0px; outline: 0px; padding: 2px 0px; vertical-align: baseline;\"><a href=\"http:\/\/www.ecomilenio.es\/wp-content\/uploads\/2013\/07\/Material_educativo_EME_Diapo-1-19.pptx\" style=\"background-color: transparent; border: 0px; color: #006335; font-family: inherit; font-style: inherit; margin: 0px; outline: 0px; padding: 0px; vertical-align: baseline;\" target=\"_blank\" rel=\"noopener\">Qu\u00e9 es EME y Conceptos Clave<\/a>.<\/li>\n<li style=\"background-color: transparent; border: 0px; font-family: inherit; font-style: inherit; list-style: circle; margin: 0px; outline: 0px; padding: 2px 0px; vertical-align: baseline;\"><a href=\"http:\/\/www.ecomilenio.es\/wp-content\/uploads\/2013\/07\/Material_educativo_EME_Diapo-20-46.pptx\" style=\"background-color: transparent; border: 0px; color: #006335; font-family: inherit; font-style: inherit; margin: 0px; outline: 0px; padding: 0px; vertical-align: baseline;\" target=\"_blank\" rel=\"noopener\">Principales esultados y Escenarios de futuro<\/a>.<\/li>\n<li style=\"background-color: transparent; border: 0px; font-family: inherit; font-style: inherit; list-style: circle; margin: 0px; outline: 0px; padding: 2px 0px; vertical-align: baseline;\"><a href=\"http:\/\/www.ecomilenio.es\/wp-content\/uploads\/2013\/07\/Material_educativo_EME_Actividades-educativas.pptx\" style=\"background-color: transparent; border: 0px; color: #006335; font-family: inherit; font-style: inherit; margin: 0px; outline: 0px; padding: 0px; vertical-align: baseline;\" target=\"_blank\" rel=\"noopener\">Actividades educativas complementarias<\/a>.<\/li>\n<\/ul>\n<\/li>\n<li style=\"background-color: transparent; border: 0px; font-family: inherit; font-style: inherit; list-style: circle; margin: 0px; outline: 0px; padding: 2px 0px; vertical-align: baseline;\"><a href=\"http:\/\/www.ecomilenio.es\/wp-content\/uploads\/2013\/07\/Gu%C3%ADa-profesorado-EME.pdf\" style=\"background-color: transparent; border: 0px; color: #006335; font-family: inherit; font-style: inherit; margin: 0px; outline: 0px; padding: 0px; vertical-align: baseline;\" target=\"_blank\" rel=\"noopener\">Gu\u00eda de apoyo para el profesorado<\/a>.<\/li>\n<\/ul>\n<p><\/p>\n","protected":false},"excerpt":{"rendered":"<p>La Evaluaci\u00f3n de los Ecosistemas del Milenio de Espa\u00f1a (EME) ha lanzado un material educativo&#8230;<\/p>\n","protected":false},"author":2,"featured_media":0,"comment_status":"open","ping_status":"open","sticky":false,"template":"","format":"standard","meta":{"ngg_post_thumbnail":0,"footnotes":""},"categories":[1],"tags":[],"class_list":["post-287","post","type-post","status-publish","format-standard","hentry","category-hemeroteca"],"_links":{"self":[{"href":"https:\/\/aedecanarias.eu\/index.php?rest_route=\/wp\/v2\/posts\/287","targetHints":{"allow":["GET"]}}],"collection":[{"href":"https:\/\/aedecanarias.eu\/index.php?rest_route=\/wp\/v2\/posts"}],"about":[{"href":"https:\/\/aedecanarias.eu\/index.php?rest_route=\/wp\/v2\/types\/post"}],"author":[{"embeddable":true,"href":"https:\/\/aedecanarias.eu\/index.php?rest_route=\/wp\/v2\/users\/2"}],"replies":[{"embeddable":true,"href":"https:\/\/aedecanarias.eu\/index.php?rest_route=%2Fwp%2Fv2%2Fcomments&post=287"}],"version-history":[{"count":0,"href":"https:\/\/aedecanarias.eu\/index.php?rest_route=\/wp\/v2\/posts\/287\/revisions"}],"wp:attachment":[{"href":"https:\/\/aedecanarias.eu\/index.php?rest_route=%2Fwp%2Fv2%2Fmedia&parent=287"}],"wp:term":[{"taxonomy":"category","embeddable":true,"href":"https:\/\/aedecanarias.eu\/index.php?rest_route=%2Fwp%2Fv2%2Fcategories&post=287"},{"taxonomy":"post_tag","embeddable":true,"href":"https:\/\/aedecanarias.eu\/index.php?rest_route=%2Fwp%2Fv2%2Ftags&post=287"}],"curies":[{"name":"wp","href":"https:\/\/api.w.org\/{rel}","templated":true}]}}