{"id":286,"date":"2013-09-10T16:41:00","date_gmt":"2013-09-10T16:41:00","guid":{"rendered":"https:\/\/aedecanarias.eu\/el-pe-lanza-su-campana-informativa-sobre-las-elecciones-europeas"},"modified":"2013-09-10T16:41:00","modified_gmt":"2013-09-10T16:41:00","slug":"el-pe-lanza-su-campana-informativa-sobre-las-elecciones-europeas","status":"publish","type":"post","link":"https:\/\/aedecanarias.eu\/?p=286","title":{"rendered":"El PE lanza su campa\u00f1a informativa sobre las elecciones europeas"},"content":{"rendered":"\n<div class=\"twitter-share\"><a href=\"https:\/\/twitter.com\/intent\/tweet?via=aedecanarias\" class=\"twitter-share-button\" data-size=\"large\">Twittear<\/a><\/div>\n<p><\/p>\n<div style=\"background-color: white; border: 0px; color: #363636; font-family: Arial, Helvetica, sans-serif; font-size: 1.2em; line-height: 1.6em; margin: 0px 0px 8px; padding: 0px; position: relative; top: -2px; vertical-align: baseline;\">\n<div style=\"border: 0px; font-family: inherit; font-style: inherit; padding: 0px; position: relative; vertical-align: baseline;\">\n<div style=\"clear: both; text-align: center;\"><a href=\"http:\/\/4.bp.blogspot.com\/-IfRBpJn4y3Q\/Ui9LXfmN_RI\/AAAAAAAAAMs\/BExQgw7-js4\/s1600\/20130910PHT19518_original.jpg\" style=\"clear: right; float: right; margin-bottom: 1em; margin-left: 1em;\"><img loading=\"lazy\" decoding=\"async\" border=\"0\" height=\"133\" src=\"http:\/\/4.bp.blogspot.com\/-IfRBpJn4y3Q\/Ui9LXfmN_RI\/AAAAAAAAAMs\/BExQgw7-js4\/s200\/20130910PHT19518_original.jpg\" width=\"200\" \/><\/a><\/div>\n<p><strong style=\"border: 0px; font-family: inherit; font-style: inherit; margin: 0px; outline: 0px; padding: 0px; vertical-align: baseline;\">El Parlamento Europeo ha dado hoy martes el pistoletazo de salida de cara a las elecciones europeas de 2014 con el lanzamiento de una nueva campa\u00f1a de informaci\u00f3n y concienciaci\u00f3n ciudadana. La campa\u00f1a se prolongar\u00e1 m\u00e1s all\u00e1 de las elecciones \u2013fijadas en Espa\u00f1a para el 25 de mayo-, hasta que el Parlamento salido de las urnas concluya la elecci\u00f3n del pr\u00f3ximo presidente de la Comisi\u00f3n Europea.<\/strong><\/div>\n<p><a name='more'><\/a><\/p>\n<div style=\"border: 0px; font-family: inherit; font-style: inherit; padding: 0px; position: relative; vertical-align: baseline;\">\u00abLa \u00fanica manera de legitimar la toma de decisiones de la UE e influir sobre \u00e9sta es a trav\u00e9s del Parlamento Europeo\u201d, incidi\u00f3 Anni Podimata (S&amp;D, Grecia), vicepresidenta de la Euroc\u00e1mara en el \u00e1rea de Comunicaci\u00f3n. \u201cExiste la percepci\u00f3n de que, en el actual contexto de crisis econ\u00f3mica, la toma de decisiones pol\u00edticas desde Bruselas carece de legitimidad democr\u00e1tica\u201d. \u201cLas personas, los votantes de la UE, tienen la posibilidad de determinar las mayor\u00edas pol\u00edticas del pr\u00f3ximo Parlamento, que deber\u00e1 marcar el rumbo de la legislaci\u00f3n comunitaria, desafiar las pol\u00edticas equivocadas y liderar el debate pol\u00edtico durante los cinco a\u00f1os siguientes\u201d.<\/p>\n<p>\u00abEl Parlamento Europeo es la C\u00e1mara de todos los ciudadanos de la UE. Nosotros somos su voz en el proceso de toma de decisiones en la Uni\u00f3n\u201d, record\u00f3 Othmar Karas (PPE, Austria), el otro vicepresidente de Comunicaci\u00f3n. \u201cPero esta vez es diferente. Esta campa\u00f1a de comunicaci\u00f3n nos llevar\u00e1 hasta las elecciones europeas del 22-25 de mayo e incluso m\u00e1s lejos, hasta que el Parlamento elija al presidente de la pr\u00f3xima Comisi\u00f3n Europea y apruebe la agenda pol\u00edtica de esa instituci\u00f3n\u201d.<\/p>\n<p>En la actualidad, la mayor\u00eda de las leyes se adoptan a nivel europeo, lo que convierte al Parlamento Europeo en una c\u00e1mara legislativa con tantas o m\u00e1s competencias que cualquier parlamento nacional. Por ello, es importante que los votantes sepan qu\u00e9 decisiones se toman desde \u00abBruselas\u00bb (o Estrasburgo) y c\u00f3mo pueden influir en ellas.<\/p>\n<p><strong style=\"border: 0px; font-family: inherit; font-style: inherit; margin: 0px; outline: 0px; padding: 0px; vertical-align: baseline;\">Acci\u00f3n. Reacci\u00f3n. Decisi\u00f3n.<\/strong><\/p>\n<p>La campa\u00f1a de comunicaci\u00f3n contar\u00e1 con cuatro fases. La primera fase comienza hoy, con la presentaci\u00f3n del lema \u201cAcci\u00f3n. Reacci\u00f3n. Decisi\u00f3n\u201d. El objetivo fundamental es explicar las nuevas competencias del Parlamento Europeo y las consecuencias que estas tienen para la vida cotidiana de todos los ciudadanos de la UE.<\/p>\n<p>La segunda fase, de octubre a febrero de 2014, incidir\u00e1 sobre cinco temas cruciales -la econom\u00eda, el empleo, la calidad de vida, el presupuesto y la UE en el mundo- con una serie de eventos interactivos celebrados en varias ciudades europeas.<\/p>\n<p>La tercera fase, que cubrir\u00e1 la campa\u00f1a electoral propiamente dicha, dar\u00e1 comienzo en febrero. Se centrar\u00e1 en promocionar las fechas de las elecciones (22-25 de mayo), que ser\u00e1n agregadas al logotipo para marcar su cercan\u00eda.<\/p>\n<p>Concluida la cita electoral, la \u00faltima fase se centrar\u00e1 en comunicar sobre qu\u00e9 Parlamento Europeo ha resultado elegido, el nombramiento del pr\u00f3ximo presidente de la Comisi\u00f3n Europea por parte de los eurodiputados y la inauguraci\u00f3n de la nueva Comisi\u00f3n.<\/p>\n<p>El logotipo con el lema \u201cAcci\u00f3n. Reacci\u00f3n. Decisi\u00f3n\u201d hace hincapi\u00e9 en c\u00f3mo los votantes de la UE pueden ejercer su poder, a trav\u00e9s de las urnas, para determinar el rumbo de la futura Europa.<\/p><\/div>\n<\/div>\n","protected":false},"excerpt":{"rendered":"<p>El Parlamento Europeo ha dado hoy martes el pistoletazo de salida de cara a las&#8230;<\/p>\n","protected":false},"author":2,"featured_media":0,"comment_status":"open","ping_status":"open","sticky":false,"template":"","format":"standard","meta":{"ngg_post_thumbnail":0,"footnotes":""},"categories":[1],"tags":[],"class_list":["post-286","post","type-post","status-publish","format-standard","hentry","category-hemeroteca"],"_links":{"self":[{"href":"https:\/\/aedecanarias.eu\/index.php?rest_route=\/wp\/v2\/posts\/286","targetHints":{"allow":["GET"]}}],"collection":[{"href":"https:\/\/aedecanarias.eu\/index.php?rest_route=\/wp\/v2\/posts"}],"about":[{"href":"https:\/\/aedecanarias.eu\/index.php?rest_route=\/wp\/v2\/types\/post"}],"author":[{"embeddable":true,"href":"https:\/\/aedecanarias.eu\/index.php?rest_route=\/wp\/v2\/users\/2"}],"replies":[{"embeddable":true,"href":"https:\/\/aedecanarias.eu\/index.php?rest_route=%2Fwp%2Fv2%2Fcomments&post=286"}],"version-history":[{"count":0,"href":"https:\/\/aedecanarias.eu\/index.php?rest_route=\/wp\/v2\/posts\/286\/revisions"}],"wp:attachment":[{"href":"https:\/\/aedecanarias.eu\/index.php?rest_route=%2Fwp%2Fv2%2Fmedia&parent=286"}],"wp:term":[{"taxonomy":"category","embeddable":true,"href":"https:\/\/aedecanarias.eu\/index.php?rest_route=%2Fwp%2Fv2%2Fcategories&post=286"},{"taxonomy":"post_tag","embeddable":true,"href":"https:\/\/aedecanarias.eu\/index.php?rest_route=%2Fwp%2Fv2%2Ftags&post=286"}],"curies":[{"name":"wp","href":"https:\/\/api.w.org\/{rel}","templated":true}]}}