{"id":283,"date":"2013-09-12T16:18:00","date_gmt":"2013-09-12T16:18:00","guid":{"rendered":"https:\/\/aedecanarias.eu\/schulz-combatir-el-paro-juvenil-es-la-prioridad"},"modified":"2013-09-12T16:18:00","modified_gmt":"2013-09-12T16:18:00","slug":"schulz-combatir-el-paro-juvenil-es-la-prioridad","status":"publish","type":"post","link":"https:\/\/aedecanarias.eu\/?p=283","title":{"rendered":"Schulz: \u00abCombatir el paro juvenil es la prioridad\u00bb"},"content":{"rendered":"\n<div class=\"twitter-share\"><a href=\"https:\/\/twitter.com\/intent\/tweet?via=aedecanarias\" class=\"twitter-share-button\" data-size=\"large\">Twittear<\/a><\/div>\n<p><\/p>\n<div style=\"background-color: white; border: 0px; color: #363636; font-family: Arial, Helvetica, sans-serif; font-size: 12px; line-height: 19px; padding: 0px; position: relative; vertical-align: baseline;\"><a href=\"http:\/\/4.bp.blogspot.com\/-SAFYxa5a21M\/UjHo3BcvHtI\/AAAAAAAAANc\/piLyCdViAvA\/s1600\/20130912PHT19705_original.jpg\" style=\"clear: right; float: right; margin-bottom: 1em; margin-left: 1em;\"><img loading=\"lazy\" decoding=\"async\" border=\"0\" height=\"200\" src=\"http:\/\/4.bp.blogspot.com\/-SAFYxa5a21M\/UjHo3BcvHtI\/AAAAAAAAANc\/piLyCdViAvA\/s200\/20130912PHT19705_original.jpg\" width=\"200\" \/><\/a><strong style=\"border: 0px; font-family: inherit; font-style: inherit; margin: 0px; outline: 0px; padding: 0px; vertical-align: baseline;\">2014 promete ser un a\u00f1o repleto de acontecimientos en la Uni\u00f3n Europea. Jos\u00e9 Manuel Durao Barroso, Presidente de la Comisi\u00f3n Europea, ofreci\u00f3 un avance de cuanto est\u00e1 por llegar durante su discurso ante el pleno del Parlamento Europeo (PE) con motivo de la celebraci\u00f3n del debate sobre el estado de la Uni\u00f3n el 11 de septiembre. Los seguidores del Facebook de la Euroc\u00e1mara pudieron debatir tras la sesi\u00f3n parlamentaria con Martin Schulz, Presidente del PE, sobre el futuro de Europa.<\/strong><\/div>\n<div style=\"background-color: white; border: 0px; color: #363636; font-family: Arial, Helvetica, sans-serif; font-size: 12px; line-height: 19px; padding: 0px; position: relative; vertical-align: baseline;\"><strong style=\"border: 0px; font-family: inherit; font-style: inherit; margin: 0px; outline: 0px; padding: 0px; vertical-align: baseline;\"><br \/><\/strong><\/div>\n<div style=\"background-color: white; border: 0px; color: #363636; font-family: Arial, Helvetica, sans-serif; font-size: 12px; line-height: 19px; padding: 0px; position: relative; vertical-align: baseline;\"><strong style=\"border: 0px; font-family: inherit; font-style: inherit; margin: 0px; outline: 0px; padding: 0px; vertical-align: baseline;\"><\/strong><\/div>\n<p><a name='more'><\/a><\/p>\n<div style=\"background-color: white; border: 0px; color: #363636; font-family: Arial, Helvetica, sans-serif; font-size: 12px; line-height: 19px; padding: 0px; position: relative; vertical-align: baseline;\"><strong style=\"border: 0px; font-family: inherit; font-style: inherit; margin: 0px; outline: 0px; padding: 0px; vertical-align: baseline;\">El chat con Martin Schulz, Presidente del Parlamento Europeo (PE), fue uno de los que despertaron m\u00e1s atenci\u00f3n entre los seguidores del Facebook de la Euroc\u00e1mara. Schulz fue interrogado sobre la intervenci\u00f3n del Presidente de la Comisi\u00f3n Europea, Jos\u00e9 Manuel Durao Barroso, en el debate sobre el estado de la Uni\u00f3n en el pleno del PE. \u00abComparto su visi\u00f3n, profundizar la integraci\u00f3n y reforzar las instituciones comunitarias es la mejor manera de proteger la cohesi\u00f3n social en Europa\u00bb, contest\u00f3 Martin Schulz.<\/strong><\/div>\n<p><br style=\"background-color: white; color: #363636; font-family: Arial, Helvetica, sans-serif; font-size: 12px; line-height: 19px;\" \/><br style=\"background-color: white; color: #363636; font-family: Arial, Helvetica, sans-serif; font-size: 12px; line-height: 19px;\" \/><\/p>\n<div style=\"background-color: white; border: 0px; color: #363636; font-family: Arial, Helvetica, sans-serif; font-size: 12px; line-height: 19px; padding: 0px; position: relative; vertical-align: baseline;\">El Presidente de la Euroc\u00e1mara se expres\u00f3 con total claridad sobre cu\u00e1l es la cuesti\u00f3n m\u00e1s importante, al afirmar que \u00abla primera prioridad es combatir el paro juvenil, y el PE insiste en movilizar el dinero necesario con la mayor rapidez posible\u00bb. Y puntualiz\u00f3: \u00abComprendo a los j\u00f3venes que buscan el lugar m\u00e1s adecuado para encontrar un trabajo y una vida digna, pero nuestro responsabilidad es garantizar que sea posible en toda Europa\u00bb.<\/div>\n<p><br style=\"background-color: white; color: #363636; font-family: Arial, Helvetica, sans-serif; font-size: 12px; line-height: 19px;\" \/><\/p>\n<div style=\"background-color: white; border: 0px; color: #363636; font-family: Arial, Helvetica, sans-serif; font-size: 12px; line-height: 19px; padding: 0px; position: relative; vertical-align: baseline;\"><strong style=\"border: 0px; font-family: inherit; font-style: inherit; margin: 0px; outline: 0px; padding: 0px; vertical-align: baseline;\">Populismo<\/strong><\/div>\n<p><br style=\"background-color: white; color: #363636; font-family: Arial, Helvetica, sans-serif; font-size: 12px; line-height: 19px;\" \/><\/p>\n<div style=\"background-color: white; border: 0px; color: #363636; font-family: Arial, Helvetica, sans-serif; font-size: 12px; line-height: 19px; padding: 0px; position: relative; vertical-align: baseline;\">Schulz destac\u00f3 su dedicaci\u00f3n al luchar contra el populismo e indic\u00f3: \u00abLa Uni\u00f3n Europea debe ser m\u00e1s eficaz, m\u00e1s transparente y debe aumentar el grado en el que sus responsables est\u00e1n obligados a rendir cuentas\u00bb. El Presidente de la Euroc\u00e1mara tambi\u00e9n admiti\u00f3 que se debe \u00abintensificar el di\u00e1logo directo con los votantes\u00bb.<\/div>\n<p><br style=\"background-color: white; color: #363636; font-family: Arial, Helvetica, sans-serif; font-size: 12px; line-height: 19px;\" \/><\/p>\n<div style=\"background-color: white; border: 0px; color: #363636; font-family: Arial, Helvetica, sans-serif; font-size: 12px; line-height: 19px; padding: 0px; position: relative; vertical-align: baseline;\">A las muchas preguntas planteadas sobre los comicios a la Euroc\u00e1mara del a\u00f1o que viene, Schulz contest\u00f3 que \u00bb las elecciones europeas de mayo de 2014 determinar\u00e1n la mayor\u00eda en el Parlamento Europeo, y esa mayor\u00eda elegir\u00e1 al Presidente de la Comisi\u00f3n Europea, lo que tendr\u00e1 una gran repercusi\u00f3n en el desarrollo del futuro de la UE\u00bb. Y apostill\u00f3: \u00abNecesitamos por tanto que compitan por toda Europa los candidatos a la sucesi\u00f3n del se\u00f1or Barroso\u00bb.<\/div>\n","protected":false},"excerpt":{"rendered":"<p>2014 promete ser un a\u00f1o repleto de acontecimientos en la Uni\u00f3n Europea. Jos\u00e9 Manuel Durao&#8230;<\/p>\n","protected":false},"author":2,"featured_media":0,"comment_status":"open","ping_status":"open","sticky":false,"template":"","format":"standard","meta":{"ngg_post_thumbnail":0,"footnotes":""},"categories":[1],"tags":[],"class_list":["post-283","post","type-post","status-publish","format-standard","hentry","category-hemeroteca"],"_links":{"self":[{"href":"https:\/\/aedecanarias.eu\/index.php?rest_route=\/wp\/v2\/posts\/283","targetHints":{"allow":["GET"]}}],"collection":[{"href":"https:\/\/aedecanarias.eu\/index.php?rest_route=\/wp\/v2\/posts"}],"about":[{"href":"https:\/\/aedecanarias.eu\/index.php?rest_route=\/wp\/v2\/types\/post"}],"author":[{"embeddable":true,"href":"https:\/\/aedecanarias.eu\/index.php?rest_route=\/wp\/v2\/users\/2"}],"replies":[{"embeddable":true,"href":"https:\/\/aedecanarias.eu\/index.php?rest_route=%2Fwp%2Fv2%2Fcomments&post=283"}],"version-history":[{"count":0,"href":"https:\/\/aedecanarias.eu\/index.php?rest_route=\/wp\/v2\/posts\/283\/revisions"}],"wp:attachment":[{"href":"https:\/\/aedecanarias.eu\/index.php?rest_route=%2Fwp%2Fv2%2Fmedia&parent=283"}],"wp:term":[{"taxonomy":"category","embeddable":true,"href":"https:\/\/aedecanarias.eu\/index.php?rest_route=%2Fwp%2Fv2%2Fcategories&post=283"},{"taxonomy":"post_tag","embeddable":true,"href":"https:\/\/aedecanarias.eu\/index.php?rest_route=%2Fwp%2Fv2%2Ftags&post=283"}],"curies":[{"name":"wp","href":"https:\/\/api.w.org\/{rel}","templated":true}]}}