{"id":282,"date":"2013-09-12T16:28:00","date_gmt":"2013-09-12T16:28:00","guid":{"rendered":"https:\/\/aedecanarias.eu\/union-europea-educacion-formacion-y-juventud"},"modified":"2013-09-12T16:28:00","modified_gmt":"2013-09-12T16:28:00","slug":"union-europea-educacion-formacion-y-juventud","status":"publish","type":"post","link":"https:\/\/aedecanarias.eu\/?p=282","title":{"rendered":"UNI\u00d3N EUROPEA.- Educaci\u00f3n, formaci\u00f3n y juventud"},"content":{"rendered":"\n<div class=\"twitter-share\"><a href=\"https:\/\/twitter.com\/intent\/tweet?via=aedecanarias\" class=\"twitter-share-button\" data-size=\"large\">Twittear<\/a><\/div>\n<div style=\"clear: both; text-align: center;\"><a href=\"http:\/\/1.bp.blogspot.com\/-3zIfD4KYXvU\/UjHrhDmdfXI\/AAAAAAAAANo\/UnlDasQ8yII\/s1600\/overview-educ-1.jpg\" style=\"clear: left; float: left; margin-bottom: 1em; margin-right: 1em;\"><img loading=\"lazy\" decoding=\"async\" border=\"0\" height=\"133\" src=\"http:\/\/1.bp.blogspot.com\/-3zIfD4KYXvU\/UjHrhDmdfXI\/AAAAAAAAANo\/UnlDasQ8yII\/s200\/overview-educ-1.jpg\" width=\"200\" \/><\/a><\/div>\n<p><span style=\"background-color: white; font-family: Verdana, Arial, Helvetica, sans-serif; font-size: 12px; line-height: 17px; text-align: left;\">La pol\u00edtica educativa es competencia de los pa\u00edses de la UE, pero la UE los apoya&nbsp;<\/span><strong style=\"background-color: white; font-family: Verdana, Arial, Helvetica, sans-serif; font-size: 12px; line-height: 17px; text-align: left;\">fijando objetivos comunes<\/strong><span style=\"background-color: white; font-family: Verdana, Arial, Helvetica, sans-serif; font-size: 12px; line-height: 17px; text-align: left;\">&nbsp;y<\/span><strong style=\"background-color: white; font-family: Verdana, Arial, Helvetica, sans-serif; font-size: 12px; line-height: 17px; text-align: left;\">facilitando la puesta en com\u00fan de buenas pr\u00e1cticas<\/strong><span style=\"background-color: white; font-family: Verdana, Arial, Helvetica, sans-serif; font-size: 12px; line-height: 17px; text-align: left;\">. El \u00e9xito econ\u00f3mico de la UE en el futuro depender\u00e1 de que su poblaci\u00f3n reciba una educaci\u00f3n de calidad, que permita a la UE competir eficazmente en una econom\u00eda globalizada y basada en el conocimiento.&nbsp;<\/span><br style=\"background-color: white; font-family: Verdana, Arial, Helvetica, sans-serif; font-size: 12px; line-height: 17px; text-align: left;\" \/><span style=\"background-color: white; font-family: Verdana, Arial, Helvetica, sans-serif; font-size: 12px; line-height: 17px; text-align: left;\">La UE tambi\u00e9n financia programas para ayudar a los ciudadanos a&nbsp;<\/span><strong style=\"background-color: white; font-family: Verdana, Arial, Helvetica, sans-serif; font-size: 12px; line-height: 17px; text-align: left;\">estudiar, formarse o hacer pr\u00e1cticas o trabajo de voluntariado en el extranjero<\/strong><span style=\"background-color: white; font-family: Verdana, Arial, Helvetica, sans-serif; font-size: 12px; line-height: 17px; text-align: left;\">, adem\u00e1s de fomentar el&nbsp;<\/span><strong style=\"background-color: white; font-family: Verdana, Arial, Helvetica, sans-serif; font-size: 12px; line-height: 17px; text-align: left;\">aprendizaje de idiomas<\/strong><span style=\"background-color: white; font-family: Verdana, Arial, Helvetica, sans-serif; font-size: 12px; line-height: 17px; text-align: left;\">&nbsp;y el&nbsp;<\/span><strong style=\"background-color: white; font-family: Verdana, Arial, Helvetica, sans-serif; font-size: 12px; line-height: 17px; text-align: left;\">aprendizaje electr\u00f3nico<\/strong><span style=\"background-color: white; font-family: Verdana, Arial, Helvetica, sans-serif; font-size: 12px; line-height: 17px; text-align: left;\">(e-learning).<\/span><\/p>\n<p><span style=\"background-color: white; font-family: Verdana, Arial, Helvetica, sans-serif; font-size: 12px; line-height: 17px; text-align: left;\"><\/span><br \/><a name='more'><\/a><\/p>\n<h3 style=\"background-color: white; color: #1376bf; font-family: Verdana, Arial, Helvetica, sans-serif; font-size: 13px; line-height: 17px; text-align: left;\">Intercambios educativos para estudiantes y profesores<\/h3>\n<div style=\"background-color: white; font-family: Verdana, Arial, Helvetica, sans-serif; font-size: 12px; line-height: 17px; text-align: left;\">Al t\u00e9rmino del periodo 2007-2013, la UE habr\u00e1 destinado cerca de 13.000 millones de euros al&nbsp;<strong>aprendizaje a lo largo de la vida<\/strong>&nbsp;(aprendizaje permanente) y a&nbsp;<strong>intercambios con pa\u00edses de todo el mundo<\/strong>, principalmente a trav\u00e9s de los programas siguientes:<\/div>\n<ul style=\"background-color: white; font-family: Verdana, Arial, Helvetica, sans-serif; font-size: 12px; line-height: 17px; text-align: left;\">\n<li style=\"list-style-image: url(http:\/\/europa.eu\/wel\/images\/eu_portal\/bullet-square.gif); padding: 0px 0px 6px;\"><span>Leonardo da Vinci:&nbsp;<\/span><a href=\"http:\/\/ec.europa.eu\/education\/lifelong-learning-programme\/ldv_de.htm\" style=\"color: #551a8b;\" target=\"\" title=\"Deutsch (de)\" rel=\"noopener\"><img decoding=\"async\" alt=\"Deutsch (de)\" border=\"0\" class=\"alIco\" src=\"http:\/\/europa.eu\/wel\/images\/languages\/lang_de.gif\" style=\"border: none;\" \/><\/a>&nbsp;<a href=\"http:\/\/ec.europa.eu\/education\/lifelong-learning-programme\/ldv_en.htm\" style=\"color: #551a8b;\" target=\"\" title=\"English (en)\" rel=\"noopener\"><img decoding=\"async\" alt=\"English (en)\" border=\"0\" class=\"alIco\" src=\"http:\/\/europa.eu\/wel\/images\/languages\/lang_en.gif\" style=\"border: none;\" \/><\/a>&nbsp;<a href=\"http:\/\/ec.europa.eu\/education\/lifelong-learning-programme\/ldv_fr.htm\" style=\"color: #551a8b;\" target=\"\" title=\"fran\u00e7ais (fr)\" rel=\"noopener\"><img decoding=\"async\" alt=\"fran\u00e7ais (fr)\" border=\"0\" class=\"alIco\" src=\"http:\/\/europa.eu\/wel\/images\/languages\/lang_fr.gif\" style=\"border: none;\" \/><\/a>&nbsp;formaci\u00f3n profesional, principalmente para pr\u00e1cticas de j\u00f3venes aprendices y becarios en empresas de otros pa\u00edses y proyectos de cooperaci\u00f3n entre centros de formaci\u00f3n profesional y empresas.<\/li>\n<li style=\"list-style-image: url(http:\/\/europa.eu\/wel\/images\/eu_portal\/bullet-square.gif); padding: 0px 0px 6px;\"><span>Erasmus:&nbsp;<\/span><a href=\"http:\/\/ec.europa.eu\/education\/lifelong-learning-programme\/erasmus_de.htm\" style=\"color: #551a8b;\" target=\"\" title=\"Deutsch (de)\" rel=\"noopener\"><img decoding=\"async\" alt=\"Deutsch (de)\" border=\"0\" class=\"alIco\" src=\"http:\/\/europa.eu\/wel\/images\/languages\/lang_de.gif\" style=\"border: none;\" \/><\/a>&nbsp;<a href=\"http:\/\/ec.europa.eu\/education\/lifelong-learning-programme\/erasmus_en.htm\" style=\"color: #551a8b;\" target=\"\" title=\"English (en)\" rel=\"noopener\"><img decoding=\"async\" alt=\"English (en)\" border=\"0\" class=\"alIco\" src=\"http:\/\/europa.eu\/wel\/images\/languages\/lang_en.gif\" style=\"border: none;\" \/><\/a>&nbsp;<a href=\"http:\/\/ec.europa.eu\/education\/lifelong-learning-programme\/erasmus_fr.htm\" style=\"color: #551a8b;\" target=\"\" title=\"fran\u00e7ais (fr)\" rel=\"noopener\"><img decoding=\"async\" alt=\"fran\u00e7ais (fr)\" border=\"0\" class=\"alIco\" src=\"http:\/\/europa.eu\/wel\/images\/languages\/lang_fr.gif\" style=\"border: none;\" \/><\/a>&nbsp;desde 1987 han recibido una beca Erasmus 2,5 millones de personas, entre estudiantes y personal universitario.&nbsp;<span>Erasmus Mundus&nbsp;<\/span><a href=\"http:\/\/ec.europa.eu\/education\/external-relation-programmes\/mundus_de.htm\" style=\"color: #551a8b;\" target=\"\" title=\"Deutsch (de)\" rel=\"noopener\"><img decoding=\"async\" alt=\"Deutsch (de)\" border=\"0\" class=\"alIco\" src=\"http:\/\/europa.eu\/wel\/images\/languages\/lang_de.gif\" style=\"border: none;\" \/><\/a>&nbsp;<a href=\"http:\/\/ec.europa.eu\/education\/external-relation-programmes\/mundus_en.htm\" style=\"color: #551a8b;\" target=\"\" title=\"English (en)\" rel=\"noopener\"><img decoding=\"async\" alt=\"English (en)\" border=\"0\" class=\"alIco\" src=\"http:\/\/europa.eu\/wel\/images\/languages\/lang_en.gif\" style=\"border: none;\" \/><\/a>&nbsp;<a href=\"http:\/\/ec.europa.eu\/education\/external-relation-programmes\/mundus_fr.htm\" style=\"color: #551a8b;\" target=\"\" title=\"fran\u00e7ais (fr)\" rel=\"noopener\"><img decoding=\"async\" alt=\"fran\u00e7ais (fr)\" border=\"0\" class=\"alIco\" src=\"http:\/\/europa.eu\/wel\/images\/languages\/lang_fr.gif\" style=\"border: none;\" \/><\/a>&nbsp;permite a estudiantes de postgrado y profesores de todo el mundo realizar estudios de maestr\u00eda o doctorado en universidades europeas.<\/li>\n<li style=\"list-style-image: url(http:\/\/europa.eu\/wel\/images\/eu_portal\/bullet-square.gif); padding: 0px 0px 6px;\"><span>Grundtvig:&nbsp;<\/span><a href=\"http:\/\/ec.europa.eu\/education\/lifelong-learning-programme\/grundtvig_de.htm\" style=\"color: #551a8b;\" target=\"\" title=\"Deutsch (de)\" rel=\"noopener\"><img decoding=\"async\" alt=\"Deutsch (de)\" border=\"0\" class=\"alIco\" src=\"http:\/\/europa.eu\/wel\/images\/languages\/lang_de.gif\" style=\"border: none;\" \/><\/a>&nbsp;<a href=\"http:\/\/ec.europa.eu\/education\/lifelong-learning-programme\/grundtvig_en.htm\" style=\"color: #551a8b;\" target=\"\" title=\"English (en)\" rel=\"noopener\"><img decoding=\"async\" alt=\"English (en)\" border=\"0\" class=\"alIco\" src=\"http:\/\/europa.eu\/wel\/images\/languages\/lang_en.gif\" style=\"border: none;\" \/><\/a>&nbsp;<a href=\"http:\/\/ec.europa.eu\/education\/lifelong-learning-programme\/grundtvig_fr.htm\" style=\"color: #551a8b;\" target=\"\" title=\"fran\u00e7ais (fr)\" rel=\"noopener\"><img decoding=\"async\" alt=\"fran\u00e7ais (fr)\" border=\"0\" class=\"alIco\" src=\"http:\/\/europa.eu\/wel\/images\/languages\/lang_fr.gif\" style=\"border: none;\" \/><\/a>&nbsp;programas de educaci\u00f3n de adultos, principalmente asociaciones y redes transnacionales.<\/li>\n<li style=\"list-style-image: url(http:\/\/europa.eu\/wel\/images\/eu_portal\/bullet-square.gif); padding: 0px 0px 6px;\"><span>Comenius:&nbsp;<\/span><a href=\"http:\/\/ec.europa.eu\/education\/lifelong-learning-programme\/comenius_de.htm\" style=\"color: #551a8b;\" target=\"\" title=\"Deutsch (de)\" rel=\"noopener\"><img decoding=\"async\" alt=\"Deutsch (de)\" border=\"0\" class=\"alIco\" src=\"http:\/\/europa.eu\/wel\/images\/languages\/lang_de.gif\" style=\"border: none;\" \/><\/a>&nbsp;<a href=\"http:\/\/ec.europa.eu\/education\/lifelong-learning-programme\/comenius_en.htm\" style=\"color: #551a8b;\" target=\"\" title=\"English (en)\" rel=\"noopener\"><img decoding=\"async\" alt=\"English (en)\" border=\"0\" class=\"alIco\" src=\"http:\/\/europa.eu\/wel\/images\/languages\/lang_en.gif\" style=\"border: none;\" \/><\/a>&nbsp;<a href=\"http:\/\/ec.europa.eu\/education\/lifelong-learning-programme\/comenius_fr.htm\" style=\"color: #551a8b;\" target=\"\" title=\"fran\u00e7ais (fr)\" rel=\"noopener\"><img decoding=\"async\" alt=\"fran\u00e7ais (fr)\" border=\"0\" class=\"alIco\" src=\"http:\/\/europa.eu\/wel\/images\/languages\/lang_fr.gif\" style=\"border: none;\" \/><\/a>&nbsp;cooperaci\u00f3n entre los centros de ense\u00f1anza y el profesorado, adem\u00e1s de intercambios de alumnos de ense\u00f1anza secundaria y asociaciones de centros escolares a trav\u00e9s de internet (eTwinning).<\/li>\n<li style=\"list-style-image: url(http:\/\/europa.eu\/wel\/images\/eu_portal\/bullet-square.gif); padding: 0px 0px 6px;\"><a href=\"http:\/\/ec.europa.eu\/research\/mariecurieactions\/index_es.htm\" style=\"color: #551a8b;\" title=\"Acciones Marie Curie:\"><strong>Acciones Marie Curie:<\/strong><\/a>&nbsp;formaci\u00f3n profesional y oportunidades de movilidad internacional para investigadores, a partir del nivel de postgrado.<\/li>\n<\/ul>\n<div style=\"background-color: white; border: 1px solid rgb(183, 221, 249); float: right; font-family: Verdana, Arial, Helvetica, sans-serif; font-size: 11px; line-height: 17px; margin-bottom: 20px !important; margin-left: 20px !important; padding: 0px; text-align: left; width: 210px; zoom: 1;\"><img decoding=\"async\" alt=\"Grupo de aprendices \u00a9 Carofoto\" class=\"frame-educ\" src=\"http:\/\/europa.eu\/pol\/images\/educ\/overview-educ-1.jpg\" style=\"border: none; width: 210px;\" title=\"Grupo de aprendices \u00a9 Carofoto\" \/><\/p>\n<div style=\"padding: 3px;\">El reconocimiento de las cualificaciones profesionales en toda la UE es prioritario.<\/div>\n<\/div>\n<div style=\"background-color: white; font-family: Verdana, Arial, Helvetica, sans-serif; font-size: 12px; line-height: 17px; text-align: left;\">Los estudiantes, profesores y centros docentes de pa\u00edses que no pertenecen a la UE, en particular los de pa\u00edses fronterizos con la UE o que tienen prevista su adhesi\u00f3n a la misma, pueden participar en muchos de estos programas. La UE tambi\u00e9n fomenta cursos sobre la integraci\u00f3n europea e intercambios con unos 80 pa\u00edses de todo el mundo.<\/div>\n<h3 style=\"background-color: white; color: #1376bf; font-family: Verdana, Arial, Helvetica, sans-serif; font-size: 13px; line-height: 17px; text-align: left;\">Europass: para que las cualificaciones y aptitudes se entiendan mejor<\/h3>\n<div style=\"background-color: white; font-family: Verdana, Arial, Helvetica, sans-serif; font-size: 12px; line-height: 17px; text-align: left;\">Los documentos Europass ayudan a los ciudadanos a&nbsp;<strong>presentar sus aptitudes y cualificaciones en un formato est\u00e1ndar<\/strong>. De esta forma, los empresarios tienen menos dificultades para entender las cualificaciones de otros pa\u00edses y a los trabajadores puede resultarles m\u00e1s f\u00e1cil encontrar trabajo en el extranjero. Estos documentos son los siguientes:<\/div>\n<ul style=\"background-color: white; font-family: Verdana, Arial, Helvetica, sans-serif; font-size: 12px; line-height: 17px; text-align: left;\">\n<li style=\"list-style-image: url(http:\/\/europa.eu\/wel\/images\/eu_portal\/bullet-square.gif); padding: 0px 0px 6px;\"><a href=\"http:\/\/europass.cedefop.europa.eu\/es\/documents\/curriculum-vitae\" style=\"color: #551a8b;\" title=\"Curr\u00edculum v\u00edtae Europass\">Curr\u00edculum v\u00edtae Europass<\/a><\/li>\n<li style=\"list-style-image: url(http:\/\/europa.eu\/wel\/images\/eu_portal\/bullet-square.gif); padding: 0px 0px 6px;\"><a href=\"http:\/\/europass.cedefop.europa.eu\/es\/documents\/european-skills-passport\/language-passport\" style=\"color: #551a8b;\" title=\"Pasaporte de Lenguas Europass\">Pasaporte de Lenguas Europass<\/a><\/li>\n<li style=\"list-style-image: url(http:\/\/europa.eu\/wel\/images\/eu_portal\/bullet-square.gif); padding: 0px 0px 6px;\"><a href=\"http:\/\/europass.cedefop.europa.eu\/es\/documents\/european-skills-passport\/europass-mobility\" style=\"color: #551a8b;\" title=\"Movilidad Europass\">Movilidad Europass<\/a>&nbsp;(registra los per\u00edodos de aprendizaje del extranjero)<\/li>\n<li style=\"list-style-image: url(http:\/\/europa.eu\/wel\/images\/eu_portal\/bullet-square.gif); padding: 0px 0px 6px;\"><a href=\"http:\/\/europass.cedefop.europa.eu\/es\/documents\/european-skills-passport\/certificate-supplement\" style=\"color: #551a8b;\" title=\"Suplemento Europass al T\u00edtulo\/Certificado\">Suplemento Europass al T\u00edtulo\/Certificado<\/a>&nbsp;(recoge las competencias demostradas por medio de t\u00edtulos o certificados de formaci\u00f3n profesional)<\/li>\n<li style=\"list-style-image: url(http:\/\/europa.eu\/wel\/images\/eu_portal\/bullet-square.gif); padding: 0px 0px 6px;\"><a href=\"http:\/\/europass.cedefop.europa.eu\/es\/documents\/european-skills-passport\/diploma-supplement\" style=\"color: #551a8b;\" title=\"Suplemento Europass al T\u00edtulo Superior\">Suplemento Europass al T\u00edtulo Superior<\/a>&nbsp;(registra la trayectoria de los estudiantes de educaci\u00f3n superior)<\/li>\n<li style=\"list-style-image: url(http:\/\/europa.eu\/wel\/images\/eu_portal\/bullet-square.gif); padding: 0px 0px 6px;\"><a href=\"http:\/\/europass.cedefop.europa.eu\/es\/documents\/european-skills-passport\" style=\"color: #551a8b;\" title=\"Pasaporte Europeo de Competencias\">Pasaporte Europeo de Competencias<\/a>&nbsp;(descripci\u00f3n exhaustiva de las competencias y cualificaciones del titular)<\/li>\n<\/ul>\n<div style=\"background-color: white; border: 1px solid rgb(183, 221, 249); float: right; font-family: Verdana, Arial, Helvetica, sans-serif; font-size: 11px; line-height: 17px; margin-bottom: 20px !important; margin-left: 20px !important; padding: 0px; text-align: left; width: 210px; zoom: 1;\"><img decoding=\"async\" alt=\"Estatua de Erasmo \u00a9 Universidad Erasmo de Rotterdam\" class=\"frame-educ\" src=\"http:\/\/europa.eu\/pol\/images\/educ\/overview-educ-2.jpg\" style=\"border: none; width: 210px;\" title=\"Estatua de Erasmo \u00a9 Universidad Erasmo de Rotterdam\" \/><\/p>\n<div style=\"padding: 3px;\">El sistema de la UE que facilita estudiar en el extranjero se llama \u00abErasmus\u00bb en memoria del erudito del siglo XVI.<\/div>\n<\/div>\n<h3 style=\"background-color: white; color: #1376bf; font-family: Verdana, Arial, Helvetica, sans-serif; font-size: 13px; line-height: 17px; text-align: left;\">Cualificaciones: garantizar su comparabilidad y facilitar su reconocimiento<\/h3>\n<div style=\"background-color: white; font-family: Verdana, Arial, Helvetica, sans-serif; font-size: 12px; line-height: 17px; text-align: left;\">Adem\u00e1s de los documentos Europass, el&nbsp;<span>Marco Europeo de Cualificaciones&nbsp;<\/span><a href=\"http:\/\/ec.europa.eu\/education\/lifelong-learning-policy\/eqf_de.htm\" style=\"color: #551a8b;\" target=\"\" title=\"Deutsch (de)\" rel=\"noopener\"><img decoding=\"async\" alt=\"Deutsch (de)\" border=\"0\" class=\"alIco\" src=\"http:\/\/europa.eu\/wel\/images\/languages\/lang_de.gif\" style=\"border: none;\" \/><\/a>&nbsp;<a href=\"http:\/\/ec.europa.eu\/education\/lifelong-learning-policy\/eqf_en.htm\" style=\"color: #551a8b;\" target=\"\" title=\"English (en)\" rel=\"noopener\"><img decoding=\"async\" alt=\"English (en)\" border=\"0\" class=\"alIco\" src=\"http:\/\/europa.eu\/wel\/images\/languages\/lang_en.gif\" style=\"border: none;\" \/><\/a>&nbsp;<a href=\"http:\/\/ec.europa.eu\/education\/lifelong-learning-policy\/eqf_fr.htm\" style=\"color: #551a8b;\" target=\"\" title=\"fran\u00e7ais (fr)\" rel=\"noopener\"><img decoding=\"async\" alt=\"fran\u00e7ais (fr)\" border=\"0\" class=\"alIco\" src=\"http:\/\/europa.eu\/wel\/images\/languages\/lang_fr.gif\" style=\"border: none;\" \/><\/a>&nbsp;com\u00fan ha logrado que los sistemas nacionales de cualificaciones se puedan comparar m\u00e1s f\u00e1cilmente. Ahora, todas las nuevas titulaciones expedidas en la UE deben corresponder a uno de los ocho niveles de referencia del Marco.<\/div>\n<h3 style=\"background-color: white; color: #1376bf; font-family: Verdana, Arial, Helvetica, sans-serif; font-size: 13px; line-height: 17px; text-align: left;\">Educaci\u00f3n y formaci\u00f3n profesionales<\/h3>\n<div style=\"background-color: white; font-family: Verdana, Arial, Helvetica, sans-serif; font-size: 12px; line-height: 17px; text-align: left;\">En estos momentos, 33 pa\u00edses europeos (entre ellos, todos los de la UE) debaten la educaci\u00f3n y la formaci\u00f3n profesionales a trav\u00e9s del denominado&nbsp;<span>\u00abproceso de Copenhague\u00bb&nbsp;<\/span><a href=\"http:\/\/ec.europa.eu\/education\/vocational-education\/copenhagen_de.htm\" style=\"color: #551a8b;\" target=\"\" title=\"Deutsch (de)\" rel=\"noopener\"><img decoding=\"async\" alt=\"Deutsch (de)\" border=\"0\" class=\"alIco\" src=\"http:\/\/europa.eu\/wel\/images\/languages\/lang_de.gif\" style=\"border: none;\" \/><\/a>&nbsp;<a href=\"http:\/\/ec.europa.eu\/education\/vocational-education\/copenhagen_en.htm\" style=\"color: #551a8b;\" target=\"\" title=\"English (en)\" rel=\"noopener\"><img decoding=\"async\" alt=\"English (en)\" border=\"0\" class=\"alIco\" src=\"http:\/\/europa.eu\/wel\/images\/languages\/lang_en.gif\" style=\"border: none;\" \/><\/a>&nbsp;<a href=\"http:\/\/ec.europa.eu\/education\/vocational-education\/copenhagen_fr.htm\" style=\"color: #551a8b;\" target=\"\" title=\"fran\u00e7ais (fr)\" rel=\"noopener\"><img decoding=\"async\" alt=\"fran\u00e7ais (fr)\" border=\"0\" class=\"alIco\" src=\"http:\/\/europa.eu\/wel\/images\/languages\/lang_fr.gif\" style=\"border: none;\" \/><\/a>&nbsp;, que incluye un&nbsp;<strong>sistema de cr\u00e9ditos y una red de aseguramiento de la calidad europeos<\/strong>.<\/div>\n<h3 style=\"background-color: white; color: #1376bf; font-family: Verdana, Arial, Helvetica, sans-serif; font-size: 13px; line-height: 17px; text-align: left;\">Estudios universitarios<\/h3>\n<div style=\"background-color: white; font-family: Verdana, Arial, Helvetica, sans-serif; font-size: 12px; line-height: 17px; text-align: left;\">La UE est\u00e1 trabajando con otros 20 pa\u00edses para crear el Espacio Europeo de la Ense\u00f1anza Superior&nbsp;<a href=\"http:\/\/www.ehea.info\/\" style=\"color: #551a8b;\"><img loading=\"lazy\" decoding=\"async\" align=\"bottom\" alt=\"English\" border=\"none\" height=\"13\" lang=\"en\" src=\"http:\/\/europa.eu\/wel\/images\/languages\/lang_en.gif\" style=\"border: none;\" width=\"18\" \/><\/a>&nbsp;a trav\u00e9s del \u00abproceso de Bolonia\u00bb, que promueve el<strong>reconocimiento mutuo de periodos de estudio, titulaciones comparables y niveles de calidad uniformes<\/strong>.<\/div>\n<h3 style=\"background-color: white; color: #1376bf; font-family: Verdana, Arial, Helvetica, sans-serif; font-size: 13px; line-height: 17px; text-align: left;\">Comunidades de conocimiento e innovaci\u00f3n<\/h3>\n<div style=\"background-color: white; font-family: Verdana, Arial, Helvetica, sans-serif; font-size: 12px; line-height: 17px; text-align: left;\">El Instituto Europeo de Innovaci\u00f3n y Tecnolog\u00eda&nbsp;<a href=\"http:\/\/eit.europa.eu\/\" style=\"color: #551a8b;\"><img loading=\"lazy\" decoding=\"async\" align=\"bottom\" alt=\"English\" border=\"none\" height=\"13\" lang=\"en\" src=\"http:\/\/europa.eu\/wel\/images\/languages\/lang_en.gif\" style=\"border: none;\" width=\"18\" \/><\/a>&nbsp;contribuye a que la investigaci\u00f3n se traduzca en aplicaciones comerciales al&nbsp;<strong>acercar las universidades, los organismos de investigaci\u00f3n, las empresas y las fundaciones<\/strong>. Entre sus prioridades figuran el cambio clim\u00e1tico, las fuentes de energ\u00eda renovables y la pr\u00f3xima generaci\u00f3n de tecnolog\u00edas de la informaci\u00f3n y las comunicaciones. Al t\u00e9rmino del periodo 2008-2013 habr\u00e1 recibido una dotaci\u00f3n de 309 millones de euros de la UE.<\/div>\n<h3 style=\"background-color: white; color: #1376bf; font-family: Verdana, Arial, Helvetica, sans-serif; font-size: 13px; line-height: 17px; text-align: left;\">M\u00e1s oportunidades para los j\u00f3venes<\/h3>\n<div style=\"background-color: white; font-family: Verdana, Arial, Helvetica, sans-serif; font-size: 12px; line-height: 17px; text-align: left;\">La iniciativa&nbsp;<span>Juventud en Movimiento&nbsp;<\/span><a href=\"http:\/\/ec.europa.eu\/youthonthemove\/index_en.htm\" style=\"color: #551a8b;\" target=\"\" title=\"English (en)\" rel=\"noopener\"><img decoding=\"async\" alt=\"English (en)\" border=\"0\" class=\"alIco\" src=\"http:\/\/europa.eu\/wel\/images\/languages\/lang_en.gif\" style=\"border: none;\" \/><\/a>&nbsp;pretende mejorar las&nbsp;<strong>posibilidades educativas y de empleo<\/strong>&nbsp;de los j\u00f3venes:<\/div>\n<ul style=\"background-color: white; font-family: Verdana, Arial, Helvetica, sans-serif; font-size: 12px; line-height: 17px; text-align: left;\">\n<li style=\"list-style-image: url(http:\/\/europa.eu\/wel\/images\/eu_portal\/bullet-square.gif); padding: 0px 0px 6px;\">dando m\u00e1s relevancia a la educaci\u00f3n y la formaci\u00f3n<\/li>\n<li style=\"list-style-image: url(http:\/\/europa.eu\/wel\/images\/eu_portal\/bullet-square.gif); padding: 0px 0px 6px;\">animando a m\u00e1s j\u00f3venes a aprovechar las ayudas de la UE para estudiar o formarse en otro pa\u00eds<\/li>\n<li style=\"list-style-image: url(http:\/\/europa.eu\/wel\/images\/eu_portal\/bullet-square.gif); padding: 0px 0px 6px;\">estimulando a los pa\u00edses de la UE a simplificar la transici\u00f3n de los estudios a la vida laboral.<\/li>\n<\/ul>\n<div style=\"background-color: white; font-family: Verdana, Arial, Helvetica, sans-serif; font-size: 12px; line-height: 17px; text-align: left;\">La&nbsp;<span>Estrategia de la UE para la Juventud&nbsp;<\/span><a href=\"http:\/\/ec.europa.eu\/youth\/policy\/eu-youth-strategy_en.htm\" style=\"color: #551a8b;\" target=\"\" title=\"English (en)\" rel=\"noopener\"><img decoding=\"async\" alt=\"English (en)\" border=\"0\" class=\"alIco\" src=\"http:\/\/europa.eu\/wel\/images\/languages\/lang_en.gif\" style=\"border: none;\" \/><\/a>&nbsp;(2009) defiende&nbsp;<strong>la igualdad de oportunidades de los j\u00f3venes<\/strong>&nbsp;en la educaci\u00f3n y el mercado laboral y&nbsp;<strong>los anima a convertirse en ciudadanos activos y participar en la sociedad<\/strong>.<\/div>\n<div style=\"background-color: white; font-family: Verdana, Arial, Helvetica, sans-serif; font-size: 12px; line-height: 17px; text-align: left;\">El programa&nbsp;<span>Juventud en Acci\u00f3n&nbsp;<\/span><a href=\"http:\/\/ec.europa.eu\/youth\/youth-in-action-programme\/overview_de.htm\" style=\"color: #551a8b;\" target=\"\" title=\"Deutsch (de)\" rel=\"noopener\"><img decoding=\"async\" alt=\"Deutsch (de)\" border=\"0\" class=\"alIco\" src=\"http:\/\/europa.eu\/wel\/images\/languages\/lang_de.gif\" style=\"border: none;\" \/><\/a>&nbsp;<a href=\"http:\/\/ec.europa.eu\/youth\/youth-in-action-programme\/overview_en.htm\" style=\"color: #551a8b;\" target=\"\" title=\"English (en)\" rel=\"noopener\"><img decoding=\"async\" alt=\"English (en)\" border=\"0\" class=\"alIco\" src=\"http:\/\/europa.eu\/wel\/images\/languages\/lang_en.gif\" style=\"border: none;\" \/><\/a>&nbsp;<a href=\"http:\/\/ec.europa.eu\/youth\/youth-in-action-programme\/overview_fr.htm\" style=\"color: #551a8b;\" target=\"\" title=\"fran\u00e7ais (fr)\" rel=\"noopener\"><img decoding=\"async\" alt=\"fran\u00e7ais (fr)\" border=\"0\" class=\"alIco\" src=\"http:\/\/europa.eu\/wel\/images\/languages\/lang_fr.gif\" style=\"border: none;\" \/><\/a>&nbsp;promueve la&nbsp;<strong>participaci\u00f3n activa en la comunidad<\/strong>&nbsp;y subvenciona proyectos que estimulen el sentimiento de ciudadan\u00eda y pertenencia a la UE entre los j\u00f3venes, como por ejemplo las actividades de voluntariado en otro pa\u00eds a trav\u00e9s del&nbsp;<span>Servicio Voluntario Europeo&nbsp;<\/span><a href=\"http:\/\/ec.europa.eu\/youth\/youth-in-action-programme\/european-voluntary-service_de.htm\" style=\"color: #551a8b;\" target=\"\" title=\"Deutsch (de)\" rel=\"noopener\"><img decoding=\"async\" alt=\"Deutsch (de)\" border=\"0\" class=\"alIco\" src=\"http:\/\/europa.eu\/wel\/images\/languages\/lang_de.gif\" style=\"border: none;\" \/><\/a>&nbsp;<a href=\"http:\/\/ec.europa.eu\/youth\/youth-in-action-programme\/european-voluntary-service_en.htm\" style=\"color: #551a8b;\" target=\"\" title=\"English (en)\" rel=\"noopener\"><img decoding=\"async\" alt=\"English (en)\" border=\"0\" class=\"alIco\" src=\"http:\/\/europa.eu\/wel\/images\/languages\/lang_en.gif\" style=\"border: none;\" \/><\/a>&nbsp;<a href=\"http:\/\/ec.europa.eu\/youth\/youth-in-action-programme\/european-voluntary-service_fr.htm\" style=\"color: #551a8b;\" target=\"\" title=\"fran\u00e7ais (fr)\" rel=\"noopener\"><img decoding=\"async\" alt=\"fran\u00e7ais (fr)\" border=\"0\" class=\"alIco\" src=\"http:\/\/europa.eu\/wel\/images\/languages\/lang_fr.gif\" style=\"border: none;\" \/><\/a>&nbsp;. Al t\u00e9rmino del periodo 2007-2013 la UE habr\u00e1 invertido cerca de 900 millones de euros en estas actividades.<\/div>\n","protected":false},"excerpt":{"rendered":"<p>La pol\u00edtica educativa es competencia de los pa\u00edses de la UE, pero la UE los&#8230;<\/p>\n","protected":false},"author":2,"featured_media":0,"comment_status":"open","ping_status":"open","sticky":false,"template":"","format":"standard","meta":{"ngg_post_thumbnail":0,"footnotes":""},"categories":[1],"tags":[],"class_list":["post-282","post","type-post","status-publish","format-standard","hentry","category-hemeroteca"],"_links":{"self":[{"href":"https:\/\/aedecanarias.eu\/index.php?rest_route=\/wp\/v2\/posts\/282","targetHints":{"allow":["GET"]}}],"collection":[{"href":"https:\/\/aedecanarias.eu\/index.php?rest_route=\/wp\/v2\/posts"}],"about":[{"href":"https:\/\/aedecanarias.eu\/index.php?rest_route=\/wp\/v2\/types\/post"}],"author":[{"embeddable":true,"href":"https:\/\/aedecanarias.eu\/index.php?rest_route=\/wp\/v2\/users\/2"}],"replies":[{"embeddable":true,"href":"https:\/\/aedecanarias.eu\/index.php?rest_route=%2Fwp%2Fv2%2Fcomments&post=282"}],"version-history":[{"count":0,"href":"https:\/\/aedecanarias.eu\/index.php?rest_route=\/wp\/v2\/posts\/282\/revisions"}],"wp:attachment":[{"href":"https:\/\/aedecanarias.eu\/index.php?rest_route=%2Fwp%2Fv2%2Fmedia&parent=282"}],"wp:term":[{"taxonomy":"category","embeddable":true,"href":"https:\/\/aedecanarias.eu\/index.php?rest_route=%2Fwp%2Fv2%2Fcategories&post=282"},{"taxonomy":"post_tag","embeddable":true,"href":"https:\/\/aedecanarias.eu\/index.php?rest_route=%2Fwp%2Fv2%2Ftags&post=282"}],"curies":[{"name":"wp","href":"https:\/\/api.w.org\/{rel}","templated":true}]}}