{"id":280,"date":"2013-09-21T11:42:00","date_gmt":"2013-09-21T11:42:00","guid":{"rendered":"https:\/\/aedecanarias.eu\/nevedalova-los-sistemas-educativos-de-la-ue-no-responden-a-las-necesidades-del-mercado-laboral"},"modified":"2013-09-21T11:42:00","modified_gmt":"2013-09-21T11:42:00","slug":"nevedalova-los-sistemas-educativos-de-la-ue-no-responden-a-las-necesidades-del-mercado-laboral","status":"publish","type":"post","link":"https:\/\/aedecanarias.eu\/?p=280","title":{"rendered":"Neve\u010falov\u00e1: Los sistemas educativos de la UE no responden a las necesidades del mercado laboral"},"content":{"rendered":"\n<div class=\"twitter-share\"><a href=\"https:\/\/twitter.com\/intent\/tweet?via=aedecanarias\" class=\"twitter-share-button\" data-size=\"large\">Twittear<\/a><\/div>\n<p><\/p>\n<div style=\"clear: both; text-align: center;\"><a href=\"http:\/\/1.bp.blogspot.com\/-hTs-PDiUhKA\/Uj2FYOHeDnI\/AAAAAAAAAOU\/0UUW4B9h9uo\/s1600\/20130918PHT20226_original.jpg\" style=\"clear: left; float: left; margin-bottom: 1em; margin-right: 1em;\"><br \/><\/a><a href=\"http:\/\/1.bp.blogspot.com\/-hTs-PDiUhKA\/Uj2FYOHeDnI\/AAAAAAAAAOU\/0UUW4B9h9uo\/s1600\/20130918PHT20226_original.jpg\" style=\"clear: left; float: left; margin-bottom: 1em; margin-right: 1em;\"><br \/><\/a><\/div>\n<div style=\"background-color: white; border: 0px; color: #363636; font-family: Arial, Helvetica, sans-serif; font-size: 12px; line-height: 19px; padding: 0px; position: relative; vertical-align: baseline;\"><strong style=\"border: 0px; font-family: inherit; font-style: inherit; margin: 0px; outline: 0px; padding: 0px; vertical-align: baseline;\"><br \/><\/strong><\/div>\n<div style=\"background-color: white; border: 0px; color: #363636; font-family: Arial, Helvetica, sans-serif; font-size: 12px; line-height: 19px; padding: 0px; position: relative; vertical-align: baseline;\"><strong style=\"border: 0px; font-family: inherit; font-style: inherit; margin: 0px; outline: 0px; padding: 0px; vertical-align: baseline;\"><br \/><\/strong><\/div>\n<div style=\"background-color: white; border: 0px; color: #363636; font-family: Arial, Helvetica, sans-serif; font-size: 12px; line-height: 19px; padding: 0px; position: relative; vertical-align: baseline;\"><strong style=\"border: 0px; font-family: inherit; font-style: inherit; margin: 0px; outline: 0px; padding: 0px; vertical-align: baseline;\"><br \/><\/strong><\/div>\n<div style=\"clear: both; text-align: center;\"><a href=\"http:\/\/3.bp.blogspot.com\/-hTs-PDiUhKA\/Uj2FYOHeDnI\/AAAAAAAAAOY\/nuKjhhZzRbo\/s1600\/20130918PHT20226_original.jpg\" style=\"margin-left: 1em; margin-right: 1em;\"><img loading=\"lazy\" decoding=\"async\" border=\"0\" height=\"133\" src=\"http:\/\/3.bp.blogspot.com\/-hTs-PDiUhKA\/Uj2FYOHeDnI\/AAAAAAAAAOY\/nuKjhhZzRbo\/s200\/20130918PHT20226_original.jpg\" width=\"200\" \/><\/a><\/div>\n<div style=\"background-color: white; border: 0px; color: #363636; font-family: Arial, Helvetica, sans-serif; font-size: 12px; line-height: 19px; padding: 0px; position: relative; vertical-align: baseline;\"><strong style=\"border: 0px; font-family: inherit; font-style: inherit; margin: 0px; outline: 0px; padding: 0px; vertical-align: baseline;\"><br \/><\/strong><\/div>\n<div style=\"background-color: white; border: 0px; color: #363636; font-family: Arial, Helvetica, sans-serif; font-size: 12px; line-height: 19px; padding: 0px; position: relative; vertical-align: baseline;\"><strong style=\"border: 0px; font-family: inherit; font-style: inherit; margin: 0px; outline: 0px; padding: 0px; vertical-align: baseline;\">J\u00f3venes muy preparados en paro y empresarios que no encuentran trabajadores adecuados. \u00bfC\u00f3mo pueden preparar los sistemas educativos a los j\u00f3venes para la vida real? La eurodiputada socialista eslovaca Katar\u00edna Neve\u010falov\u00e1 nos habla de asociaciones entre los centros educativos y las empresas, y la necesidad de que los j\u00f3venes se lo piensen dos veces al elegir sus estudios. La comisi\u00f3n parlamentaria de Cultura y Educaci\u00f3n aprob\u00f3 su informe sobre un nuevo concepto de educaci\u00f3n el 17 de septiembre.<\/strong><\/div>\n<p><a name='more'><\/a><br style=\"background-color: white; color: #363636; font-family: Arial, Helvetica, sans-serif; font-size: 12px; line-height: 19px;\" \/><\/p>\n<div style=\"background-color: white; border: 0px; color: #363636; font-family: Arial, Helvetica, sans-serif; font-size: 12px; line-height: 19px; padding: 0px; position: relative; vertical-align: baseline;\"><strong style=\"border: 0px; font-family: inherit; font-style: inherit; margin: 0px; outline: 0px; padding: 0px; vertical-align: baseline;\">Se\u00f1ora Neve\u010falov\u00e1, aunque los sistemas educativos de los Estados europeos sean diferentes \u00bfCu\u00e1l es el punto d\u00e9bil que tienen en com\u00fan?<\/strong><\/p>\n<p>Los sistemas educativos en la Uni\u00f3n Europea (UE) no reflejan las necesidades del mercado laboral. Tenemos un n\u00famero muy elevado de estudiantes y graduados universitarios, pero tambi\u00e9n un n\u00famero muy elevado de parados cuya educaci\u00f3n no se corresponde con lo que demanda el mercado.<\/p>\n<p>Los j\u00f3venes deben pens\u00e1rselo dos veces antes de decidir lo que van a estudiar, deben pensar lo que podr\u00e1n hacer con sus estudios.<\/p>\n<p>Sabemos lo que el mercado laboral necesita en la actualidad y lo que necesitar\u00e1 en los pr\u00f3ximos veinte a\u00f1os. Pero tambi\u00e9n tenemos que estar preparados. La poblaci\u00f3n envejece, pero nadie aborda la necesidad de cuidar a los ancianos, la necesidad de enfermeras y m\u00e9dicos. Sabemos que dentro de dos a\u00f1os la UE necesitar\u00e1 alrededor de un mill\u00f3n de trabajadores en el campo de las tecnolog\u00edas de la informaci\u00f3n y la comunicaci\u00f3n, pero por el momento esas personas no est\u00e1n en los centros educativos.<\/p>\n<p><strong style=\"border: 0px; font-family: inherit; font-style: inherit; margin: 0px; outline: 0px; padding: 0px; vertical-align: baseline;\">En su informe destaca la necesidad de asociaciones.<\/strong><\/p>\n<p>Los profesores deben saber para qui\u00e9n est\u00e1n preparando a sus estudiantes, para qu\u00e9 tipo de mercado laboral y de empresarios. El sistema dual en el que un centro educativo est\u00e1 asociado a una empresa y en el que los estudiantes hacen pr\u00e1cticas laborales es, hasta ahora, el mejor. Algunas empresas incluso forman a los profesores para que sepan transmitir nuevas competencias a sus alumnos.<\/p>\n<p><strong style=\"border: 0px; font-family: inherit; font-style: inherit; margin: 0px; outline: 0px; padding: 0px; vertical-align: baseline;\">\u00bfPor qu\u00e9 da tanta importancia a la educaci\u00f3n permanente a lo largo de toda la vida?<\/strong><\/p>\n<p>Seg\u00fan los c\u00e1lculos de la Comisi\u00f3n Europea, podr\u00edamos llegar a tener que cambiar diez veces de trabajo durante nuestra vida laboral. De manera que tendremos que adaptarnos a nuevas exigencias y tecnolog\u00edas. Y para eso es necesaria la formaci\u00f3n permanente.<\/p>\n<p><strong style=\"border: 0px; font-family: inherit; font-style: inherit; margin: 0px; outline: 0px; padding: 0px; vertical-align: baseline;\">La educaci\u00f3n es responsabilidad de cada Estado \u00bfQu\u00e9 puede hacer la UE?<\/strong><\/p>\n<p>La UE puede hacer y hace recomendaciones. Tenemos adem\u00e1s un nuevo programa de movilidad Erasmus+ para 2014-2020, no s\u00f3lo para los estudiantes sino tambi\u00e9n para los profesores.<\/p><\/div>\n","protected":false},"excerpt":{"rendered":"<p>J\u00f3venes muy preparados en paro y empresarios que no encuentran trabajadores adecuados. \u00bfC\u00f3mo pueden preparar&#8230;<\/p>\n","protected":false},"author":2,"featured_media":0,"comment_status":"open","ping_status":"open","sticky":false,"template":"","format":"standard","meta":{"ngg_post_thumbnail":0,"footnotes":""},"categories":[1],"tags":[],"class_list":["post-280","post","type-post","status-publish","format-standard","hentry","category-hemeroteca"],"_links":{"self":[{"href":"https:\/\/aedecanarias.eu\/index.php?rest_route=\/wp\/v2\/posts\/280","targetHints":{"allow":["GET"]}}],"collection":[{"href":"https:\/\/aedecanarias.eu\/index.php?rest_route=\/wp\/v2\/posts"}],"about":[{"href":"https:\/\/aedecanarias.eu\/index.php?rest_route=\/wp\/v2\/types\/post"}],"author":[{"embeddable":true,"href":"https:\/\/aedecanarias.eu\/index.php?rest_route=\/wp\/v2\/users\/2"}],"replies":[{"embeddable":true,"href":"https:\/\/aedecanarias.eu\/index.php?rest_route=%2Fwp%2Fv2%2Fcomments&post=280"}],"version-history":[{"count":0,"href":"https:\/\/aedecanarias.eu\/index.php?rest_route=\/wp\/v2\/posts\/280\/revisions"}],"wp:attachment":[{"href":"https:\/\/aedecanarias.eu\/index.php?rest_route=%2Fwp%2Fv2%2Fmedia&parent=280"}],"wp:term":[{"taxonomy":"category","embeddable":true,"href":"https:\/\/aedecanarias.eu\/index.php?rest_route=%2Fwp%2Fv2%2Fcategories&post=280"},{"taxonomy":"post_tag","embeddable":true,"href":"https:\/\/aedecanarias.eu\/index.php?rest_route=%2Fwp%2Fv2%2Ftags&post=280"}],"curies":[{"name":"wp","href":"https:\/\/api.w.org\/{rel}","templated":true}]}}