{"id":277,"date":"2013-10-17T18:02:00","date_gmt":"2013-10-17T18:02:00","guid":{"rendered":"https:\/\/aedecanarias.eu\/elecciones-europeas-manifiesto-ciudadano-sumate"},"modified":"2013-10-17T18:02:00","modified_gmt":"2013-10-17T18:02:00","slug":"elecciones-europeas-manifiesto-ciudadano-sumate","status":"publish","type":"post","link":"https:\/\/aedecanarias.eu\/?p=277","title":{"rendered":"Elecciones europeas Manifiesto ciudadano \u00a1S\u00famate!"},"content":{"rendered":"\n<div class=\"twitter-share\"><a href=\"https:\/\/twitter.com\/intent\/tweet?via=aedecanarias\" class=\"twitter-share-button\" data-size=\"large\">Twittear<\/a><\/div>\n<div style=\"clear: both; text-align: center;\"><a href=\"http:\/\/4.bp.blogspot.com\/-4qgdEq5EGN8\/UmAmACVQjuI\/AAAAAAAAAOw\/82rnE2X1urE\/s1600\/manifiestoversionpanfletobaja.jpg\" style=\"clear: left; float: left; margin-bottom: 1em; margin-right: 1em;\"><img loading=\"lazy\" decoding=\"async\" border=\"0\" height=\"133\" src=\"http:\/\/4.bp.blogspot.com\/-4qgdEq5EGN8\/UmAmACVQjuI\/AAAAAAAAAOw\/82rnE2X1urE\/s200\/manifiestoversionpanfletobaja.jpg\" width=\"200\" \/><\/a><\/div>\n<p><\/p>\n<div style=\"text-align: justify;\"><span style=\"background-color: #f4f4f4; font-family: Arial, Helvetica, sans-serif; font-size: 12px; line-height: 18px;\">El 25 de mayo 2014 se celebran en Espa\u00f1a las pr\u00f3ximas elecciones al Parlamento Europeo.<\/span><\/div>\n<p><span style=\"background-color: #f4f4f4; font-family: Arial, Helvetica, sans-serif; font-size: 12px; line-height: 18px;\"><\/span><\/p>\n<div style=\"text-align: justify;\"><span style=\"background-color: #f4f4f4; font-family: Arial, Helvetica, sans-serif; font-size: 12px; line-height: 18px;\">El pasado 16 de septiembre se reunieron en Madrid representantes de la sociedad civil espa\u00f1ola con eurodiputados para debatir sobre la Europa que queremos construir en los pr\u00f3ximos 5 a\u00f1os.&nbsp;<\/span><\/div>\n<p><span style=\"background-color: #f4f4f4; font-family: Arial, Helvetica, sans-serif; font-size: 12px; line-height: 18px;\"><\/span><span style=\"background-color: #f4f4f4; font-family: Arial, Helvetica, sans-serif; font-size: 12px; line-height: 18px;\"><\/p>\n<div style=\"text-align: justify;\">Estas reivindicaciones se han plasmado en un texto llamado \u00abManifiesto ciudadano\u00bb.&nbsp;<\/div>\n<p><\/span><span style=\"background-color: #f4f4f4; font-family: Arial, Helvetica, sans-serif; font-size: 12px; line-height: 18px;\"><\/p>\n<div style=\"text-align: justify;\">Queremos que sea tambi\u00e9n el tuyo. Es s\u00f3lo un punto de partida.&nbsp;<\/div>\n<p><\/span><span style=\"background-color: #f4f4f4; font-family: Arial, Helvetica, sans-serif; font-size: 12px; line-height: 18px;\"><\/p>\n<div style=\"text-align: justify;\">Te invitamos a participar, contribuir, comentar\u2026 y pinchar \u00abMe Gusta\u00bb en Facebook. Todos los comentarios ser\u00e1n enviados a los eurodiputados espa\u00f1oles.<\/div>\n<p><\/span><br \/><span style=\"background-color: #f4f4f4; font-family: Arial, Helvetica, sans-serif; font-size: 12px; line-height: 18px;\"><\/span><br \/><a name='more'><\/a><\/p>\n<p><\/p>\n<div style=\"background-color: #f4f4f4; border: 0px; font-family: Arial, Helvetica, sans-serif; font: inherit; line-height: 12px; margin: 0px; padding: 0px; vertical-align: baseline;\">\n<h2 style=\"border: 0px; color: #13334d; font: inherit; line-height: 1em; margin: 0px 0px 12px; padding: 0px; vertical-align: baseline;\">MANIFIESTO CIUDADANO<\/p>\n<p>Elecciones al Parlamento Europeo &#8211; Mayo 2014<br \/>Esta vez es diferente<\/h2>\n<\/div>\n<div style=\"background-color: #f4f4f4; border: 0px; font-family: Arial, Helvetica, sans-serif; font: inherit; line-height: 1.5em; margin-bottom: 12px; padding: 0px; vertical-align: baseline;\">Nosotros, representantes de la sociedad civil espa\u00f1ola*, pedimos al Parlamento Europeo que salga de las urnas el pr\u00f3ximo 25 de mayo de 2014 y a la nueva Comisi\u00f3n Europea, cuyo presidente elegir\u00e1, que se esfuercen por forjar una Europa que d\u00e9 respuestas a nuestras reivindicaciones y soluciones a nuestros problemas.<\/p>\n<p>Sobre la pobreza y la solidaridad<br \/>Una Europa solidaria no puede fallar a los m\u00e1s pobres. Es vital que se oiga la voz de las personas que viven en situaci\u00f3n de pobreza. Para evitar la exclusi\u00f3n social hay que dialogar con ellos. Europa debe asumir su papel pol\u00edtico, garantizar la igualdad en materia social y, a la par, fomentar el voluntariado y la participaci\u00f3n de todos.<\/p>\n<p>Sobre las mujeres<br \/>Es necesario que las mujeres pasen de ser actores pasivos de las pol\u00edticas europeas a sujetos activos. Las redes sociales y la tecnolog\u00eda han de jugar un papel esencial en este camino. Europa ha de facilitar la incorporaci\u00f3n de las mujeres empresarias y necesitamos imponer la paridad en los consejos de administraci\u00f3n y \u00f3rganos de decisi\u00f3n.<\/p>\n<p>Sobre los trabajadores<br \/>En una Europa con 27 millones de personas desempleadas y 25 millones de personas en situaci\u00f3n de pobreza, hay que reforzar el modelo social europeo, apostar por el empleo de calidad y poner fin a las pol\u00edticas de austeridad. Es imprescindible destinar el 2% del PIB para el desarrollo de un plan industrial, I+D+i y formaci\u00f3n, entre otros. El populismo nacionalista no es la respuesta, \u00e9sta se encuentra en m\u00e1s Europa, m\u00e1s participaci\u00f3n y m\u00e1s democracia.<\/p>\n<p>Sobre los empresarios<br \/>La educaci\u00f3n es fundamental. Hay que fomentar la cultura empresarial, ense\u00f1ar a los j\u00f3venes que montar una empresa es algo bueno. Es necesario la reducci\u00f3n de la burocracia y evitar el exceso de legislaci\u00f3n para poder ser competitivos en el mundo. Los empresarios necesitan soluciones \u2013 formaci\u00f3n, financiaci\u00f3n, simplificaci\u00f3n \u2013 y no se puede esperar al a\u00f1o 2020.<\/p>\n<p>Sobre los j\u00f3venes<br \/>La generaci\u00f3n de Erasmus, de los vuelos baratos, del euro, etc. es europe\u00edsta pero cr\u00edtica. Europa es un referente pero ya no vale s\u00f3lo que la UE haya tra\u00eddo la paz, sino que tiene que dar respuestas concretas a los j\u00f3venes, sobre todo en materia laboral.<\/p>\n<p>Sobre lo institucional<br \/>Para salir de la crisis, es necesario fortalecer la uni\u00f3n econ\u00f3mica. Eso implica la uni\u00f3n bancaria, un nuevo papel del BCE, un FMI europeo y eurobonos.&nbsp;&nbsp;Es imprescindible luchar contra el fraude y los para\u00edsos fiscales. Es necesario el refuerzo de la uni\u00f3n pol\u00edtica, sobre la base de extender la democracia y la legitimidad (mayores competencias para el Parlamento Europeo, control democr\u00e1tico de la troika) y la participaci\u00f3n ciudadana, combinando los principios de solidaridad y subsidiariedad y reforzando los valores europeos. Necesitamos un aut\u00e9ntico gobierno econ\u00f3mico de Europa.<\/p>\n<p>Sobre la diversidad funcional (discapacidad)<br \/>Para que las personas con diversidad funcional puedan ejercer el control de sus propias vidas con dignidad y en igualdad de oportunidades, se reivindica el derecho a la asistencia personal como la herramienta id\u00f3nea \u2013 a\u00fan en tiempos de austeridad \u2013 que permite la plena inclusi\u00f3n en la comunidad y el empoderamiento como ciudadanos europeos. La UE ha de cumplir la Convenci\u00f3n de la ONU de los derechos de las personas con discapacidad que ha firmado y ratificado.<\/p>\n<p>Sobre la inmigraci\u00f3n<br \/>Es imprescindible una lucha firme en contra del tr\u00e1fico de seres humanos. La UE debe posicionarse de manera clara e inquebrantable frente a la acentuaci\u00f3n del discurso racista y xen\u00f3fobo en la UE. Necesitamos unas pol\u00edtica legislativa sobre los derechos fundamentales, as\u00ed como una legislaci\u00f3n com\u00fan de asilo e inmigraci\u00f3n desde la perspectiva de los derechos humanos.<\/p>\n<p>Sobre la pol\u00edtica exterior<br \/>La UE tiene que hablar con una sola voz en pol\u00edtica exterior y estar representada con un \u00fanico esca\u00f1o en las instituciones internacionales, apostando siempre por el multilateralismo. Europa debe desempe\u00f1ar un papel mucho m\u00e1s importante y eficaz en el mantenimiento de la paz, la cooperaci\u00f3n al desarrollo, la ayuda humanitaria y la garant\u00eda de la democracia y los derechos humanos en el mundo.<\/p>\n<p>Sobre la cultura<br \/>Hay que garantizar el derecho a la cultura dentro y fuera de nuestras fronteras. En Europa hay que vincular m\u00e1s estrechamente la cultura a la educaci\u00f3n. Europa debe luchar contra la pirater\u00eda.<\/p>\n<p>Sobre la ciencia y la investigaci\u00f3n<br \/>La UE precisa de una normativa com\u00fan para todos los Estados Miembros en materia de ciencia, especialmente en lo relativo a la salud. Los recursos econ\u00f3micos para la ciencia&nbsp;&nbsp;deben ser amplios, constantes, gestionados con criterios cient\u00edficos y garantizados a largo plazo para prevenir enfermedades graves, salvar vidas y evitar la fuga de cerebros. Conviene animar a los europeos para que haya m\u00e1s donantes de \u00f3rganos.<\/p>\n<p>* Autores del manifiesto ciudadano<br \/>\u2022 Mar\u00eda G\u00f3mez del Pozuelo, Womenalia: red para mujeres y emprendedoras<br \/>\u2022 Marcin Czubala, J\u00f3venes europe\u00edstas de Madrid<br \/>\u2022 Javier Garc\u00eda Toni, Movimiento CC Europa<br \/>\u2022 I\u00f1aki Arrola, joven emprendedor, fundador coches.com<br \/>\u2022 Antonio Ferrer, UGT<br \/>\u2022 Paloma L\u00f3pez, CCOO<br \/>\u2022 Ismael Llor\u00e9ns, Foro de Vida Independiente<br \/>\u2022 Cristina del Valle, Amistades Peligrosas<br \/>\u2022 Rafael Matesanz, Organizaci\u00f3n Nacional de Trasplantes<br \/>\u2022 Cristina Ponce, Fundaci\u00f3n Proyecto Paula<br \/>\u2022 Daniel Garc\u00eda, Cuarto Mundo Espa\u00f1a<br \/>\u2022 Loredana Stan, ciudadana rumana, investigadora Fundaci\u00f3n IDEAS<br \/>\u2022 Esther Maestro, Plataforma de Voluntariado<\/p>\n<p><a href=\"https:\/\/www.facebook.com\/ParlamentoEuropeo.ES?ref=hl#!\/hashtag\/manifiesto2014\" style=\"background-image: url(http:\/\/www.europarl.es\/work_template\/galaxy-madrid\/madrid\/img\/icons-link.png); background-position: 0% 0%; background-repeat: no-repeat no-repeat; border: 0px; color: #195b92; display: block; font-family: Arial, Helvetica, sans-serif; font: inherit; line-height: 19px; margin: 0px 0px 10px; padding: 0px 0px 0px 20px; text-decoration: none; vertical-align: baseline;\" target=\"_blank\" rel=\"noopener\">\u00a1S\u00famate! al #Manifiesto 2014<\/a><\/div>\n","protected":false},"excerpt":{"rendered":"<p>El 25 de mayo 2014 se celebran en Espa\u00f1a las pr\u00f3ximas elecciones al Parlamento Europeo&#8230;.<\/p>\n","protected":false},"author":2,"featured_media":0,"comment_status":"open","ping_status":"open","sticky":false,"template":"","format":"standard","meta":{"ngg_post_thumbnail":0,"footnotes":""},"categories":[1],"tags":[],"class_list":["post-277","post","type-post","status-publish","format-standard","hentry","category-hemeroteca"],"_links":{"self":[{"href":"https:\/\/aedecanarias.eu\/index.php?rest_route=\/wp\/v2\/posts\/277","targetHints":{"allow":["GET"]}}],"collection":[{"href":"https:\/\/aedecanarias.eu\/index.php?rest_route=\/wp\/v2\/posts"}],"about":[{"href":"https:\/\/aedecanarias.eu\/index.php?rest_route=\/wp\/v2\/types\/post"}],"author":[{"embeddable":true,"href":"https:\/\/aedecanarias.eu\/index.php?rest_route=\/wp\/v2\/users\/2"}],"replies":[{"embeddable":true,"href":"https:\/\/aedecanarias.eu\/index.php?rest_route=%2Fwp%2Fv2%2Fcomments&post=277"}],"version-history":[{"count":0,"href":"https:\/\/aedecanarias.eu\/index.php?rest_route=\/wp\/v2\/posts\/277\/revisions"}],"wp:attachment":[{"href":"https:\/\/aedecanarias.eu\/index.php?rest_route=%2Fwp%2Fv2%2Fmedia&parent=277"}],"wp:term":[{"taxonomy":"category","embeddable":true,"href":"https:\/\/aedecanarias.eu\/index.php?rest_route=%2Fwp%2Fv2%2Fcategories&post=277"},{"taxonomy":"post_tag","embeddable":true,"href":"https:\/\/aedecanarias.eu\/index.php?rest_route=%2Fwp%2Fv2%2Ftags&post=277"}],"curies":[{"name":"wp","href":"https:\/\/api.w.org\/{rel}","templated":true}]}}