{"id":276,"date":"2013-10-17T18:24:00","date_gmt":"2013-10-17T18:24:00","guid":{"rendered":"https:\/\/aedecanarias.eu\/los-ganadores-del-premio-ciudadano-europeo-2013-recogen-el-galardon-en-la-eurocamara-aede-canarias-fue-premiada-en-su-primera-edicion"},"modified":"2013-10-17T18:24:00","modified_gmt":"2013-10-17T18:24:00","slug":"los-ganadores-del-premio-ciudadano-europeo-2013-recogen-el-galardon-en-la-eurocamara-aede-canarias-fue-premiada-en-su-primera-edicion","status":"publish","type":"post","link":"https:\/\/aedecanarias.eu\/?p=276","title":{"rendered":"Los ganadores del Premio Ciudadano Europeo 2013 recogen el galard\u00f3n en la Euroc\u00e1mara. Aede-Canarias fu\u00e9 premiada en su primera edici\u00f3n."},"content":{"rendered":"\n<div class=\"twitter-share\"><a href=\"https:\/\/twitter.com\/intent\/tweet?via=aedecanarias\" class=\"twitter-share-button\" data-size=\"large\">Twittear<\/a><\/div>\n<p><\/p>\n<div style=\"clear: both; text-align: center;\"><\/div>\n<div style=\"background-color: white; border: 0px; color: #363636; font-family: Arial, Helvetica, sans-serif; font-size: 12px; line-height: 19px; padding: 0px; position: relative; text-align: justify; vertical-align: baseline;\"><a href=\"http:\/\/3.bp.blogspot.com\/-qh0S8wyAQw0\/UmAqRfO36CI\/AAAAAAAAAO8\/iRawJzTmZcI\/s1600\/Sin+ti%25CC%2581tulo.png\" style=\"clear: right; float: right; margin-bottom: 1em; margin-left: 1em;\"><img loading=\"lazy\" decoding=\"async\" border=\"0\" height=\"320\" src=\"http:\/\/3.bp.blogspot.com\/-qh0S8wyAQw0\/UmAqRfO36CI\/AAAAAAAAAO8\/iRawJzTmZcI\/s320\/Sin+ti%25CC%2581tulo.png\" width=\"216\" \/><\/a><strong style=\"border: 0px; font-family: inherit; font-style: inherit; margin: 0px; outline: 0px; padding: 0px; vertical-align: baseline;\">Los 43 galardonados del Premio Ciudadano Europeo 2013, procedentes de 21 pa\u00edses de la Uni\u00f3n Europea, recibieron en Bruselas el 16 de octubre la distinci\u00f3n de manos de Martin Schulz, Presidente de la Euroc\u00e1mara.<\/strong><\/div>\n<div style=\"background-color: white; border: 0px; color: #363636; font-family: Arial, Helvetica, sans-serif; font-size: 12px; line-height: 19px; padding: 0px; position: relative; text-align: justify; vertical-align: baseline;\"><strong style=\"border: 0px; font-family: inherit; font-style: inherit; margin: 0px; outline: 0px; padding: 0px; vertical-align: baseline;\">Este premio se concede cada a\u00f1o para rendir homenaje al trabajo de ciudadanos u organizaciones comprometidas para impulsar los valores europeos.&nbsp;<\/strong><\/div>\n<p><span style=\"background-color: white; font-family: Arial, Helvetica, sans-serif; font-size: 12px; line-height: 19px;\"><\/p>\n<div style=\"color: #363636;\">Una asociaci\u00f3n de bibliotecas rurales en Letonia, el apoyo a v\u00edctimas de trata de seres humanos en Italia, asociaciones juveniles que ayudan a los afectados por la crisis en Grecia, los esfuerzos para que los j\u00f3venes alemanes sean conscientes de c\u00f3mo funciona el proceso de toma de decisiones en la Uni\u00f3n Europea&#8230; El m\u00e9rito de todos estos proyectos ha quedado reconocido.<\/div>\n<div style=\"color: #363636;\">Felicidades a todos por el compromiso con Europa.<\/div>\n<div style=\"color: #363636;\"><span style=\"background-color: white; color: #363636; font-family: Arial, Helvetica, sans-serif; font-size: 12px; line-height: 19px;\"><br \/><\/span><\/div>\n<p><span style=\"background-color: white; font-family: Arial, Helvetica, sans-serif; font-size: 12px; line-height: 19px;\"><b><span style=\"color: blue;\">Imagen del Premio Ciudadano Europeo otorgado a Aede-Canarias.<\/span><\/b><\/span><br \/><span style=\"background-color: white; font-family: Arial, Helvetica, sans-serif; font-size: 12px; line-height: 19px;\"><b><span style=\"color: blue;\"><br \/><\/span><\/b><\/span><\/p>\n<div style=\"color: #363636;\"><span style=\"background-color: white; color: #363636; font-family: Arial, Helvetica, sans-serif; font-size: 12px; line-height: 19px;\"><br \/><\/span><\/div>\n<div style=\"color: #363636;\"><span style=\"background-color: white; color: #363636; font-family: Arial, Helvetica, sans-serif; font-size: 12px; line-height: 19px;\"><\/span><\/div>\n<p><\/span><\/p>\n","protected":false},"excerpt":{"rendered":"<p>Los 43 galardonados del Premio Ciudadano Europeo 2013, procedentes de 21 pa\u00edses de la Uni\u00f3n&#8230;<\/p>\n","protected":false},"author":2,"featured_media":0,"comment_status":"open","ping_status":"open","sticky":false,"template":"","format":"standard","meta":{"ngg_post_thumbnail":0,"footnotes":""},"categories":[1],"tags":[],"class_list":["post-276","post","type-post","status-publish","format-standard","hentry","category-hemeroteca"],"_links":{"self":[{"href":"https:\/\/aedecanarias.eu\/index.php?rest_route=\/wp\/v2\/posts\/276","targetHints":{"allow":["GET"]}}],"collection":[{"href":"https:\/\/aedecanarias.eu\/index.php?rest_route=\/wp\/v2\/posts"}],"about":[{"href":"https:\/\/aedecanarias.eu\/index.php?rest_route=\/wp\/v2\/types\/post"}],"author":[{"embeddable":true,"href":"https:\/\/aedecanarias.eu\/index.php?rest_route=\/wp\/v2\/users\/2"}],"replies":[{"embeddable":true,"href":"https:\/\/aedecanarias.eu\/index.php?rest_route=%2Fwp%2Fv2%2Fcomments&post=276"}],"version-history":[{"count":0,"href":"https:\/\/aedecanarias.eu\/index.php?rest_route=\/wp\/v2\/posts\/276\/revisions"}],"wp:attachment":[{"href":"https:\/\/aedecanarias.eu\/index.php?rest_route=%2Fwp%2Fv2%2Fmedia&parent=276"}],"wp:term":[{"taxonomy":"category","embeddable":true,"href":"https:\/\/aedecanarias.eu\/index.php?rest_route=%2Fwp%2Fv2%2Fcategories&post=276"},{"taxonomy":"post_tag","embeddable":true,"href":"https:\/\/aedecanarias.eu\/index.php?rest_route=%2Fwp%2Fv2%2Ftags&post=276"}],"curies":[{"name":"wp","href":"https:\/\/api.w.org\/{rel}","templated":true}]}}