{"id":273,"date":"2013-10-23T23:21:00","date_gmt":"2013-10-23T23:21:00","guid":{"rendered":"https:\/\/aedecanarias.eu\/el-pe-reclama-excluir-a-los-politicos-corruptos-de-las-listas-electorales"},"modified":"2013-10-23T23:21:00","modified_gmt":"2013-10-23T23:21:00","slug":"el-pe-reclama-excluir-a-los-politicos-corruptos-de-las-listas-electorales","status":"publish","type":"post","link":"https:\/\/aedecanarias.eu\/?p=273","title":{"rendered":"El PE reclama excluir a los pol\u00edticos corruptos de las listas electorales"},"content":{"rendered":"\n<div class=\"twitter-share\"><a href=\"https:\/\/twitter.com\/intent\/tweet?via=aedecanarias\" class=\"twitter-share-button\" data-size=\"large\">Twittear<\/a><\/div>\n<p><\/p>\n<div style=\"clear: both; text-align: center;\"><a href=\"http:\/\/4.bp.blogspot.com\/-QozjKJt8FPQ\/UmhZj_a_mXI\/AAAAAAAAAPY\/1cJVsnp5HgI\/s1600\/20131018PHT22664_original.jpg\" style=\"clear: left; float: left; margin-bottom: 1em; margin-right: 1em;\"><strong style=\"border: 0px; color: #363636; font-family: inherit; font-size: 12px; font-style: inherit; line-height: 19px; margin: 0px; outline: 0px; padding: 0px; vertical-align: baseline;\"><br \/><\/strong><\/a><a href=\"http:\/\/4.bp.blogspot.com\/-QozjKJt8FPQ\/UmhZj_a_mXI\/AAAAAAAAAPY\/1cJVsnp5HgI\/s1600\/20131018PHT22664_original.jpg\" style=\"clear: left; float: left; margin-bottom: 1em; margin-right: 1em;\"><strong style=\"border: 0px; color: #363636; font-family: inherit; font-size: 12px; font-style: inherit; line-height: 19px; margin: 0px; outline: 0px; padding: 0px; vertical-align: baseline;\"><br \/><\/strong><\/a><a href=\"http:\/\/4.bp.blogspot.com\/-QozjKJt8FPQ\/UmhZj_a_mXI\/AAAAAAAAAPY\/1cJVsnp5HgI\/s1600\/20131018PHT22664_original.jpg\" style=\"clear: left; float: left; margin-bottom: 1em; margin-right: 1em;\"><strong style=\"border: 0px; color: #363636; font-family: inherit; font-size: 12px; font-style: inherit; line-height: 19px; margin: 0px; outline: 0px; padding: 0px; vertical-align: baseline;\"><br \/><\/strong><\/a><a href=\"http:\/\/4.bp.blogspot.com\/-QozjKJt8FPQ\/UmhZj_a_mXI\/AAAAAAAAAPY\/1cJVsnp5HgI\/s1600\/20131018PHT22664_original.jpg\" style=\"clear: left; float: left; margin-bottom: 1em; margin-right: 1em;\"><strong style=\"border: 0px; color: #363636; font-family: inherit; font-size: 12px; font-style: inherit; line-height: 19px; margin: 0px; outline: 0px; padding: 0px; vertical-align: baseline;\"><br \/><\/strong><\/a><a href=\"http:\/\/4.bp.blogspot.com\/-QozjKJt8FPQ\/UmhZj_a_mXI\/AAAAAAAAAPY\/1cJVsnp5HgI\/s1600\/20131018PHT22664_original.jpg\" style=\"clear: left; float: left; margin-bottom: 1em; margin-right: 1em;\"><strong style=\"border: 0px; color: #363636; font-family: inherit; font-size: 12px; font-style: inherit; line-height: 19px; margin: 0px; outline: 0px; padding: 0px; vertical-align: baseline;\"><br \/><\/strong><\/a><a href=\"http:\/\/4.bp.blogspot.com\/-QozjKJt8FPQ\/UmhZj_a_mXI\/AAAAAAAAAPY\/1cJVsnp5HgI\/s1600\/20131018PHT22664_original.jpg\" style=\"clear: left; float: left; margin-bottom: 1em; margin-right: 1em;\"><strong style=\"border: 0px; color: #363636; font-family: inherit; font-size: 12px; font-style: inherit; line-height: 19px; margin: 0px; outline: 0px; padding: 0px; vertical-align: baseline;\"><br \/><\/strong><\/a><a href=\"http:\/\/4.bp.blogspot.com\/-QozjKJt8FPQ\/UmhZj_a_mXI\/AAAAAAAAAPY\/1cJVsnp5HgI\/s1600\/20131018PHT22664_original.jpg\" style=\"clear: left; float: left; margin-bottom: 1em; margin-right: 1em;\"><strong style=\"border: 0px; color: #363636; font-family: inherit; font-size: 12px; font-style: inherit; line-height: 19px; margin: 0px; outline: 0px; padding: 0px; vertical-align: baseline;\">La Euroc\u00e1mara ha aprobado hoy un informe en el que pide la exclusi\u00f3n de los condenados por corrupci\u00f3n de las listas de candidatos a las elecciones europeas y nacionales de los Estados miembros. Adem\u00e1s, los diputados proponen a los pa\u00edses que retiren de cargos pol\u00edticos, directivos o administrativos a todas las personas culpables de dicho delito. Estas recomendaciones est\u00e1n incluidas en el informe final de la comisi\u00f3n especial sobre Delincuencia Organizada, Corrupci\u00f3n y Blanqueo de Dinero.<\/strong><\/a><\/div>\n<div style=\"clear: both; text-align: center;\"><a href=\"http:\/\/1.bp.blogspot.com\/-QozjKJt8FPQ\/UmhZj_a_mXI\/AAAAAAAAAPc\/E5Ss6Qbeho0\/s1600\/20131018PHT22664_original.jpg\" style=\"margin-left: 1em; margin-right: 1em;\"><img loading=\"lazy\" decoding=\"async\" border=\"0\" height=\"133\" src=\"http:\/\/1.bp.blogspot.com\/-QozjKJt8FPQ\/UmhZj_a_mXI\/AAAAAAAAAPc\/E5Ss6Qbeho0\/s200\/20131018PHT22664_original.jpg\" width=\"200\" \/><\/a><\/div>\n<div style=\"background-color: white; border: 0px; color: #363636; font-family: Arial, Helvetica, sans-serif; font-size: 12px; line-height: 19px; padding: 0px; position: relative; vertical-align: baseline;\">Los eurodiputados rechazan que personas con una sentencia condenatoria firme por delincuencia organizada, blanqueo de dinero o corrupci\u00f3n pueda presentarse a unas elecciones en la UE y pide a los Estados miembros que introduzcan normas para la retirada de los cargos de las personas condenadas. Adem\u00e1s, reclaman una mayor transparencia en los presupuestos de los partidos y sanciones disuasorias en caso de violaciones de la ley de financiaci\u00f3n.<\/div>\n<div style=\"background-color: white; border: 0px; color: #363636; font-family: Arial, Helvetica, sans-serif; font-size: 12px; line-height: 19px; padding: 0px; position: relative; vertical-align: baseline;\"><\/div>\n<p><a name='more'><\/a><\/p>\n<div style=\"background-color: white; border: 0px; color: #363636; font-family: Arial, Helvetica, sans-serif; font-size: 12px; line-height: 19px; padding: 0px; position: relative; vertical-align: baseline;\">Estas medias forman parte de un paquete de recomendaciones sobre la lucha contra la delincuencia organizada, la corrupci\u00f3n y el blanqueo de dinero, aprobado con 526 votos a favor, 25 en contra y 87 abstenciones.<\/div>\n<div style=\"background-color: white; border: 0px; color: #363636; font-family: Arial, Helvetica, sans-serif; font-size: 12px; line-height: 19px; padding: 0px; position: relative; vertical-align: baseline;\">El ponente Salvatore Iacolino (PPE, Italia) advirti\u00f3 durante el debate que \u00abel problema tiene una dimensi\u00f3n mundial\u00bb. En este sentido, afirm\u00f3 que esta resoluci\u00f3n supone \u00abuna lista de acciones concretas para que se implementen durante el pr\u00f3ximo periodo legislativo\u00bb.<\/div>\n<p><br style=\"background-color: white; color: #363636; font-family: Arial, Helvetica, sans-serif; font-size: 12px; line-height: 19px;\" \/><\/p>\n<div style=\"background-color: white; border: 0px; color: #363636; font-family: Arial, Helvetica, sans-serif; font-size: 12px; line-height: 19px; padding: 0px; position: relative; vertical-align: baseline;\"><strong style=\"border: 0px; font-family: inherit; font-style: inherit; margin: 0px; outline: 0px; padding: 0px; vertical-align: baseline;\">Plan de acci\u00f3n comunitario<\/strong><\/div>\n<p><br style=\"background-color: white; color: #363636; font-family: Arial, Helvetica, sans-serif; font-size: 12px; line-height: 19px;\" \/><\/p>\n<div style=\"background-color: white; border: 0px; color: #363636; font-family: Arial, Helvetica, sans-serif; font-size: 12px; line-height: 19px; padding: 0px; position: relative; vertical-align: baseline;\">El Parlamento Europeo ha recomendado un plan de acci\u00f3n comunitario para el periodo 2014-2019, en el que plantea medidas para afrontar la delincuencia organizada, la corrupci\u00f3n y el blanqueo de dinero. Entre las prioridades destaca la confiscaci\u00f3n de los activos financieros de las redes de delincuencia y el bloqueo de sus fuentes de ingresos.<\/div>\n<p><br style=\"background-color: white; color: #363636; font-family: Arial, Helvetica, sans-serif; font-size: 12px; line-height: 19px;\" \/><\/p>\n<div style=\"background-color: white; border: 0px; color: #363636; font-family: Arial, Helvetica, sans-serif; font-size: 12px; line-height: 19px; padding: 0px; position: relative; vertical-align: baseline;\">Las cifras de la Europol revelan que actualmente existen 3.600 organizaciones criminales internacionales que operan dentro de la UE, de las cuales el 70 por ciento tiene miembros de diferentes pa\u00edses.<\/div>\n<p><br style=\"background-color: white; color: #363636; font-family: Arial, Helvetica, sans-serif; font-size: 12px; line-height: 19px;\" \/><\/p>\n<div style=\"background-color: white; border: 0px; color: #363636; font-family: Arial, Helvetica, sans-serif; font-size: 12px; line-height: 19px; padding: 0px; position: relative; vertical-align: baseline;\"><strong style=\"border: 0px; font-family: inherit; font-style: inherit; margin: 0px; outline: 0px; padding: 0px; vertical-align: baseline;\">Proteger las finanzas europeas<\/strong><\/div>\n<p><br style=\"background-color: white; color: #363636; font-family: Arial, Helvetica, sans-serif; font-size: 12px; line-height: 19px;\" \/><\/p>\n<div style=\"background-color: white; border: 0px; color: #363636; font-family: Arial, Helvetica, sans-serif; font-size: 12px; line-height: 19px; padding: 0px; position: relative; vertical-align: baseline;\">Los eurodiputados reiteraron su petici\u00f3n de crear una Fiscal\u00eda Europea para coordinar las investigaciones nacionales y combatir los cr\u00edmenes que afectan a los intereses financieros de la UE. Esta oficina debe estar equipada con los recursos humanos y financieros necesarios, subrayaron los parlamentarios.<\/div>\n<div style=\"background-color: white; border: 0px; color: #363636; font-family: Arial, Helvetica, sans-serif; font-size: 12px; line-height: 19px; padding: 0px; position: relative; vertical-align: baseline;\">La Oficina de Naciones Unidas contra la Droga y el Delito&nbsp;(UNODC, en ingl\u00e9s) estima que las actividades ilegales suponen el 3,6 por ciento del PIB mundial, mientras que la Comisi\u00f3n calcula que el da\u00f1o causado por la corrupci\u00f3n en la UE asciende a 120.000 millones de euros al a\u00f1o, lo que equivale al 1,1 por ciento del PIB de los Veintiocho.<\/div>\n<p><br style=\"background-color: white; color: #363636; font-family: Arial, Helvetica, sans-serif; font-size: 12px; line-height: 19px;\" \/><\/p>\n<div style=\"background-color: white; border: 0px; color: #363636; font-family: Arial, Helvetica, sans-serif; font-size: 12px; line-height: 19px; padding: 0px; position: relative; vertical-align: baseline;\"><strong style=\"border: 0px; font-family: inherit; font-style: inherit; margin: 0px; outline: 0px; padding: 0px; vertical-align: baseline;\">Combatir los recursos de las organizaciones delictivas<\/strong><\/div>\n<p><br style=\"background-color: white; color: #363636; font-family: Arial, Helvetica, sans-serif; font-size: 12px; line-height: 19px;\" \/><\/p>\n<div style=\"background-color: white; border: 0px; color: #363636; font-family: Arial, Helvetica, sans-serif; font-size: 12px; line-height: 19px; padding: 0px; position: relative; vertical-align: baseline;\">Los parlamentarios abogaron por suprimir el secreto bancario y la eliminaci\u00f3n de los para\u00edsos fiscales en la UE, con el objetivo de proteger los intereses financieros de la Uni\u00f3n. En este sentido, reclamaron que los bienes confiscados deben ser reutilizados para fines sociales.<\/div>\n<p><br style=\"background-color: white; color: #363636; font-family: Arial, Helvetica, sans-serif; font-size: 12px; line-height: 19px;\" \/><\/p>\n<div style=\"background-color: white; border: 0px; color: #363636; font-family: Arial, Helvetica, sans-serif; font-size: 12px; line-height: 19px; padding: 0px; position: relative; vertical-align: baseline;\"><strong style=\"border: 0px; font-family: inherit; font-style: inherit; margin: 0px; outline: 0px; padding: 0px; vertical-align: baseline;\">Erradicar la trata de personas<\/strong><\/div>\n<p><br style=\"background-color: white; color: #363636; font-family: Arial, Helvetica, sans-serif; font-size: 12px; line-height: 19px;\" \/><\/p>\n<div style=\"background-color: white; border: 0px; color: #363636; font-family: Arial, Helvetica, sans-serif; font-size: 12px; line-height: 19px; padding: 0px; position: relative; vertical-align: baseline;\">El Parlamento reclama sanciones m\u00e1s severas contra los traficantes de personas y mejorar la protecci\u00f3n de las v\u00edctimas, con vistas a erradicar la trata de seres humanos y el trabajo forzoso.<\/div>\n<p><br style=\"background-color: white; color: #363636; font-family: Arial, Helvetica, sans-serif; font-size: 12px; line-height: 19px;\" \/><\/p>\n<div style=\"background-color: white; border: 0px; color: #363636; font-family: Arial, Helvetica, sans-serif; font-size: 12px; line-height: 19px; padding: 0px; position: relative; vertical-align: baseline;\">La trata de seres humanos genera unos beneficios econ\u00f3micos estimados en 25.000 millones de euros al a\u00f1o y afecta a todos los Estados miembros. La Organizaci\u00f3n Internacional del Trabajo (OIT) eleva el n\u00famero total de trabajadores forzados en la UE a 880.00 personas, de las cuales 270.000 son v\u00edctimas de la explotaci\u00f3n sexual.<\/div>\n<p><br style=\"background-color: white; color: #363636; font-family: Arial, Helvetica, sans-serif; font-size: 12px; line-height: 19px;\" \/><\/p>\n<div style=\"background-color: white; border: 0px; color: #363636; font-family: Arial, Helvetica, sans-serif; font-size: 12px; line-height: 19px; padding: 0px; position: relative; vertical-align: baseline;\"><strong style=\"border: 0px; font-family: inherit; font-style: inherit; margin: 0px; outline: 0px; padding: 0px; vertical-align: baseline;\">Ama\u00f1o de partidos y la compra de votos<\/strong><\/div>\n<div style=\"background-color: white; border: 0px; color: #363636; font-family: Arial, Helvetica, sans-serif; font-size: 12px; line-height: 19px; padding: 0px; position: relative; vertical-align: baseline;\">El PE tambi\u00e9n quiere que el ama\u00f1o de los partidos deportivos est\u00e9 tipificado como delito penal, con sus debidas sanciones. Adem\u00e1s, pide que la compra de votos se considere como un delito, incluso en aquellos casos en donde los beneficios son intangibles.<\/div>\n<p><br style=\"background-color: white; color: #363636; font-family: Arial, Helvetica, sans-serif; font-size: 12px; line-height: 19px;\" \/><\/p>\n<div style=\"background-color: white; border: 0px; color: #363636; font-family: Arial, Helvetica, sans-serif; font-size: 12px; line-height: 19px; padding: 0px; position: relative; vertical-align: baseline;\"><strong style=\"border: 0px; font-family: inherit; font-style: inherit; margin: 0px; outline: 0px; padding: 0px; vertical-align: baseline;\">Contexto<\/strong><\/div>\n<p><br style=\"background-color: white; color: #363636; font-family: Arial, Helvetica, sans-serif; font-size: 12px; line-height: 19px;\" \/><\/p>\n<div style=\"background-color: white; border: 0px; color: #363636; font-family: Arial, Helvetica, sans-serif; font-size: 12px; line-height: 19px; padding: 0px; position: relative; vertical-align: baseline;\">La resoluci\u00f3n aprobada el mi\u00e9rcoles establece un plan de acci\u00f3n para el pr\u00f3ximo Parlamento, Comisi\u00f3n y Consejo, para dotar a la UE con los instrumentos necesarios para lucha en contra de la delincuencia organizada a nivel internacional, europeo y nacional. El texto fue redactado por la Comisi\u00f3n Especial sobre Delincuencia Organizada, Corrupci\u00f3n y Blanqueo de Dinero, formada en marzo de 2012 para evaluar el impacto de las actividades de tipo mafioso en la econom\u00eda y sociedad de la UE y elaborar recomendaciones.<\/div>\n<p><br style=\"background-color: white; color: #363636; font-family: Arial, Helvetica, sans-serif; font-size: 12px; line-height: 19px;\" \/><\/p>\n<div style=\"background-color: white; border: 0px; color: #363636; font-family: Arial, Helvetica, sans-serif; font-size: 12px; line-height: 19px; padding: 0px; position: relative; vertical-align: baseline;\"><em style=\"border: 0px; font-family: inherit; margin: 0px; outline: 0px; padding: 0px; vertical-align: baseline;\">Procedimiento: resoluci\u00f3n no legislativa<\/em><\/div>\n","protected":false},"excerpt":{"rendered":"<p>La Euroc\u00e1mara ha aprobado hoy un informe en el que pide la exclusi\u00f3n de los&#8230;<\/p>\n","protected":false},"author":2,"featured_media":0,"comment_status":"open","ping_status":"open","sticky":false,"template":"","format":"standard","meta":{"ngg_post_thumbnail":0,"footnotes":""},"categories":[1],"tags":[],"class_list":["post-273","post","type-post","status-publish","format-standard","hentry","category-hemeroteca"],"_links":{"self":[{"href":"https:\/\/aedecanarias.eu\/index.php?rest_route=\/wp\/v2\/posts\/273","targetHints":{"allow":["GET"]}}],"collection":[{"href":"https:\/\/aedecanarias.eu\/index.php?rest_route=\/wp\/v2\/posts"}],"about":[{"href":"https:\/\/aedecanarias.eu\/index.php?rest_route=\/wp\/v2\/types\/post"}],"author":[{"embeddable":true,"href":"https:\/\/aedecanarias.eu\/index.php?rest_route=\/wp\/v2\/users\/2"}],"replies":[{"embeddable":true,"href":"https:\/\/aedecanarias.eu\/index.php?rest_route=%2Fwp%2Fv2%2Fcomments&post=273"}],"version-history":[{"count":0,"href":"https:\/\/aedecanarias.eu\/index.php?rest_route=\/wp\/v2\/posts\/273\/revisions"}],"wp:attachment":[{"href":"https:\/\/aedecanarias.eu\/index.php?rest_route=%2Fwp%2Fv2%2Fmedia&parent=273"}],"wp:term":[{"taxonomy":"category","embeddable":true,"href":"https:\/\/aedecanarias.eu\/index.php?rest_route=%2Fwp%2Fv2%2Fcategories&post=273"},{"taxonomy":"post_tag","embeddable":true,"href":"https:\/\/aedecanarias.eu\/index.php?rest_route=%2Fwp%2Fv2%2Ftags&post=273"}],"curies":[{"name":"wp","href":"https:\/\/api.w.org\/{rel}","templated":true}]}}