{"id":270,"date":"2013-11-02T18:58:00","date_gmt":"2013-11-02T18:58:00","guid":{"rendered":"https:\/\/aedecanarias.eu\/schulz-afirma-que-somos-los-mas-ricos-y-podemos-hacer-mas-en-inmigracion-para-evitar-tragedias"},"modified":"2013-11-02T18:58:00","modified_gmt":"2013-11-02T18:58:00","slug":"schulz-afirma-que-somos-los-mas-ricos-y-podemos-hacer-mas-en-inmigracion-para-evitar-tragedias","status":"publish","type":"post","link":"https:\/\/aedecanarias.eu\/?p=270","title":{"rendered":"Schulz afirma que \u00absomos los m\u00e1s ricos y podemos hacer m\u00e1s\u00bb en inmigraci\u00f3n para evitar tragedias"},"content":{"rendered":"\n<div class=\"twitter-share\"><a href=\"https:\/\/twitter.com\/intent\/tweet?via=aedecanarias\" class=\"twitter-share-button\" data-size=\"large\">Twittear<\/a><\/div>\n<p><\/p>\n<div style=\"clear: both; text-align: center;\"><a href=\"http:\/\/1.bp.blogspot.com\/-Ohzy7X7LCx0\/UnVK6k5XtzI\/AAAAAAAAAP8\/ljK3LCrjuDQ\/s1600\/20131025PHT23102_original.jpg\" style=\"clear: left; float: left; margin-bottom: 1em; margin-right: 1em;\"><img loading=\"lazy\" decoding=\"async\" border=\"0\" height=\"133\" src=\"http:\/\/1.bp.blogspot.com\/-Ohzy7X7LCx0\/UnVK6k5XtzI\/AAAAAAAAAP8\/ljK3LCrjuDQ\/s200\/20131025PHT23102_original.jpg\" width=\"200\" \/><\/a><\/div>\n<div style=\"clear: both; text-align: center;\"><\/div>\n<div style=\"background-color: white; border: 0px; color: #363636; font-family: Arial, Helvetica, sans-serif; font-size: 12px; line-height: 19px; padding: 0px; position: relative; vertical-align: baseline;\"><strong style=\"border: 0px; font-family: inherit; font-style: inherit; margin: 0px; outline: 0px; padding: 0px; vertical-align: baseline;\">\u00abLampedusa se convirti\u00f3 en la expresi\u00f3n m\u00e1s gr\u00e1fica de una pol\u00edtica europea de asilo que est\u00e1 convirtiendo el Mediterr\u00e1neo en un cementerio\u00bb, espet\u00f3 este jueves Martin Schulz, Presidente del Parlamento Europeo, a los jefes de Estado o de Gobierno de los 28 pa\u00edses de la UE que esta semana celebran una cumbre en Bruselas. \u00abLampedusa debe convertirse en un punto de inflexi\u00f3n\u00bb, a\u00f1adi\u00f3, sobre la reciente tragedia que cost\u00f3 la vida a 360 inmigrantes frente a las costas de esta isla italiana.<\/strong><\/div>\n<p><span style=\"background-color: white; color: #363636; font-family: Arial, Helvetica, sans-serif; font-size: 12px; line-height: 19px;\"><span style=\"background-color: white; color: #363636; font-family: Arial, Helvetica, sans-serif; font-size: 12px; line-height: 19px;\"><\/span><br \/><a name='more'><\/a><br \/><\/span><br \/>\u00abEn los dos \u00faltimos decenios han muerto por lo menos veinte mil personas intentando alcanzar las costas de Europa\u00bb, subray\u00f3 Martin Schulz antes de apostillar: \u00abNo podemos tolerar que haya m\u00e1s muertes\u00bb. El Presidente de la Euroc\u00e1mara a\u00f1adi\u00f3 que \u00abel Parlamento Europeo se siente profundamente decepcionado\u00bb al ver que los Estados de la Uni\u00f3n Europea \u00abhacen o\u00eddos sordos a la exigencia de mayor flexibilidad\u00bb necesaria para gestionar los flujos migratorios de manera humana y eficaz.<br style=\"background-color: white; color: #363636; font-family: Arial, Helvetica, sans-serif; font-size: 12px; line-height: 19px;\" \/><\/p>\n<div style=\"background-color: white; border: 0px; color: #363636; font-family: Arial, Helvetica, sans-serif; font-size: 12px; line-height: 19px; padding: 0px; position: relative; vertical-align: baseline;\">\u00abPrestar apoyo a los pa\u00edses de la cuenca del Mediterr\u00e1neo para dar acogida a los refugiados y organizar un reparto adecuado entre los Estados miembros exige solidaridad europea, eso es lo que debe preocuparnos hoy\u00bb, continu\u00f3 Schulz. El Presidente del Parlamento lament\u00f3 que, sin embargo, apenas unos d\u00edas despu\u00e9s de la tragedia de Lampedusa, esta cuesti\u00f3n figurara en \u00abun punto del orden del d\u00eda que ustedes han puesto al final\u00bb de la cumbre.<\/p>\n<p><strong style=\"border: 0px; font-family: inherit; font-style: inherit; margin: 0px; outline: 0px; padding: 0px; vertical-align: baseline;\">Los m\u00e1s ricos del planeta<\/strong><\/p>\n<p>Schulz reclam\u00f3 que Europa act\u00fae de inmediato para ayudar a los que se juegan la vida en el mar, y tambi\u00e9n para que el sistema de inmigraci\u00f3n legal gestione el problema. \u00abNaturalmente, Europa no puede salvar ni acoger a todas las personas\u00bb, puntualiz\u00f3. \u00abPero somos el continente m\u00e1s rico del planeta y podemos hacer m\u00e1s, especialmente si actuamos juntos, si buscamos juntos las soluciones y si hacemos honor, juntos, a nuestra responsabilidad\u00bb, insisti\u00f3.<\/p>\n<p>El Parlamento Europeo reclam\u00f3 que Europa coordine sus esfuerzos y se inspire en la solidaridad y la responsabilidad, en el debate sobre pol\u00edtica de inmigraci\u00f3n celebrado este mi\u00e9rcoles durante la segunda sesi\u00f3n plenaria de octubre.<\/p><\/div>\n","protected":false},"excerpt":{"rendered":"<p>\u00abLampedusa se convirti\u00f3 en la expresi\u00f3n m\u00e1s gr\u00e1fica de una pol\u00edtica europea de asilo que&#8230;<\/p>\n","protected":false},"author":2,"featured_media":0,"comment_status":"open","ping_status":"open","sticky":false,"template":"","format":"standard","meta":{"ngg_post_thumbnail":0,"footnotes":""},"categories":[1],"tags":[],"class_list":["post-270","post","type-post","status-publish","format-standard","hentry","category-hemeroteca"],"_links":{"self":[{"href":"https:\/\/aedecanarias.eu\/index.php?rest_route=\/wp\/v2\/posts\/270","targetHints":{"allow":["GET"]}}],"collection":[{"href":"https:\/\/aedecanarias.eu\/index.php?rest_route=\/wp\/v2\/posts"}],"about":[{"href":"https:\/\/aedecanarias.eu\/index.php?rest_route=\/wp\/v2\/types\/post"}],"author":[{"embeddable":true,"href":"https:\/\/aedecanarias.eu\/index.php?rest_route=\/wp\/v2\/users\/2"}],"replies":[{"embeddable":true,"href":"https:\/\/aedecanarias.eu\/index.php?rest_route=%2Fwp%2Fv2%2Fcomments&post=270"}],"version-history":[{"count":0,"href":"https:\/\/aedecanarias.eu\/index.php?rest_route=\/wp\/v2\/posts\/270\/revisions"}],"wp:attachment":[{"href":"https:\/\/aedecanarias.eu\/index.php?rest_route=%2Fwp%2Fv2%2Fmedia&parent=270"}],"wp:term":[{"taxonomy":"category","embeddable":true,"href":"https:\/\/aedecanarias.eu\/index.php?rest_route=%2Fwp%2Fv2%2Fcategories&post=270"},{"taxonomy":"post_tag","embeddable":true,"href":"https:\/\/aedecanarias.eu\/index.php?rest_route=%2Fwp%2Fv2%2Ftags&post=270"}],"curies":[{"name":"wp","href":"https:\/\/api.w.org\/{rel}","templated":true}]}}